{"id":82321,"date":"2025-09-18T19:17:37","date_gmt":"2025-09-18T22:17:37","guid":{"rendered":"https:\/\/www.tvnovelas.com.br\/tvnews\/?p=82321"},"modified":"2025-09-18T19:17:37","modified_gmt":"2025-09-18T22:17:37","slug":"as-filhas-da-senhora-garcia-ofelia-apela-a-valeria-que-ajude-salvar-mar","status":"publish","type":"post","link":"https:\/\/www.tvnovelas.com.br\/tvnews\/as-filhas-da-senhora-garcia-ofelia-apela-a-valeria-que-ajude-salvar-mar\/","title":{"rendered":"As Filhas da Senhora Garcia: Of\u00e9lia apela a Val\u00e9ria que ajude salvar Mar"},"content":{"rendered":"<figure id=\"attachment_82322\" aria-describedby=\"caption-attachment-82322\" style=\"width: 728px\" class=\"wp-caption alignnone\"><img data-recalc-dims=\"1\" decoding=\"async\" class=\"wp-image-82322 size-full\" title=\"(Foto: Televisa\/SBT\/As Filhas da Senhora Garcia)\" src=\"https:\/\/i0.wp.com\/www.tvnovelas.com.br\/tvnews\/wp-content\/uploads\/2025\/09\/12035.jpg?resize=728%2C410&#038;ssl=1\" alt=\"Foto em As Filhas da Senhora Garcia: Of\u00e9lia apela a Val\u00e9ria que ajude salvar Mar\" width=\"728\" height=\"410\" srcset=\"https:\/\/i0.wp.com\/www.tvnovelas.com.br\/tvnews\/wp-content\/uploads\/2025\/09\/12035.jpg?w=728&amp;ssl=1 728w, https:\/\/i0.wp.com\/www.tvnovelas.com.br\/tvnews\/wp-content\/uploads\/2025\/09\/12035.jpg?resize=250%2C141&amp;ssl=1 250w\" sizes=\"(max-width: 728px) 100vw, 728px\" \/><figcaption id=\"caption-attachment-82322\" class=\"wp-caption-text\">As Filhas da Senhora Garcia: Of\u00e9lia apela a Val\u00e9ria que ajude salvar Mar<\/figcaption><\/figure>\n<p>No cap\u00edtulo de As Filhas da Senhora Garcia desta quinta, dia 18, Of\u00e9lia diz a Val\u00e9ria que, se Mar n\u00e3o quer v\u00ea-la, que n\u00e3o a obrigue, mas que precisam salv\u00e1-la de Paula, que essa mulher \u00e9 capaz de tudo para prejudicar Mar, e que est\u00e1 certa de que Paula destruiu o quadro de Cec\u00edlia.<\/p>\n<p>Confira o resumo do cap\u00edtulo de hoje:<\/p>\n<h2 style=\"color: #dc143c;\">Resumo de quinta-feira, 18 de setembro<\/h2>\n<p>Camila fica furiosa ao saber que Juan e Mar se encontraram. Susana garante que, por mais que Mar o procure, para Juan ela e o beb\u00ea s\u00e3o o mais importante. Paula pega o celular de Leonardo e envia para o celular dela o \u00e1udio que o Leonardo gravou do Artur desafiando Nicolas a fazer a Val\u00e9ria se apaixonar por ele. Of\u00e9lia diz a Val\u00e9ria que, se Mar n\u00e3o quer v\u00ea-la, que n\u00e3o a obrigue, mas que precisam salv\u00e1-la de Paula, que essa mulher \u00e9 capaz de tudo para prejudicar Mar, e que est\u00e1 certa de que Paula destruiu o quadro de Cec\u00edlia. Mar percebe que Val\u00e9ria discute com Paula, por isso pede que ela n\u00e3o volte mais para sua casa. Val\u00e9ria tenta mostrar que Paula est\u00e1 manipulando Mar para depois fazer-lhe mal. Mar responde que, se pensa que ela \u00e9 boba, est\u00e1 enganada, e que gra\u00e7as a Paula abriu os olhos. Camila reclama com Juan por ele ter se encontrado com Mar. Ele responde que foi s\u00f3 para deixar claro que, para ele, o importante \u00e9 ela e o beb\u00ea, e que nunca mais ver\u00e1 Mar. Val\u00e9ria diz a Artur que o ama tanto que ele mudou sua vida e teme estar sonhando. Artur assegura que tamb\u00e9m a ama e que nada vai separ\u00e1-los. Val\u00e9ria diz a Artur que levou sua m\u00e3e para morar com ela porque ela est\u00e1 mal, mas que conhece como ela \u00e9 e promete que n\u00e3o permitir\u00e1 que influencie seu relacionamento. Ele diz que, embora suas fam\u00edlias n\u00e3o se suportem, sempre estar\u00e1 ao lado dela e se beijam. Of\u00e9lia diz a Rocio que teve alguns contratempos e n\u00e3o p\u00f4de se comunicar com ela, mas que agora est\u00e1 morando com Val\u00e9ria e Artur a visita todos os dias, por isso ser\u00e1 f\u00e1cil conseguir algo para fazer um teste de DNA. Paula tenta manipular Lu\u00eds, e Leonardo a apoia para que ele pense que Artur e Nicolau n\u00e3o d\u00e3o aten\u00e7\u00e3o ao projeto da linha de roupas e que Val\u00e9ria \u00e9 uma improvisada. Lu\u00eds diz que tomar\u00e1 as medidas necess\u00e1rias para que isso n\u00e3o os afete. Camila diz a Susana que pensou que, casando-se com Juan, estariam sempre juntos, mas ele foi embora mais cedo. Susana responde que Juan tem que trabalhar o dobro porque o beb\u00ea chegar\u00e1 em breve e as despesas aumentar\u00e3o; al\u00e9m disso, no casamento, cada um tem suas ocupa\u00e7\u00f5es. Nicolau, furioso, diz a Artur e Val\u00e9ria que seu pai retirou o apoio deles e n\u00e3o ir\u00e1 ao evento por causa da impontualidade deles. Leonardo concorda com o pai e diz que, se n\u00e3o tirarem Val\u00e9ria, ele tamb\u00e9m n\u00e3o ir\u00e1. Artur e Nicolau dizem para ele ir embora porque n\u00e3o o precisam. Val\u00e9ria diz a Artur e Nicolau que vai provar para seu pai que pode dar conta do evento.<br \/>\n<!--FIM--><\/p>\n<div style=\"font-size: 120%;\"><h3>Confira tamb\u00e9m<\/h3>\r\n<a href=\"https:\/\/tvnovelas.com.br\/novelas\/\" rel=\"noopener\" target=\"_blank\"><strong>Todos os resumos de novelas<\/strong><\/a><\/br>\r\n<a href=\"https:\/\/www.tvnovelas.com.br\/tvnews\/\" rel=\"noopener\" target=\"_blank\"><strong>\u00daltimas not\u00edcias das novelas<\/strong><\/a><\/br>\r\n<a href=\"https:\/\/www.tvnovelas.com.br\/filmes\/\" target=\"_blank\" rel=\"noopener noreferrer\"><strong>Programa\u00e7\u00e3o de filmes na TV aberta<\/strong><\/a><\/br>\r\n<a href=\"https:\/\/caetenews.com.br\/semana\/filmes-da-globo-na-sessao-da-tarde-desta-semana\/\" target=\"_blank\" rel=\"noopener\"><strong>Confira os filmes da semana na Sess\u00e3o da Tarde<\/strong><\/a><\/br>\r\n<a href=\"https:\/\/classindportal.mj.gov.br\/consulta-filmes\" target=\"_blank\" rel=\"noopener\"><strong>Consulte a classifica\u00e7\u00e3o indicativa dos filmes e novelas<\/strong><\/a><\/br><\/div>\n","protected":false},"excerpt":{"rendered":"<p>As Filhas da Senhora Garcia: Of\u00e9lia apela a Val\u00e9ria que ajude salvar Mar&#8230; No cap\u00edtulo de As Filhas da Senhora Garcia desta quinta, dia 18, Of\u00e9lia diz a Val\u00e9ria&#8230;<\/p>\n","protected":false},"author":1,"featured_media":82322,"comment_status":"closed","ping_status":"closed","sticky":false,"template":"","format":"standard","meta":{"_uf_show_specific_survey":0,"_uf_disable_surveys":false,"_jetpack_memberships_contains_paid_content":false,"footnotes":"","_wp_rev_ctl_limit":""},"categories":[930],"tags":[931,64,13],"class_list":["post-82321","post","type-post","status-publish","format-standard","has-post-thumbnail","hentry","category-as-filhas-da-senhora-garcia","tag-as-filhas-da-senhora-garcia","tag-novelas","tag-sbt","wpcat-930-id"],"aioseo_notices":[],"jetpack_featured_media_url":"https:\/\/i0.wp.com\/www.tvnovelas.com.br\/tvnews\/wp-content\/uploads\/2025\/09\/12035.jpg?fit=728%2C410&ssl=1","jetpack_shortlink":"https:\/\/wp.me\/pdP2BO-lpL","jetpack_sharing_enabled":true,"_links":{"self":[{"href":"https:\/\/www.tvnovelas.com.br\/tvnews\/wp-json\/wp\/v2\/posts\/82321","targetHints":{"allow":["GET"]}}],"collection":[{"href":"https:\/\/www.tvnovelas.com.br\/tvnews\/wp-json\/wp\/v2\/posts"}],"about":[{"href":"https:\/\/www.tvnovelas.com.br\/tvnews\/wp-json\/wp\/v2\/types\/post"}],"author":[{"embeddable":true,"href":"https:\/\/www.tvnovelas.com.br\/tvnews\/wp-json\/wp\/v2\/users\/1"}],"replies":[{"embeddable":true,"href":"https:\/\/www.tvnovelas.com.br\/tvnews\/wp-json\/wp\/v2\/comments?post=82321"}],"version-history":[{"count":1,"href":"https:\/\/www.tvnovelas.com.br\/tvnews\/wp-json\/wp\/v2\/posts\/82321\/revisions"}],"predecessor-version":[{"id":82323,"href":"https:\/\/www.tvnovelas.com.br\/tvnews\/wp-json\/wp\/v2\/posts\/82321\/revisions\/82323"}],"wp:featuredmedia":[{"embeddable":true,"href":"https:\/\/www.tvnovelas.com.br\/tvnews\/wp-json\/wp\/v2\/media\/82322"}],"wp:attachment":[{"href":"https:\/\/www.tvnovelas.com.br\/tvnews\/wp-json\/wp\/v2\/media?parent=82321"}],"wp:term":[{"taxonomy":"category","embeddable":true,"href":"https:\/\/www.tvnovelas.com.br\/tvnews\/wp-json\/wp\/v2\/categories?post=82321"},{"taxonomy":"post_tag","embeddable":true,"href":"https:\/\/www.tvnovelas.com.br\/tvnews\/wp-json\/wp\/v2\/tags?post=82321"}],"curies":[{"name":"wp","href":"https:\/\/api.w.org\/{rel}","templated":true}]}}