{"id":82331,"date":"2025-09-19T08:35:52","date_gmt":"2025-09-19T11:35:52","guid":{"rendered":"https:\/\/www.tvnovelas.com.br\/tvnews\/?p=82331"},"modified":"2025-09-19T08:35:52","modified_gmt":"2025-09-19T11:35:52","slug":"eta-mundo-melhor-sandra-prepara-morte-do-barao-na-lua-de-mel","status":"publish","type":"post","link":"https:\/\/www.tvnovelas.com.br\/tvnews\/eta-mundo-melhor-sandra-prepara-morte-do-barao-na-lua-de-mel\/","title":{"rendered":"\u00cata Mundo Melhor!: Sandra prepara morte do bar\u00e3o na lua de mel"},"content":{"rendered":"<figure id=\"attachment_82332\" aria-describedby=\"caption-attachment-82332\" style=\"width: 726px\" class=\"wp-caption alignnone\"><img data-recalc-dims=\"1\" decoding=\"async\" class=\"wp-image-82332 size-full\" title=\"(Foto: TV Globo\/\u00cata Mundo Melhor!)\" src=\"https:\/\/i0.wp.com\/www.tvnovelas.com.br\/tvnews\/wp-content\/uploads\/2025\/09\/12036.jpg?resize=726%2C410&#038;ssl=1\" alt=\"Foto em \u00cata Mundo Melhor!: Sandra prepara morte do bar\u00e3o em lua de mel\" width=\"726\" height=\"410\" srcset=\"https:\/\/i0.wp.com\/www.tvnovelas.com.br\/tvnews\/wp-content\/uploads\/2025\/09\/12036.jpg?w=726&amp;ssl=1 726w, https:\/\/i0.wp.com\/www.tvnovelas.com.br\/tvnews\/wp-content\/uploads\/2025\/09\/12036.jpg?resize=250%2C141&amp;ssl=1 250w\" sizes=\"(max-width: 726px) 100vw, 726px\" \/><figcaption id=\"caption-attachment-82332\" class=\"wp-caption-text\">\u00cata Mundo Melhor!: Sandra prepara morte do bar\u00e3o em lua de mel<\/figcaption><\/figure>\n<p>Em \u00cata Mundo Melhor!, Sandra (Fl\u00e1via Alessandra) ressurgiu poderosa, em um castelo europeu, depois de fugir da pris\u00e3o no Brasil. Mesmo livre do dia a dia como presidi\u00e1ria, a loira est\u00e1 longe de dar fim a sua vida de crimes. Atualmente, ela mostrou que tem o plano de se casar com um bar\u00e3o para, depois, acabar com a vida do homem.<\/p>\n<p>Com a ajuda de In\u00eas (Joana Solnado), uma ladra que conheceu dando golpes na rua, Sandra se arruma para seu casamento com o rica\u00e7o.<\/p>\n<p>&#8220;Est\u00e1 tudo certo para depois do casamento? Nada pode dar errado, In\u00eas&#8221;, pergunta a noiva para a nova parceira.<\/p>\n<p>&#8220;A receita do livro que me deu est\u00e1 preparada&#8221;, garante In\u00eas.<\/p>\n<p>Sandra pede para averiguar, e In\u00eas mostra um pequeno frasco de vidro. A loira fica exultante ao perceber que seu plano est\u00e1 a um passo de dar certo:<\/p>\n<p>&#8220;Ap\u00f3s o meu casamento com o bar\u00e3o estarei livre e rica. Terei, enfim, tudo o que mere\u00e7o e sempre sonhei. Vamos, meu futuro ex-marido me aguarda. N\u00e3o vejo a hora de me tornar vi\u00fava.&#8221;<br \/>\n<!--FIM--><\/p>\n<h2>Sobre a novela:<\/h2>\n<p><a href=\"https:\/\/tvnovelas.com.br\/page2\/arquivo\/eta-mundo-melhor-a-volta-de-candinho-e-policarpo\/&quot;\" target=\"_blank\" rel=\"noopener\">\u00cata Mundo Melhor!: A volta de Candinho e Policarpo<\/a> (Sinopse)<br \/>\n<a href=\"https:\/\/pt.wikipedia.org\/wiki\/%C3%8Ata_Mundo_Melhor!\" target=\"_blank\" rel=\"noopener\">Sobre \u00cata Mundo Melhor!, na Wikipedia<\/a><\/p>\n<div style=\"font-size: 120%;\"><h3>Confira tamb\u00e9m<\/h3>\r\n<a href=\"https:\/\/tvnovelas.com.br\/novelas\/\" rel=\"noopener\" target=\"_blank\"><strong>Todos os resumos de novelas<\/strong><\/a><\/br>\r\n<a href=\"https:\/\/www.tvnovelas.com.br\/tvnews\/\" rel=\"noopener\" target=\"_blank\"><strong>\u00daltimas not\u00edcias das novelas<\/strong><\/a><\/br>\r\n<a href=\"https:\/\/www.tvnovelas.com.br\/filmes\/\" target=\"_blank\" rel=\"noopener noreferrer\"><strong>Programa\u00e7\u00e3o de filmes na TV aberta<\/strong><\/a><\/br>\r\n<a href=\"https:\/\/caetenews.com.br\/semana\/filmes-da-globo-na-sessao-da-tarde-desta-semana\/\" target=\"_blank\" rel=\"noopener\"><strong>Confira os filmes da semana na Sess\u00e3o da Tarde<\/strong><\/a><\/br>\r\n<a href=\"https:\/\/classindportal.mj.gov.br\/consulta-filmes\" target=\"_blank\" rel=\"noopener\"><strong>Consulte a classifica\u00e7\u00e3o indicativa dos filmes e novelas<\/strong><\/a><\/br><\/div>\n","protected":false},"excerpt":{"rendered":"<p>\u00cata Mundo Melhor!: Sandra prepara morte do bar\u00e3o em lua de mel&#8230; Em \u00cata Mundo Melhor!, Sandra (Fl\u00e1via Alessandra) ressurgiu poderosa&#8230;<\/p>\n","protected":false},"author":1,"featured_media":82332,"comment_status":"closed","ping_status":"closed","sticky":false,"template":"","format":"standard","meta":{"_uf_show_specific_survey":0,"_uf_disable_surveys":false,"_jetpack_memberships_contains_paid_content":false,"footnotes":"","_wp_rev_ctl_limit":""},"categories":[920],"tags":[999,921,5,64],"class_list":["post-82331","post","type-post","status-publish","format-standard","has-post-thumbnail","hentry","category-eta-mundo-melhor","tag-eta","tag-eta-mundo-melhor","tag-globo","tag-novelas","wpcat-920-id"],"aioseo_notices":[],"jetpack_featured_media_url":"https:\/\/i0.wp.com\/www.tvnovelas.com.br\/tvnews\/wp-content\/uploads\/2025\/09\/12036.jpg?fit=726%2C410&ssl=1","jetpack_shortlink":"https:\/\/wp.me\/pdP2BO-lpV","jetpack_sharing_enabled":true,"_links":{"self":[{"href":"https:\/\/www.tvnovelas.com.br\/tvnews\/wp-json\/wp\/v2\/posts\/82331","targetHints":{"allow":["GET"]}}],"collection":[{"href":"https:\/\/www.tvnovelas.com.br\/tvnews\/wp-json\/wp\/v2\/posts"}],"about":[{"href":"https:\/\/www.tvnovelas.com.br\/tvnews\/wp-json\/wp\/v2\/types\/post"}],"author":[{"embeddable":true,"href":"https:\/\/www.tvnovelas.com.br\/tvnews\/wp-json\/wp\/v2\/users\/1"}],"replies":[{"embeddable":true,"href":"https:\/\/www.tvnovelas.com.br\/tvnews\/wp-json\/wp\/v2\/comments?post=82331"}],"version-history":[{"count":1,"href":"https:\/\/www.tvnovelas.com.br\/tvnews\/wp-json\/wp\/v2\/posts\/82331\/revisions"}],"predecessor-version":[{"id":82333,"href":"https:\/\/www.tvnovelas.com.br\/tvnews\/wp-json\/wp\/v2\/posts\/82331\/revisions\/82333"}],"wp:featuredmedia":[{"embeddable":true,"href":"https:\/\/www.tvnovelas.com.br\/tvnews\/wp-json\/wp\/v2\/media\/82332"}],"wp:attachment":[{"href":"https:\/\/www.tvnovelas.com.br\/tvnews\/wp-json\/wp\/v2\/media?parent=82331"}],"wp:term":[{"taxonomy":"category","embeddable":true,"href":"https:\/\/www.tvnovelas.com.br\/tvnews\/wp-json\/wp\/v2\/categories?post=82331"},{"taxonomy":"post_tag","embeddable":true,"href":"https:\/\/www.tvnovelas.com.br\/tvnews\/wp-json\/wp\/v2\/tags?post=82331"}],"curies":[{"name":"wp","href":"https:\/\/api.w.org\/{rel}","templated":true}]}}