{"id":82346,"date":"2025-09-19T09:04:19","date_gmt":"2025-09-19T12:04:19","guid":{"rendered":"https:\/\/www.tvnovelas.com.br\/tvnews\/?p=82346"},"modified":"2025-09-19T09:04:19","modified_gmt":"2025-09-19T12:04:19","slug":"vale-tudo-odete-arma-novo-plano-para-eliminar-marco-aurelio","status":"publish","type":"post","link":"https:\/\/www.tvnovelas.com.br\/tvnews\/vale-tudo-odete-arma-novo-plano-para-eliminar-marco-aurelio\/","title":{"rendered":"Vale Tudo: Odete arma novo plano para eliminar Marco Aur\u00e9lio"},"content":{"rendered":"<figure id=\"attachment_82347\" aria-describedby=\"caption-attachment-82347\" style=\"width: 728px\" class=\"wp-caption alignnone\"><img data-recalc-dims=\"1\" decoding=\"async\" class=\"wp-image-82347 size-full\" title=\"(Foto: TV Globo\/Vale Tudo)\" src=\"https:\/\/i0.wp.com\/www.tvnovelas.com.br\/tvnews\/wp-content\/uploads\/2025\/09\/12038.jpg?resize=728%2C410&#038;ssl=1\" alt=\"Foto em Vale Tudo: Odete arma novo plano para eliminar Marco Aur\u00e9lio\" width=\"728\" height=\"410\" srcset=\"https:\/\/i0.wp.com\/www.tvnovelas.com.br\/tvnews\/wp-content\/uploads\/2025\/09\/12038.jpg?w=728&amp;ssl=1 728w, https:\/\/i0.wp.com\/www.tvnovelas.com.br\/tvnews\/wp-content\/uploads\/2025\/09\/12038.jpg?resize=250%2C141&amp;ssl=1 250w\" sizes=\"(max-width: 728px) 100vw, 728px\" \/><figcaption id=\"caption-attachment-82347\" class=\"wp-caption-text\">Vale Tudo: Odete arma novo plano para eliminar Marco Aur\u00e9lio<\/figcaption><\/figure>\n<p>E o clima de bang-bang entre Odete Roitman (Debora Bloch) e Marco Aur\u00e9lio (Alexandre Nero) n\u00e3o para! E, mais uma vez, a empres\u00e1ria tentar\u00e1 matar o vice-presidente da TCA. Por\u00e9m, ela ter\u00e1 um contratempo no meio do caminho.<\/p>\n<p>Ao perceber que o executivo toma um medicamento, Odete ir\u00e1 encomendar comprimidos manipulados para troc\u00e1-los com os de Marco Aur\u00e9lio. Mas C\u00e9sar (Cau\u00e3 Reymond) acabar\u00e1 entrando de inocente na hist\u00f3ria.<\/p>\n<p>E n\u00e3o para por a\u00ed. Freitas (Luis Lobianco) far\u00e1 uma proposta a um novo amigo: Eug\u00eanio (Lu\u00eds Sal\u00e9m)! O capacho de Marco Aur\u00e9lio tentar\u00e1 fazer uma alian\u00e7a com o mordo, que envolve um projeto no Nordeste.<br \/>\n<!--FIM--><br \/>\n<a href=\"https:\/\/wp.me\/pfspD2-oI\" target=\"_blank\" rel=\"noopener\">Vale Tudo: Invers\u00e3o de valores no final dos anos erdade1980<\/a> (Sinopse)<\/p>\n<div style=\"font-size: 120%;\"><h3>Confira tamb\u00e9m<\/h3>\r\n<a href=\"https:\/\/tvnovelas.com.br\/novelas\/\" rel=\"noopener\" target=\"_blank\"><strong>Todos os resumos de novelas<\/strong><\/a><\/br>\r\n<a href=\"https:\/\/www.tvnovelas.com.br\/tvnews\/\" rel=\"noopener\" target=\"_blank\"><strong>\u00daltimas not\u00edcias das novelas<\/strong><\/a><\/br>\r\n<a href=\"https:\/\/www.tvnovelas.com.br\/filmes\/\" target=\"_blank\" rel=\"noopener noreferrer\"><strong>Programa\u00e7\u00e3o de filmes na TV aberta<\/strong><\/a><\/br>\r\n<a href=\"https:\/\/caetenews.com.br\/semana\/filmes-da-globo-na-sessao-da-tarde-desta-semana\/\" target=\"_blank\" rel=\"noopener\"><strong>Confira os filmes da semana na Sess\u00e3o da Tarde<\/strong><\/a><\/br>\r\n<a href=\"https:\/\/classindportal.mj.gov.br\/consulta-filmes\" target=\"_blank\" rel=\"noopener\"><strong>Consulte a classifica\u00e7\u00e3o indicativa dos filmes e novelas<\/strong><\/a><\/br><\/div>\n","protected":false},"excerpt":{"rendered":"<p>Vale Tudo: Odete arma novo plano para eliminar Marco Aur\u00e9lio&#8230; E o clima de bang-bang entre Odete Roitman (Debora Bloch) e Marco Aur\u00e9lio&#8230;<\/p>\n","protected":false},"author":1,"featured_media":82347,"comment_status":"closed","ping_status":"closed","sticky":false,"template":"","format":"standard","meta":{"_uf_show_specific_survey":0,"_uf_disable_surveys":false,"_jetpack_memberships_contains_paid_content":false,"footnotes":"","_wp_rev_ctl_limit":""},"categories":[922],"tags":[5,64,801],"class_list":["post-82346","post","type-post","status-publish","format-standard","has-post-thumbnail","hentry","category-valor-da-vida","tag-globo","tag-novelas","tag-vale-tudo","wpcat-922-id"],"aioseo_notices":[],"jetpack_featured_media_url":"https:\/\/i0.wp.com\/www.tvnovelas.com.br\/tvnews\/wp-content\/uploads\/2025\/09\/12038.jpg?fit=728%2C410&ssl=1","jetpack_shortlink":"https:\/\/wp.me\/pdP2BO-lqa","jetpack_sharing_enabled":true,"_links":{"self":[{"href":"https:\/\/www.tvnovelas.com.br\/tvnews\/wp-json\/wp\/v2\/posts\/82346","targetHints":{"allow":["GET"]}}],"collection":[{"href":"https:\/\/www.tvnovelas.com.br\/tvnews\/wp-json\/wp\/v2\/posts"}],"about":[{"href":"https:\/\/www.tvnovelas.com.br\/tvnews\/wp-json\/wp\/v2\/types\/post"}],"author":[{"embeddable":true,"href":"https:\/\/www.tvnovelas.com.br\/tvnews\/wp-json\/wp\/v2\/users\/1"}],"replies":[{"embeddable":true,"href":"https:\/\/www.tvnovelas.com.br\/tvnews\/wp-json\/wp\/v2\/comments?post=82346"}],"version-history":[{"count":1,"href":"https:\/\/www.tvnovelas.com.br\/tvnews\/wp-json\/wp\/v2\/posts\/82346\/revisions"}],"predecessor-version":[{"id":82348,"href":"https:\/\/www.tvnovelas.com.br\/tvnews\/wp-json\/wp\/v2\/posts\/82346\/revisions\/82348"}],"wp:featuredmedia":[{"embeddable":true,"href":"https:\/\/www.tvnovelas.com.br\/tvnews\/wp-json\/wp\/v2\/media\/82347"}],"wp:attachment":[{"href":"https:\/\/www.tvnovelas.com.br\/tvnews\/wp-json\/wp\/v2\/media?parent=82346"}],"wp:term":[{"taxonomy":"category","embeddable":true,"href":"https:\/\/www.tvnovelas.com.br\/tvnews\/wp-json\/wp\/v2\/categories?post=82346"},{"taxonomy":"post_tag","embeddable":true,"href":"https:\/\/www.tvnovelas.com.br\/tvnews\/wp-json\/wp\/v2\/tags?post=82346"}],"curies":[{"name":"wp","href":"https:\/\/api.w.org\/{rel}","templated":true}]}}