{"id":82351,"date":"2025-09-19T09:49:56","date_gmt":"2025-09-19T12:49:56","guid":{"rendered":"https:\/\/www.tvnovelas.com.br\/tvnews\/?p=82351"},"modified":"2025-09-19T13:14:18","modified_gmt":"2025-09-19T16:14:18","slug":"as-filhas-da-senhora-garcia-paula-se-vinga-expondo-valeria-durante-desfile","status":"publish","type":"post","link":"https:\/\/www.tvnovelas.com.br\/tvnews\/as-filhas-da-senhora-garcia-paula-se-vinga-expondo-valeria-durante-desfile\/","title":{"rendered":"As Filhas da Senhora Garcia: Paula se vinga expondo Val\u00e9ria durante desfile"},"content":{"rendered":"<figure id=\"attachment_82352\" aria-describedby=\"caption-attachment-82352\" style=\"width: 728px\" class=\"wp-caption alignnone\"><img data-recalc-dims=\"1\" decoding=\"async\" class=\"wp-image-82352 size-full\" title=\"(Foto: Televisa\/SBT\/As Filhas da Senhora Garcia)\" src=\"https:\/\/i0.wp.com\/www.tvnovelas.com.br\/tvnews\/wp-content\/uploads\/2025\/09\/12039.jpg?resize=728%2C409&#038;ssl=1\" alt=\"Foto em As Filhas da Senhora Garcia: Paula se vinga expondo Val\u00e9ria durante desfile\" width=\"728\" height=\"409\" srcset=\"https:\/\/i0.wp.com\/www.tvnovelas.com.br\/tvnews\/wp-content\/uploads\/2025\/09\/12039.jpg?w=728&amp;ssl=1 728w, https:\/\/i0.wp.com\/www.tvnovelas.com.br\/tvnews\/wp-content\/uploads\/2025\/09\/12039.jpg?resize=250%2C140&amp;ssl=1 250w\" sizes=\"(max-width: 728px) 100vw, 728px\" \/><figcaption id=\"caption-attachment-82352\" class=\"wp-caption-text\">As Filhas da Senhora Garcia: Paula se vinga expondo Val\u00e9ria durante desfile<\/figcaption><\/figure>\n<p>No cap\u00edtulo de As Filhas da Senhora Garcia desta sexta, dia 19, Na apresenta\u00e7\u00e3o da linha de roupas, Val\u00e9ria est\u00e1 nervosa por ter que desfilar, mas agradece a Nicol\u00e1s e Arturo pelo apoio.<\/p>\n<p>Na apresenta\u00e7\u00e3o, Nicolau e Artur agradecem a todos pela presen\u00e7a no evento e apresentam Valeria como o rosto da marca &#8216;MomentumWear Sport&#8217;.<\/p>\n<p>No entanto, durante um v\u00eddeo dos bastidores, ouve-se uma grava\u00e7\u00e3o de \u00e1udio de conversa gravada por Leonardo, onde Artur desafia Nicolau a fazer Val\u00e9ria se apaixonar por ele. Ao ouvir a grava\u00e7\u00e3o, Lu\u00eds fica furioso e reclama com Leonardo.<\/p>\n<p>Lu\u00eds diz a Mar que Val\u00e9ria \u00e9 muito inteligente, mas que os filhos v\u00e3o ouvi-lo por brincar com a empresa dele. Lu\u00eds, furioso, chama Leonardo de traidor por expor os irm\u00e3os para subir na empresa. Lu\u00eds diz que ele n\u00e3o deveria ter gravado e que est\u00e1 muito decepcionado.<\/p>\n<p>Artur tenta explicar para Val\u00e9ria como foram as coisas, mas ela diz que ganhou, que v\u00e1 buscar seu pr\u00eamio e que nunca mais volte a procur\u00e1-la.<\/p>\n<p>Of\u00e9lia diz a Mar que a humilha\u00e7\u00e3o que fizeram com Val\u00e9ria foi feita pela mesma pessoa que a culpou pelo que aconteceu com o quadro. Leonardo, furioso, diz a Paula que o pai est\u00e1 muito bravo com ele.<\/p>\n<p>Paula responde que fez isso para dar uma li\u00e7\u00e3o aos irm\u00e3os e a Val\u00e9ria. Lu\u00eds diz aos filhos que eles ridicularizaram o nome da empresa e prefere vend\u00ea-la antes de coloc\u00e1-la nas m\u00e3os deles, e que est\u00e3o demitidos.<\/p>\n<p>Confira o resumo do cap\u00edtulo de hoje:<\/p>\n<h2 style=\"color: #dc143c;\">Resumo de sexta-feira, 19 de setembro<\/h2>\n<p>Na apresenta\u00e7\u00e3o da linha de roupas, Paula ordena que coloquem a conversa gravada por Leonardo, onde Artur desafia Nicolau a fazer Val\u00e9ria se apaixonar por ele. Ao ouvir a grava\u00e7\u00e3o, Lu\u00eds fica furioso e reclama com Leonardo. Camila diz a Juan que Val\u00e9ria merece isso, mas est\u00e1 envolvendo a fam\u00edlia dele. Juan responde que d\u00e1 para ver que Val\u00e9ria fez o maior esfor\u00e7o. Val\u00e9ria pega o microfone para dirigir algumas palavras aos presentes no evento e \u00e0 imprensa, e \u00e9 ovacionada. Jacinto diz a Susana que est\u00e1 contente com a chegada do neto, mas que Juan e Camila n\u00e3o est\u00e3o apaixonados, e isso pode afetar o beb\u00ea. Susana responde que para isso ele tem os av\u00f3s que v\u00e3o am\u00e1-lo. Lu\u00eds diz a Mar que Val\u00e9ria \u00e9 muito inteligente, mas que os filhos v\u00e3o ouvi-lo por brincar com a empresa dele. Lu\u00eds, furioso, chama Leonardo de traidor por expor os irm\u00e3os para subir na empresa. Leonardo garante que n\u00e3o teve nada a ver e que seu celular foi perdido. Lu\u00eds diz que ele n\u00e3o deveria ter gravado e que est\u00e1 muito decepcionado. Artur tenta explicar para Val\u00e9ria como foram as coisas, mas ela diz que ganhou, que v\u00e1 buscar seu pr\u00eamio e que nunca mais volte a procur\u00e1-la. Of\u00e9lia diz a Mar que a humilha\u00e7\u00e3o que fizeram com Val\u00e9ria foi feita pela mesma pessoa que a culpou pelo que aconteceu com o quadro. Leonardo, furioso, diz a Paula que o pai est\u00e1 muito bravo com ele. Paula responde que fez isso para dar uma li\u00e7\u00e3o aos irm\u00e3os e a Val\u00e9ria. Lu\u00eds diz aos filhos que eles ridicularizaram o nome da empresa e prefere vend\u00ea-la antes de coloc\u00e1-la nas m\u00e3os deles, e que est\u00e3o demitidos.<br \/>\n<!--FIM--><\/p>\n<div style=\"font-size: 120%;\"><h3>Confira tamb\u00e9m<\/h3>\r\n<a href=\"https:\/\/tvnovelas.com.br\/novelas\/\" rel=\"noopener\" target=\"_blank\"><strong>Todos os resumos de novelas<\/strong><\/a><\/br>\r\n<a href=\"https:\/\/www.tvnovelas.com.br\/tvnews\/\" rel=\"noopener\" target=\"_blank\"><strong>\u00daltimas not\u00edcias das novelas<\/strong><\/a><\/br>\r\n<a href=\"https:\/\/www.tvnovelas.com.br\/filmes\/\" target=\"_blank\" rel=\"noopener noreferrer\"><strong>Programa\u00e7\u00e3o de filmes na TV aberta<\/strong><\/a><\/br>\r\n<a href=\"https:\/\/caetenews.com.br\/semana\/filmes-da-globo-na-sessao-da-tarde-desta-semana\/\" target=\"_blank\" rel=\"noopener\"><strong>Confira os filmes da semana na Sess\u00e3o da Tarde<\/strong><\/a><\/br>\r\n<a href=\"https:\/\/classindportal.mj.gov.br\/consulta-filmes\" target=\"_blank\" rel=\"noopener\"><strong>Consulte a classifica\u00e7\u00e3o indicativa dos filmes e novelas<\/strong><\/a><\/br><\/div>\n","protected":false},"excerpt":{"rendered":"<p>As Filhas da Senhora Garcia: Paula se vinga expondo Val\u00e9ria durante desfile&#8230; No cap\u00edtulo de As Filhas da Senhora Garcia desta sexta, dia 19, na apresenta\u00e7\u00e3o&#8230;<\/p>\n","protected":false},"author":1,"featured_media":82352,"comment_status":"closed","ping_status":"closed","sticky":false,"template":"","format":"standard","meta":{"_uf_show_specific_survey":0,"_uf_disable_surveys":false,"_jetpack_memberships_contains_paid_content":false,"footnotes":"","_wp_rev_ctl_limit":""},"categories":[353],"tags":[931,64,13],"class_list":["post-82351","post","type-post","status-publish","format-standard","has-post-thumbnail","hentry","category-resumos-de-novelas","tag-as-filhas-da-senhora-garcia","tag-novelas","tag-sbt","wpcat-353-id"],"aioseo_notices":[],"jetpack_featured_media_url":"https:\/\/i0.wp.com\/www.tvnovelas.com.br\/tvnews\/wp-content\/uploads\/2025\/09\/12039.jpg?fit=728%2C409&ssl=1","jetpack_shortlink":"https:\/\/wp.me\/pdP2BO-lqf","jetpack_sharing_enabled":true,"_links":{"self":[{"href":"https:\/\/www.tvnovelas.com.br\/tvnews\/wp-json\/wp\/v2\/posts\/82351","targetHints":{"allow":["GET"]}}],"collection":[{"href":"https:\/\/www.tvnovelas.com.br\/tvnews\/wp-json\/wp\/v2\/posts"}],"about":[{"href":"https:\/\/www.tvnovelas.com.br\/tvnews\/wp-json\/wp\/v2\/types\/post"}],"author":[{"embeddable":true,"href":"https:\/\/www.tvnovelas.com.br\/tvnews\/wp-json\/wp\/v2\/users\/1"}],"replies":[{"embeddable":true,"href":"https:\/\/www.tvnovelas.com.br\/tvnews\/wp-json\/wp\/v2\/comments?post=82351"}],"version-history":[{"count":1,"href":"https:\/\/www.tvnovelas.com.br\/tvnews\/wp-json\/wp\/v2\/posts\/82351\/revisions"}],"predecessor-version":[{"id":82353,"href":"https:\/\/www.tvnovelas.com.br\/tvnews\/wp-json\/wp\/v2\/posts\/82351\/revisions\/82353"}],"wp:featuredmedia":[{"embeddable":true,"href":"https:\/\/www.tvnovelas.com.br\/tvnews\/wp-json\/wp\/v2\/media\/82352"}],"wp:attachment":[{"href":"https:\/\/www.tvnovelas.com.br\/tvnews\/wp-json\/wp\/v2\/media?parent=82351"}],"wp:term":[{"taxonomy":"category","embeddable":true,"href":"https:\/\/www.tvnovelas.com.br\/tvnews\/wp-json\/wp\/v2\/categories?post=82351"},{"taxonomy":"post_tag","embeddable":true,"href":"https:\/\/www.tvnovelas.com.br\/tvnews\/wp-json\/wp\/v2\/tags?post=82351"}],"curies":[{"name":"wp","href":"https:\/\/api.w.org\/{rel}","templated":true}]}}