{"id":82361,"date":"2025-09-19T11:59:38","date_gmt":"2025-09-19T14:59:38","guid":{"rendered":"https:\/\/www.tvnovelas.com.br\/tvnews\/?p=82361"},"modified":"2025-09-19T15:51:56","modified_gmt":"2025-09-19T18:51:56","slug":"o-que-vem-em-eta-mundo-melhor-na-semana-22-a-27-9","status":"publish","type":"post","link":"https:\/\/www.tvnovelas.com.br\/tvnews\/o-que-vem-em-eta-mundo-melhor-na-semana-22-a-27-9\/","title":{"rendered":"O que vem em \u00cata Mundo Melhor! na semana 22 a 27\/9"},"content":{"rendered":"<div style=\"background-color: #eeeeee; border-style: solid; border-width: 0px 0px 10px 0px; solid green; border-radius: 30px; padding: 10px; font-size: 125%; text-align: justify;\">.<\/p>\n<p><figure id=\"attachment_82363\" aria-describedby=\"caption-attachment-82363\" style=\"width: 728px\" class=\"wp-caption aligncenter\"><img data-recalc-dims=\"1\" decoding=\"async\" class=\"wp-image-82363 size-full\" title=\"(Foto: TV Globo\/\u00cata Mundo Melhor!)\" src=\"https:\/\/i0.wp.com\/www.tvnovelas.com.br\/tvnews\/wp-content\/uploads\/2025\/09\/12041.jpg?resize=728%2C410&#038;ssl=1\" alt=\"Foto em O que vem em \u00cata Mundo Melhor! na semana 22 a 27\/9\" width=\"728\" height=\"410\" srcset=\"https:\/\/i0.wp.com\/www.tvnovelas.com.br\/tvnews\/wp-content\/uploads\/2025\/09\/12041.jpg?w=728&amp;ssl=1 728w, https:\/\/i0.wp.com\/www.tvnovelas.com.br\/tvnews\/wp-content\/uploads\/2025\/09\/12041.jpg?resize=250%2C141&amp;ssl=1 250w\" sizes=\"(max-width: 728px) 100vw, 728px\" \/><figcaption id=\"caption-attachment-82363\" class=\"wp-caption-text\">O que vem em \u00cata Mundo Melhor! na semana 22 a 27\/9<\/figcaption><\/figure><br \/>\n<strong style=\"color: #9112bc;\">Nos pr\u00f3ximos cap\u00edtulos de \u00cata Mundo Melhor, <\/strong><span style=\"color: #9112bc; font-size: 110%;\">Carmem procura Zulma e reconhece Samir; Candinho conta a Samir que pediu para Sabi\u00e1 investigar o paradeiro de seu pai; Candinho abra\u00e7a Dita, e Manoela os repreende; Zulma beija Candinho, e Dita flagra os dois; Estela expulsa Celso de sua casa&#8230;<\/span><\/div>\n<h2 style=\"color: #9112bc;\">Resumo de segunda-feira, 22 de setembro<\/h2>\n<p>Padre Lucas diz a Candinho que Dita, sendo uma mulher desquitada, n\u00e3o poder\u00e1 se casar novamente. Carmem percebe que pode chantagear Estela. S\u00f4nia pede demiss\u00e3o do dancing. Mirtes conta a Tamires que ajudar\u00e1 Ernesto a encontrar Paix\u00e3o. Quincas pede que S\u00f4nia se mude com ele para o s\u00edtio. Dita revela a Manoela que se mudar\u00e1 para a casa de Candinho com Joaquim. Cunegundes sonha em enriquecer com o mapa das esmeraldas, e Quinzinho alerta sobre Adr\u00fabal. Maria Divina cobra sua esmeralda de Medeia. Carmem procura Zulma e reconhece Samir.<\/p>\n<h2 style=\"color: #9112bc;\">Resumo de ter\u00e7a-feira, 23 de setembro<\/h2>\n<p>Zulma abriga Carmem para n\u00e3o ser chantageada. Dita e Joaquim deixam a pens\u00e3o de Margarida, e Quincas anuncia que voltar\u00e1 para o s\u00edtio. Carmem diz a Zulma que ela se apaixonar\u00e1 por um homem que gosta de outra. Celso afirma a Olga e Ara\u00fajo que fechou seu cora\u00e7\u00e3o para o amor. Anabela presenteia Estela por seu anivers\u00e1rio. Margarida diz a Hayd\u00e9e que L\u00facio afirma n\u00e3o ser seu pai. Cunegundes garante a Asdr\u00fabal que comprar\u00e1 o s\u00edtio de Candinho de volta. Candinho conta a Samir que pediu para Sabi\u00e1 investigar o paradeiro de seu pai. Simb\u00e1 consegue afastar Aladim de Anabela. Dirce hesita em receber Joaquim em sua escola, por se tratar do filho de uma mulher desquitada. Candinho e Samir garantem a Celso que encontrar\u00e3o o pai do menino.<\/p>\n<h2 style=\"color: #9112bc;\">Resumo de quarta-feira, 24 de setembro<\/h2>\n<p>Celso fica aflito com a determina\u00e7\u00e3o de Candinho e Samir. Dita sofre com as dificuldades que encontra para se reorganizar. Paix\u00e3o pede ajuda a L\u00facio apra encontrar Ernesto. O delegado anuncia que Ernesto ser\u00e1 transferido para a penitenci\u00e1ria. Tamires e Vermelho se irritam por n\u00e3o encontrar um bom cantor para o dancing. Carmem e Candinho se reencontram, e Zulma teme. Margarida pressiona L\u00facio sobre Hayd\u00e9e. Tobias alerta Lauro sobre as atitudes de S\u00f4nia. S\u00f4nia assume a Quincas que se apaixonou por Lauro. Anabela pede que Celso v\u00e1 ao jantar de anivers\u00e1rio de Estela. Medeia descobre sobre o mapa das esmeraldas. Candinho abra\u00e7a Dita, e Manoela os repreende.<\/p>\n<h2 style=\"color: #9112bc;\">Resumo de quinta-feira, 25 de setembro<\/h2>\n<p>Candinho afirma a Manoela que s\u00f3 quer o bem de Dita. Celso confessa a Anabela que ama Estela, mas decide n\u00e3o ficar para o jantar. Jasmin incentiva Aladim a conversar com Anabela. Asdr\u00fabal impede que Candinho assine documentos para Celso. Samir acha gra\u00e7a quando Zulma fracassa em seu golpe contra Adelaide. Medeia conta a Asdr\u00fabal sobre o mapa das esmeraldas de Cunegundes. Maria Divina insiste em se juntar a Z\u00e9 dos Porcos. Lauro termina com S\u00f4nia, que pede para voltar para o dancing. Zulma procura Candinho. Sabi\u00e1 diz a L\u00facio que Ernesto est\u00e1 preso. Ernesto agradece Mirtes por encontrar Paix\u00e3o.<\/p>\n<h2 style=\"color: #9112bc;\">Resumo de sexta-feira, 26 de setembro<\/h2>\n<p>Candinho diz a Zulma que seu cora\u00e7\u00e3o pertence a Dita. Estela garante a Dita que falar\u00e1 com Dirce sobre a entrada de Joaquim na escola. S\u00f4nia comenta com Francine que Lauro \u00e9 diferente dos outros homens. Tamires beija Celso, que decide lutar por seu amor por Estela. Z\u00e9 dos Porcos e Maria Divina constatam que Medeia roubou a esmeralda, e conseguem resgatar a pedra. Celso procura Estela, que sente o perfume de Tamires no ex-namorado. Zulma beija Candinho, e Dita flagra os dois.<\/p>\n<h2 style=\"color: #9112bc;\">Resumo de s\u00e1bado, 27 de setembro<\/h2>\n<p>Dita confronta Candinho, que afirma n\u00e3o gostar de Zulma. Estela expulsa Celso de sua casa. Zulma fica sensibilizada com o beijo em Candinho, e Carmem percebe. Asdr\u00fabal nega as compras de Ara\u00fajo,\u00a0 Celso e Olga, prejudicando o golpe dos tr\u00eas. Candinho diz a Dita que deixar\u00e1 a mans\u00e3o para que ela e Joaquim permane\u00e7am na casa. S\u00f4nia decide ir para o s\u00edtio com Quincas. Estela e Dita convencem Dirce a permitir a perman\u00eancia de Joaquim na escola. Candinho pede abrigo a Celso, que rejeita Policarpo. Medeia se d\u00e1 conta de que perdeu a esmeralda. Dita procura Zulma.<br \/>\n<!--FIM--><\/p>\n<h2>Sobre a novela:<\/h2>\n<p><a href=\"https:\/\/tvnovelas.com.br\/page2\/arquivo\/eta-mundo-melhor-a-volta-de-candinho-e-policarpo\/&quot;\" target=\"_blank\" rel=\"noopener\">\u00cata Mundo Melhor!: A volta de Candinho e Policarpo<\/a> (Sinopse)<br \/>\n<a href=\"https:\/\/pt.wikipedia.org\/wiki\/%C3%8Ata_Mundo_Melhor!\" target=\"_blank\" rel=\"noopener\">Sobre \u00cata Mundo Melhor!, na Wikipedia<\/a><\/p>\n<div style=\"font-size: 120%;\"><h3>Confira tamb\u00e9m<\/h3>\r\n<a href=\"https:\/\/tvnovelas.com.br\/novelas\/\" rel=\"noopener\" target=\"_blank\"><strong>Todos os resumos de novelas<\/strong><\/a><\/br>\r\n<a href=\"https:\/\/www.tvnovelas.com.br\/tvnews\/\" rel=\"noopener\" target=\"_blank\"><strong>\u00daltimas not\u00edcias das novelas<\/strong><\/a><\/br>\r\n<a href=\"https:\/\/www.tvnovelas.com.br\/filmes\/\" target=\"_blank\" rel=\"noopener noreferrer\"><strong>Programa\u00e7\u00e3o de filmes na TV aberta<\/strong><\/a><\/br>\r\n<a href=\"https:\/\/caetenews.com.br\/semana\/filmes-da-globo-na-sessao-da-tarde-desta-semana\/\" target=\"_blank\" rel=\"noopener\"><strong>Confira os filmes da semana na Sess\u00e3o da Tarde<\/strong><\/a><\/br>\r\n<a href=\"https:\/\/classindportal.mj.gov.br\/consulta-filmes\" target=\"_blank\" rel=\"noopener\"><strong>Consulte a classifica\u00e7\u00e3o indicativa dos filmes e novelas<\/strong><\/a><\/br><\/div>\n","protected":false},"excerpt":{"rendered":"<p>O que vem em \u00cata Mundo Melhor! na semana 22 a 27\/9&#8230; Nos pr\u00f3ximos cap\u00edtulos de \u00cata Mundo Melhor, Carmem procura Zulma e reconhece Samir&#8230;<\/p>\n","protected":false},"author":1,"featured_media":82363,"comment_status":"closed","ping_status":"closed","sticky":false,"template":"","format":"standard","meta":{"_uf_show_specific_survey":0,"_uf_disable_surveys":false,"_jetpack_memberships_contains_paid_content":false,"footnotes":"","_wp_rev_ctl_limit":""},"categories":[920,353],"tags":[921,5,64],"class_list":["post-82361","post","type-post","status-publish","format-standard","has-post-thumbnail","hentry","category-eta-mundo-melhor","category-resumos-de-novelas","tag-eta-mundo-melhor","tag-globo","tag-novelas","wpcat-920-id","wpcat-353-id"],"aioseo_notices":[],"jetpack_featured_media_url":"https:\/\/i0.wp.com\/www.tvnovelas.com.br\/tvnews\/wp-content\/uploads\/2025\/09\/12041.jpg?fit=728%2C410&ssl=1","jetpack_shortlink":"https:\/\/wp.me\/pdP2BO-lqp","jetpack_sharing_enabled":true,"_links":{"self":[{"href":"https:\/\/www.tvnovelas.com.br\/tvnews\/wp-json\/wp\/v2\/posts\/82361","targetHints":{"allow":["GET"]}}],"collection":[{"href":"https:\/\/www.tvnovelas.com.br\/tvnews\/wp-json\/wp\/v2\/posts"}],"about":[{"href":"https:\/\/www.tvnovelas.com.br\/tvnews\/wp-json\/wp\/v2\/types\/post"}],"author":[{"embeddable":true,"href":"https:\/\/www.tvnovelas.com.br\/tvnews\/wp-json\/wp\/v2\/users\/1"}],"replies":[{"embeddable":true,"href":"https:\/\/www.tvnovelas.com.br\/tvnews\/wp-json\/wp\/v2\/comments?post=82361"}],"version-history":[{"count":4,"href":"https:\/\/www.tvnovelas.com.br\/tvnews\/wp-json\/wp\/v2\/posts\/82361\/revisions"}],"predecessor-version":[{"id":82384,"href":"https:\/\/www.tvnovelas.com.br\/tvnews\/wp-json\/wp\/v2\/posts\/82361\/revisions\/82384"}],"wp:featuredmedia":[{"embeddable":true,"href":"https:\/\/www.tvnovelas.com.br\/tvnews\/wp-json\/wp\/v2\/media\/82363"}],"wp:attachment":[{"href":"https:\/\/www.tvnovelas.com.br\/tvnews\/wp-json\/wp\/v2\/media?parent=82361"}],"wp:term":[{"taxonomy":"category","embeddable":true,"href":"https:\/\/www.tvnovelas.com.br\/tvnews\/wp-json\/wp\/v2\/categories?post=82361"},{"taxonomy":"post_tag","embeddable":true,"href":"https:\/\/www.tvnovelas.com.br\/tvnews\/wp-json\/wp\/v2\/tags?post=82361"}],"curies":[{"name":"wp","href":"https:\/\/api.w.org\/{rel}","templated":true}]}}