{"id":82371,"date":"2025-09-19T12:48:18","date_gmt":"2025-09-19T15:48:18","guid":{"rendered":"https:\/\/www.tvnovelas.com.br\/tvnews\/?p=82371"},"modified":"2025-09-19T13:10:18","modified_gmt":"2025-09-19T16:10:18","slug":"82371-2","status":"publish","type":"post","link":"https:\/\/www.tvnovelas.com.br\/tvnews\/82371-2\/","title":{"rendered":"O que acontece em Vale Tudo na semana 22 a 27\/9"},"content":{"rendered":"<p>(Foto: TV Globo\/Vale Tudo)<\/p>\n<div style=\"background-color: #EEEEEE;  border-style: solid; border-width:0px 0px 10px 0px; solid green; border-radius: 30px; padding: 10px; font-size: 125%; text-align : justify;\">\n.<br \/>\n<figure id=\"attachment_82372\" aria-describedby=\"caption-attachment-82372\" style=\"width: 728px\" class=\"wp-caption aligncenter\"><img data-recalc-dims=\"1\" decoding=\"async\" src=\"https:\/\/i0.wp.com\/www.tvnovelas.com.br\/tvnews\/wp-content\/uploads\/2025\/09\/12043.jpg?resize=728%2C409&#038;ssl=1\" alt=\"Foto em O que acontece em Vale Tudo na semana 22 a 27\/9\" width=\"728\" height=\"409\" class=\"size-full wp-image-82372\" srcset=\"https:\/\/i0.wp.com\/www.tvnovelas.com.br\/tvnews\/wp-content\/uploads\/2025\/09\/12043.jpg?w=728&amp;ssl=1 728w, https:\/\/i0.wp.com\/www.tvnovelas.com.br\/tvnews\/wp-content\/uploads\/2025\/09\/12043.jpg?resize=250%2C140&amp;ssl=1 250w\" sizes=\"(max-width: 728px) 100vw, 728px\" \/><figcaption id=\"caption-attachment-82372\" class=\"wp-caption-text\">O que acontece em Vale Tudo na semana 22 a 27\/9<\/figcaption><\/figure><br \/>\n<strong style=\"color: #9112BC;\">Nos pr\u00f3ximos cap\u00edtulos de Vale Tudo, <\/strong><span style=\"color: #9112BC; font-size: 110%;\">Odete e Marco Aur\u00e9lio fazem um acordo de tregua entre eles; Odete planeja sabotar a medica\u00e7\u00e3o de Marco Aur\u00e9lio; M\u00e1rio S\u00e9rgio convence Freitas a desviar dinheiro de Marco Aur\u00e9lio; Odete presenteia Marco Aur\u00e9lio com um rel\u00f3gio&#8230;<\/span><\/div>\n<p>\u00a0<\/p>\n<h2 style=\"color: #9112BC;\">Resumo de segunda-feira, 22 de setembro<\/h2>\n<p>Odete mente para a pol\u00edcia ao dizer que sofreu uma tentativa de assalto. Afonso resolve retomar o tratamento. Odete e Marco Aur\u00e9lio fazem um acordo para cessar a rivalidade entre ambos. Celina diz a Est\u00e9ban que, para viajar, \u00e9 preciso ter certeza que seus sobrinhos estejam bem. Ana Clara ajuda Maria de F\u00e1tima a gravar um v\u00eddeo pedindo perd\u00e3o a Raquel. Consu\u00ealo se sente nas nuvens ao ser promovida a diretora trainee por Odete.<br \/>\n\u00a0<\/p>\n<h2 style=\"color: #9112BC;\">Resumo de ter\u00e7a-feira, 23 de setembro<\/h2>\n<p>Odete observa a medica\u00e7\u00e3o usada por Marco Aur\u00e9lio. Seguindo sugest\u00e3o de Bartolomeu e da Tomorrow, Raquel grava um v\u00eddeo para acalmar as manifesta\u00e7\u00f5es na internet geradas por causa da postagem de Maria de F\u00e1tima. Freitas troca mensagens com Eug\u00eanio. Odete planeja sabotar a medica\u00e7\u00e3o de Marco Aur\u00e9lio. Dona Lu avisa a Cec\u00edlia e a La\u00eds que, na padaria, perguntaram sobre elas e Sarita. Luiz se apresenta a Cec\u00edlia como pai de Sarita. La\u00eds fica revoltada quando Luiz manifesta desejo de ver a filha. Odete recebe do qu\u00edmico o rem\u00e9dio que ela encomendou. C\u00e9sar chega com dor de cabe\u00e7a e pega o rem\u00e9dio que o qu\u00edmico deu para Odete.<br \/>\n\u00a0<\/p>\n<h2 style=\"color: #9112BC;\">Resumo de quarta-feira, 24 de setembro<\/h2>\n<p>Cec\u00edlia avisa a La\u00eds que o advogado falou que Sarita tem o direito de conhecer sua origem. Doutor Fernando comunica que a resposta do organismo de Afonso \u00e0 quimioterapia est\u00e1 melhor. Consu\u00ealo contrata Eunice para fazer o vestido de noiva de Daniela. declara seu amor para Gilda, incentivado por Bartolomeu. Lucimar e Vasco avisam a Ivan que fecharam a viagem com Vilma. Maria de F\u00e1tima incentiva Ana Clara a tirar mais vantagens e dinheiro de Odete.\u00a0<br \/>\n\u00a0<\/p>\n<h2 style=\"color: #9112BC;\">Resumo de quinta-feira, 25 de setembro<\/h2>\n<p>M\u00e1rio S\u00e9rgio convence Freitas a desviar dinheiro de Marco Aur\u00e9lio. Alde\u00edde alerta Lucimar para o custo barato cobrado pela ag\u00eancia concorrente de Ivan. Marco Aur\u00e9lio comenta com M\u00e1rio S\u00e9rgio que Odete o convocou para tratar da expans\u00e3o da TCA na \u00c1sia. M\u00e1rio S\u00e9rgio encontra uma foto de Ana Clara com Maria de F\u00e1tima nas redes sociais, acessa o perfil da jovem e marca um encontro com ela. Lucimar e Vasco levam um golpe. Odete pergunta a Marco Aur\u00e9lio se o ombro do executivo melhorou.\u00a0<br \/>\n\u00a0<\/p>\n<h2 style=\"color: #9112BC;\">Resumo de sexta-feira, 26 de setembro<\/h2>\n<p>Odete presenteia Marco Aur\u00e9lio com um rel\u00f3gio. Freitas compartilha com Eug\u00eanio sua inten\u00e7\u00e3o de desviar dinheiro de Marco Aur\u00e9lio. Renato participa do encontro do grupo do A.A. com Heleninha. Cec\u00edlia e La\u00eds conversam com Sarita sobre Luiz, e a menina revela que deseja conhecer o pai biol\u00f3gico. Maria de F\u00e1tima flagra M\u00e1rio S\u00e9rgio e Ana Clara em um restaurante. M\u00e1rio S\u00e9rgio nota que o cart\u00e3o de cr\u00e9dito de Ana Clara est\u00e1 no nome de Odete, e a jovem explica que a empres\u00e1ria ajuda sua fam\u00edlia. Luiz diz que tem diabetes e recebe dinheiro de Cec\u00edlia e La\u00eds para comprar rem\u00e9dio.\u00a0<br \/>\n\u00a0<\/p>\n<h2 style=\"color: #9112BC;\">Resumo de s\u00e1bado, 27 de setembro<\/h2>\n<p>Odete deixa claro a M\u00e1rio S\u00e9rgio que n\u00e3o quer o funcion\u00e1rio envolvido com Ana Clara. Andr\u00e9 deixa a fam\u00edlia em \u00eaxtase ao participar do campeonato de hipismo. Ivan recebe sua indeniza\u00e7\u00e3o. Freitas pensa em abrir uma pousada no Nordeste com Eug\u00eanio, usando o dinheiro que desviou de Marco Aur\u00e9lio. Cec\u00edlia e La\u00eds observam Sarita e Luiz.\u00a0<br \/>\n<!--FIM--><br \/>\n<a href=\"https:\/\/wp.me\/pfspD2-oI\" target=\"_blank\" rel=\"noopener\">Vale Tudo: Invers\u00e3o de valores no final dos anos erdade1980<\/a> (Sinopse)<\/p>\n<div style=\"font-size: 120%;\"><h3>Confira tamb\u00e9m<\/h3>\r\n<a href=\"https:\/\/tvnovelas.com.br\/novelas\/\" rel=\"noopener\" target=\"_blank\"><strong>Todos os resumos de novelas<\/strong><\/a><\/br>\r\n<a href=\"https:\/\/www.tvnovelas.com.br\/tvnews\/\" rel=\"noopener\" target=\"_blank\"><strong>\u00daltimas not\u00edcias das novelas<\/strong><\/a><\/br>\r\n<a href=\"https:\/\/www.tvnovelas.com.br\/filmes\/\" target=\"_blank\" rel=\"noopener noreferrer\"><strong>Programa\u00e7\u00e3o de filmes na TV aberta<\/strong><\/a><\/br>\r\n<a href=\"https:\/\/caetenews.com.br\/semana\/filmes-da-globo-na-sessao-da-tarde-desta-semana\/\" target=\"_blank\" rel=\"noopener\"><strong>Confira os filmes da semana na Sess\u00e3o da Tarde<\/strong><\/a><\/br>\r\n<a href=\"https:\/\/classindportal.mj.gov.br\/consulta-filmes\" target=\"_blank\" rel=\"noopener\"><strong>Consulte a classifica\u00e7\u00e3o indicativa dos filmes e novelas<\/strong><\/a><\/br>\n<\/div>\n","protected":false},"excerpt":{"rendered":"<p>O que acontece em Vale Tudo na semana 22 a 27\/9&#8230;  Nos pr\u00f3ximos cap\u00edtulos de Vale Tudo, Odete e Marco Aur\u00e9lio fazem um acordo de tregua entre eles&#8230;<\/p>\n","protected":false},"author":1,"featured_media":82372,"comment_status":"closed","ping_status":"closed","sticky":false,"template":"","format":"standard","meta":{"_uf_show_specific_survey":0,"_uf_disable_surveys":false,"_jetpack_memberships_contains_paid_content":false,"footnotes":"","_wp_rev_ctl_limit":""},"categories":[353,871],"tags":[5,64,801],"class_list":["post-82371","post","type-post","status-publish","format-standard","has-post-thumbnail","hentry","category-resumos-de-novelas","category-vale-tudo","tag-globo","tag-novelas","tag-vale-tudo","wpcat-353-id","wpcat-871-id"],"aioseo_notices":[],"jetpack_featured_media_url":"https:\/\/i0.wp.com\/www.tvnovelas.com.br\/tvnews\/wp-content\/uploads\/2025\/09\/12043.jpg?fit=728%2C409&ssl=1","jetpack_shortlink":"https:\/\/wp.me\/pdP2BO-lqz","jetpack_sharing_enabled":true,"_links":{"self":[{"href":"https:\/\/www.tvnovelas.com.br\/tvnews\/wp-json\/wp\/v2\/posts\/82371","targetHints":{"allow":["GET"]}}],"collection":[{"href":"https:\/\/www.tvnovelas.com.br\/tvnews\/wp-json\/wp\/v2\/posts"}],"about":[{"href":"https:\/\/www.tvnovelas.com.br\/tvnews\/wp-json\/wp\/v2\/types\/post"}],"author":[{"embeddable":true,"href":"https:\/\/www.tvnovelas.com.br\/tvnews\/wp-json\/wp\/v2\/users\/1"}],"replies":[{"embeddable":true,"href":"https:\/\/www.tvnovelas.com.br\/tvnews\/wp-json\/wp\/v2\/comments?post=82371"}],"version-history":[{"count":3,"href":"https:\/\/www.tvnovelas.com.br\/tvnews\/wp-json\/wp\/v2\/posts\/82371\/revisions"}],"predecessor-version":[{"id":82374,"href":"https:\/\/www.tvnovelas.com.br\/tvnews\/wp-json\/wp\/v2\/posts\/82371\/revisions\/82374"}],"wp:featuredmedia":[{"embeddable":true,"href":"https:\/\/www.tvnovelas.com.br\/tvnews\/wp-json\/wp\/v2\/media\/82372"}],"wp:attachment":[{"href":"https:\/\/www.tvnovelas.com.br\/tvnews\/wp-json\/wp\/v2\/media?parent=82371"}],"wp:term":[{"taxonomy":"category","embeddable":true,"href":"https:\/\/www.tvnovelas.com.br\/tvnews\/wp-json\/wp\/v2\/categories?post=82371"},{"taxonomy":"post_tag","embeddable":true,"href":"https:\/\/www.tvnovelas.com.br\/tvnews\/wp-json\/wp\/v2\/tags?post=82371"}],"curies":[{"name":"wp","href":"https:\/\/api.w.org\/{rel}","templated":true}]}}