{"id":82403,"date":"2025-09-20T12:12:01","date_gmt":"2025-09-20T15:12:01","guid":{"rendered":"https:\/\/www.tvnovelas.com.br\/tvnews\/?p=82403"},"modified":"2025-09-20T12:15:54","modified_gmt":"2025-09-20T15:15:54","slug":"as-filhas-da-senhora-garcia-luis-explode-e-demite-os-filhos","status":"publish","type":"post","link":"https:\/\/www.tvnovelas.com.br\/tvnews\/as-filhas-da-senhora-garcia-luis-explode-e-demite-os-filhos\/","title":{"rendered":"As Filhas da Senhora Garcia: Luis explode e demite os filhos"},"content":{"rendered":"<figure id=\"attachment_82409\" aria-describedby=\"caption-attachment-82409\" style=\"width: 728px\" class=\"wp-caption alignnone\"><img data-recalc-dims=\"1\" decoding=\"async\" class=\"wp-image-82409 size-full\" title=\"(Foto: Televisa\/SBT\/As Filhas da Senhora Garcia)\" src=\"https:\/\/i0.wp.com\/www.tvnovelas.com.br\/tvnews\/wp-content\/uploads\/2025\/09\/12049.jpg?resize=728%2C409&#038;ssl=1\" alt=\"Foto em As Filhas da Senhora Garcia: Luis explode e demite os filhos\" width=\"728\" height=\"409\" srcset=\"https:\/\/i0.wp.com\/www.tvnovelas.com.br\/tvnews\/wp-content\/uploads\/2025\/09\/12049.jpg?w=728&amp;ssl=1 728w, https:\/\/i0.wp.com\/www.tvnovelas.com.br\/tvnews\/wp-content\/uploads\/2025\/09\/12049.jpg?resize=250%2C140&amp;ssl=1 250w\" sizes=\"(max-width: 728px) 100vw, 728px\" \/><figcaption id=\"caption-attachment-82409\" class=\"wp-caption-text\">As Filhas da Senhora Garcia: Luis explode e demite os filhos<\/figcaption><\/figure>\n<p>No cap\u00edtulo de As Filhas da Senhora Garcia desta segunda, dia 22, Luis convoca seus tr\u00eas filhos para reclamar do ocorrido no evento de lan\u00e7amento, mas explode e as coisas saem do controle.<\/p>\n<p>Lu\u00eds diz a Leonardo que procure onde quer trabalhar, pois ele n\u00e3o o quer na empresa. &#8220;Voc\u00ea est\u00e1 demitido! Quero voc\u00ea fora da minha empresa. N\u00e3o quero mais ver voc\u00ea trabalhando para mim; voc\u00ea \u00e9 uma vergonha.&#8221;<\/p>\n<p>Artur implora para que ele n\u00e3o os demita, mas Luis se recusa e se cansa deles.<\/p>\n<p>&#8220;Voc\u00eas tr\u00eas t\u00eam que aceitar sua culpa, sua irresponsabilidade&#8221;, grita ele.<\/p>\n<p>No dia seguinte, Luis continua consumindo as gotas que Mar coloca na comida e continua reclamando com Leonardo sobre o que ele fez com seus irm\u00e3os.<\/p>\n<p>&#8220;Comece a procurar um lugar para trabalhar porque voc\u00ea n\u00e3o vai mais trabalhar comigo. N\u00e3o suporto gente desleal.&#8221;<\/p>\n<p>Leonardo grita com ele, garantindo que nunca lhe deu o lugar que merece, como deu a Nicolau e Artur.<\/p>\n<p>No final, Lu\u00eds diz a sua secret\u00e1ria que n\u00e3o quer ver nem falar com ningu\u00e9m e perde a consci\u00eancia e \u00e9 hospitalizado<\/p>\n<p>Confira o resumo do cap\u00edtulo do dia:<\/p>\n<h2 style=\"color: #dc143c;\">Resumo de segunda-feira, 22 de setembro<\/h2>\n<p>Of\u00e9lia diz a Val\u00e9ria que a imprensa a adora e est\u00e1 destruindo os Portilla. Lu\u00eds diz a Leonardo que procure onde quer trabalhar, pois ele n\u00e3o o quer na empresa. Lu\u00eds diz a sua secret\u00e1ria que n\u00e3o quer ver nem falar com ningu\u00e9m e perde a consci\u00eancia. Leonardo, desesperado, diz a Paula que perdeu tudo por causa dela, que o pai n\u00e3o quer nenhum dos filhos na empresa dele. Paula diz que o pai vai reagir e perceber que ele foi o \u00fanico que esteve ao lado dele e merece ocupar seu lugar. Val\u00e9ria diz a Nicolau que ele n\u00e3o pode ir embora ou que, se for, n\u00e3o se importa com o projeto. Nicol\u00e1s responde que justamente por isso est\u00e1 indo, que vai para Boston buscar umas pessoas com quem pode se associar.<\/p>\n<p>Paula, furiosa, diz a Leonardo que tudo que faz \u00e9 por amor a ele, mas se quiser, v\u00e1 e diga ao pai e aos irm\u00e3os que ela foi a culpada por colocar a grava\u00e7\u00e3o, mas que ele ter\u00e1 que escolher entre ela e os irm\u00e3os. Of\u00e9lia, furiosa, puxa Paula pelos cabelos e a adverte que vai pagar pelo que fez a Val\u00e9ria. Paula responde que n\u00e3o sabe do que ela est\u00e1 falando. Chega Leonardo e Of\u00e9lia diz que Paula desapareceu com o quadro da m\u00e3e dela. Paula responde que Of\u00e9lia est\u00e1 mentindo. Artur diz a Val\u00e9ria que o pai est\u00e1 no hospital e Nicol\u00e1s n\u00e3o atende o celular. Ela diz que o irm\u00e3o foi viajar e n\u00e3o sabe quando volta. Artur pede que fa\u00e7a o que for preciso para que ele n\u00e3o v\u00e1 embora. Of\u00e9lia diz a Rocio que Artur se portou muito mal com Val\u00e9ria e, por isso, n\u00e3o conte com ela para nada. Rocio responde que deve ser um mal-entendido e que tem que ajud\u00e1-la. Of\u00e9lia responde que n\u00e3o. Mar d\u00e1 um tapa na Camila depois de ser insultada por ela.<br \/>\n<!--FIM--><\/p>\n<div style=\"font-size: 120%;\"><h3>Confira tamb\u00e9m<\/h3>\r\n<a href=\"https:\/\/tvnovelas.com.br\/novelas\/\" rel=\"noopener\" target=\"_blank\"><strong>Todos os resumos de novelas<\/strong><\/a><\/br>\r\n<a href=\"https:\/\/www.tvnovelas.com.br\/tvnews\/\" rel=\"noopener\" target=\"_blank\"><strong>\u00daltimas not\u00edcias das novelas<\/strong><\/a><\/br>\r\n<a href=\"https:\/\/www.tvnovelas.com.br\/filmes\/\" target=\"_blank\" rel=\"noopener noreferrer\"><strong>Programa\u00e7\u00e3o de filmes na TV aberta<\/strong><\/a><\/br>\r\n<a href=\"https:\/\/caetenews.com.br\/semana\/filmes-da-globo-na-sessao-da-tarde-desta-semana\/\" target=\"_blank\" rel=\"noopener\"><strong>Confira os filmes da semana na Sess\u00e3o da Tarde<\/strong><\/a><\/br>\r\n<a href=\"https:\/\/classindportal.mj.gov.br\/consulta-filmes\" target=\"_blank\" rel=\"noopener\"><strong>Consulte a classifica\u00e7\u00e3o indicativa dos filmes e novelas<\/strong><\/a><\/br><\/div>\n","protected":false},"excerpt":{"rendered":"<p>As Filhas da Senhora Garcia: Luis explode e demite os filhos&#8230; No cap\u00edtulo de As Filhas da Senhora Garcia desta segunda, dia 22, Luis convoca&#8230;<\/p>\n","protected":false},"author":1,"featured_media":82409,"comment_status":"closed","ping_status":"closed","sticky":false,"template":"","format":"standard","meta":{"_uf_show_specific_survey":0,"_uf_disable_surveys":false,"_jetpack_memberships_contains_paid_content":false,"footnotes":"","_wp_rev_ctl_limit":""},"categories":[930,353],"tags":[931,64,13],"class_list":["post-82403","post","type-post","status-publish","format-standard","has-post-thumbnail","hentry","category-as-filhas-da-senhora-garcia","category-resumos-de-novelas","tag-as-filhas-da-senhora-garcia","tag-novelas","tag-sbt","wpcat-930-id","wpcat-353-id"],"aioseo_notices":[],"jetpack_featured_media_url":"https:\/\/i0.wp.com\/www.tvnovelas.com.br\/tvnews\/wp-content\/uploads\/2025\/09\/12049.jpg?fit=728%2C409&ssl=1","jetpack_shortlink":"https:\/\/wp.me\/pdP2BO-lr5","jetpack_sharing_enabled":true,"_links":{"self":[{"href":"https:\/\/www.tvnovelas.com.br\/tvnews\/wp-json\/wp\/v2\/posts\/82403","targetHints":{"allow":["GET"]}}],"collection":[{"href":"https:\/\/www.tvnovelas.com.br\/tvnews\/wp-json\/wp\/v2\/posts"}],"about":[{"href":"https:\/\/www.tvnovelas.com.br\/tvnews\/wp-json\/wp\/v2\/types\/post"}],"author":[{"embeddable":true,"href":"https:\/\/www.tvnovelas.com.br\/tvnews\/wp-json\/wp\/v2\/users\/1"}],"replies":[{"embeddable":true,"href":"https:\/\/www.tvnovelas.com.br\/tvnews\/wp-json\/wp\/v2\/comments?post=82403"}],"version-history":[{"count":5,"href":"https:\/\/www.tvnovelas.com.br\/tvnews\/wp-json\/wp\/v2\/posts\/82403\/revisions"}],"predecessor-version":[{"id":82413,"href":"https:\/\/www.tvnovelas.com.br\/tvnews\/wp-json\/wp\/v2\/posts\/82403\/revisions\/82413"}],"wp:featuredmedia":[{"embeddable":true,"href":"https:\/\/www.tvnovelas.com.br\/tvnews\/wp-json\/wp\/v2\/media\/82409"}],"wp:attachment":[{"href":"https:\/\/www.tvnovelas.com.br\/tvnews\/wp-json\/wp\/v2\/media?parent=82403"}],"wp:term":[{"taxonomy":"category","embeddable":true,"href":"https:\/\/www.tvnovelas.com.br\/tvnews\/wp-json\/wp\/v2\/categories?post=82403"},{"taxonomy":"post_tag","embeddable":true,"href":"https:\/\/www.tvnovelas.com.br\/tvnews\/wp-json\/wp\/v2\/tags?post=82403"}],"curies":[{"name":"wp","href":"https:\/\/api.w.org\/{rel}","templated":true}]}}