{"id":82453,"date":"2025-09-22T11:10:12","date_gmt":"2025-09-22T14:10:12","guid":{"rendered":"https:\/\/www.tvnovelas.com.br\/tvnews\/?p=82453"},"modified":"2025-09-22T13:19:33","modified_gmt":"2025-09-22T16:19:33","slug":"dona-de-mim-filipa-vira-vitima-nas-maos-de-jaques","status":"publish","type":"post","link":"https:\/\/www.tvnovelas.com.br\/tvnews\/dona-de-mim-filipa-vira-vitima-nas-maos-de-jaques\/","title":{"rendered":"Dona de Mim: Filipa vira v\u00edtima de Jaques"},"content":{"rendered":"<figure id=\"attachment_82451\" aria-describedby=\"caption-attachment-82451\" style=\"width: 728px\" class=\"wp-caption alignnone\"><img data-recalc-dims=\"1\" decoding=\"async\" class=\"wp-image-82451 size-full\" title=\"(Foto: TV Globo\/Dona de Mim)\" src=\"https:\/\/i0.wp.com\/www.tvnovelas.com.br\/tvnews\/wp-content\/uploads\/2025\/09\/12057.jpg?resize=728%2C409&#038;ssl=1\" alt=\"Foto em Dona de Mim: Filipa vira v\u00edtima nas m\u00e3os de Jaques\" width=\"728\" height=\"409\" srcset=\"https:\/\/i0.wp.com\/www.tvnovelas.com.br\/tvnews\/wp-content\/uploads\/2025\/09\/12057.jpg?w=728&amp;ssl=1 728w, https:\/\/i0.wp.com\/www.tvnovelas.com.br\/tvnews\/wp-content\/uploads\/2025\/09\/12057.jpg?resize=250%2C140&amp;ssl=1 250w\" sizes=\"(max-width: 728px) 100vw, 728px\" \/><figcaption id=\"caption-attachment-82451\" class=\"wp-caption-text\">Dona de Mim: Filipa vira v\u00edtima nas m\u00e3os de Jaques<\/figcaption><\/figure>\n<p>Em Dona de Mim, depois de promover uma s\u00e9rie de demiss\u00f5es na f\u00e1brica, Jaques (Marcello Novaes) se prepara para armar mais um dos seus planos. O vil\u00e3o quer manter Filipa (Cl\u00e1udia Abreu) por perto, nem que para isso ele siga as dicas de Isabela (Sylvia Bandeira), e provoque uma nova crise e toque os rem\u00e9dios da artista.<\/p>\n<p>E n\u00e3o para por a\u00ed! Vem a\u00ed o ch\u00e1 revela\u00e7\u00e3o dos g\u00eameos de Ayla (Bel Lima), que promete terminar em clim\u00e3o. Vai ser por l\u00e1 que Jaques vai contar que \u00e9 pai dela.<\/p>\n<p>Filipa sempre alternou momentos de euforia com outros de tristeza profunda. Mas agora o que ela vai descobrir \u00e9 que n\u00e3o se trata apenas de um tra\u00e7o de sua personalidade, mas, sim, de uma doen\u00e7a e que ela tem nome: transtorno de bipolaridade.<\/p>\n<p>\u201cO tratamento envolve medicamentos, principalmente carbonato de l\u00edtio, e psicoterapia. Outros medicamentos podem ser utilizados. Uma vida saud\u00e1vel sem drogas, sem \u00e1lcool e com atividade f\u00edsica regular ajuda muito no tratamento\u201d, afirma.<br \/>\n<!--FIM--><br \/>\n<strong>Sobre a novela<\/strong><br \/>\n<a href=\"https:\/\/wp.me\/pfspD2-UO\" target=\"_blank\" rel=\"noopener\">Dona de Mim: A trama da novela<\/a><br \/>\n<a href=\"https:\/\/wp.me\/pfspD2-UG\" target=\"_blank\" rel=\"noopener\">Dona de Mim: A fam\u00edlia Boaz e seu imp\u00e9rio de lingerie<\/a><\/p>\n<div style=\"font-size: 120%;\"><h3>Confira tamb\u00e9m<\/h3>\r\n<a href=\"https:\/\/tvnovelas.com.br\/novelas\/\" rel=\"noopener\" target=\"_blank\"><strong>Todos os resumos de novelas<\/strong><\/a><\/br>\r\n<a href=\"https:\/\/www.tvnovelas.com.br\/tvnews\/\" rel=\"noopener\" target=\"_blank\"><strong>\u00daltimas not\u00edcias das novelas<\/strong><\/a><\/br>\r\n<a href=\"https:\/\/www.tvnovelas.com.br\/filmes\/\" target=\"_blank\" rel=\"noopener noreferrer\"><strong>Programa\u00e7\u00e3o de filmes na TV aberta<\/strong><\/a><\/br>\r\n<a href=\"https:\/\/caetenews.com.br\/semana\/filmes-da-globo-na-sessao-da-tarde-desta-semana\/\" target=\"_blank\" rel=\"noopener\"><strong>Confira os filmes da semana na Sess\u00e3o da Tarde<\/strong><\/a><\/br>\r\n<a href=\"https:\/\/classindportal.mj.gov.br\/consulta-filmes\" target=\"_blank\" rel=\"noopener\"><strong>Consulte a classifica\u00e7\u00e3o indicativa dos filmes e novelas<\/strong><\/a><\/br><\/div>\n","protected":false},"excerpt":{"rendered":"<p>Dona de Mim: Filipa vira v\u00edtima nas m\u00e3os de Jaques&#8230; Em Dona de Mim, depois de promover uma s\u00e9rie de demiss\u00f5es na f\u00e1brica, Jaques&#8230;<\/p>\n","protected":false},"author":1,"featured_media":82451,"comment_status":"closed","ping_status":"closed","sticky":false,"template":"","format":"standard","meta":{"_uf_show_specific_survey":0,"_uf_disable_surveys":false,"_jetpack_memberships_contains_paid_content":false,"footnotes":"","_wp_rev_ctl_limit":""},"categories":[884],"tags":[883,5,64],"class_list":["post-82453","post","type-post","status-publish","format-standard","has-post-thumbnail","hentry","category-dona-de-mim","tag-dona-de-mim","tag-globo","tag-novelas","wpcat-884-id"],"aioseo_notices":[],"jetpack_featured_media_url":"https:\/\/i0.wp.com\/www.tvnovelas.com.br\/tvnews\/wp-content\/uploads\/2025\/09\/12057.jpg?fit=728%2C409&ssl=1","jetpack_shortlink":"https:\/\/wp.me\/pdP2BO-lrT","jetpack_sharing_enabled":true,"_links":{"self":[{"href":"https:\/\/www.tvnovelas.com.br\/tvnews\/wp-json\/wp\/v2\/posts\/82453","targetHints":{"allow":["GET"]}}],"collection":[{"href":"https:\/\/www.tvnovelas.com.br\/tvnews\/wp-json\/wp\/v2\/posts"}],"about":[{"href":"https:\/\/www.tvnovelas.com.br\/tvnews\/wp-json\/wp\/v2\/types\/post"}],"author":[{"embeddable":true,"href":"https:\/\/www.tvnovelas.com.br\/tvnews\/wp-json\/wp\/v2\/users\/1"}],"replies":[{"embeddable":true,"href":"https:\/\/www.tvnovelas.com.br\/tvnews\/wp-json\/wp\/v2\/comments?post=82453"}],"version-history":[{"count":5,"href":"https:\/\/www.tvnovelas.com.br\/tvnews\/wp-json\/wp\/v2\/posts\/82453\/revisions"}],"predecessor-version":[{"id":82479,"href":"https:\/\/www.tvnovelas.com.br\/tvnews\/wp-json\/wp\/v2\/posts\/82453\/revisions\/82479"}],"wp:featuredmedia":[{"embeddable":true,"href":"https:\/\/www.tvnovelas.com.br\/tvnews\/wp-json\/wp\/v2\/media\/82451"}],"wp:attachment":[{"href":"https:\/\/www.tvnovelas.com.br\/tvnews\/wp-json\/wp\/v2\/media?parent=82453"}],"wp:term":[{"taxonomy":"category","embeddable":true,"href":"https:\/\/www.tvnovelas.com.br\/tvnews\/wp-json\/wp\/v2\/categories?post=82453"},{"taxonomy":"post_tag","embeddable":true,"href":"https:\/\/www.tvnovelas.com.br\/tvnews\/wp-json\/wp\/v2\/tags?post=82453"}],"curies":[{"name":"wp","href":"https:\/\/api.w.org\/{rel}","templated":true}]}}