{"id":82487,"date":"2025-09-22T14:03:55","date_gmt":"2025-09-22T17:03:55","guid":{"rendered":"https:\/\/www.tvnovelas.com.br\/tvnews\/?p=82487"},"modified":"2025-09-22T14:03:55","modified_gmt":"2025-09-22T17:03:55","slug":"vale-tudo-raquel-decide-falar-com-maria-de-fatima","status":"publish","type":"post","link":"https:\/\/www.tvnovelas.com.br\/tvnews\/vale-tudo-raquel-decide-falar-com-maria-de-fatima\/","title":{"rendered":"Vale Tudo: Raquel decide falar com Maria de F\u00e1tima"},"content":{"rendered":"<figure id=\"attachment_82488\" aria-describedby=\"caption-attachment-82488\" style=\"width: 726px\" class=\"wp-caption alignnone\"><img data-recalc-dims=\"1\" decoding=\"async\" class=\"wp-image-82488 size-full\" title=\"(Foto: TV Globo\/Vale Tudo)\" src=\"https:\/\/i0.wp.com\/www.tvnovelas.com.br\/tvnews\/wp-content\/uploads\/2025\/09\/12059.jpg?resize=726%2C410&#038;ssl=1\" alt=\"Foto em Vale Tudo: Raquel decide falar com Maria de F\u00e1tima\" width=\"726\" height=\"410\" srcset=\"https:\/\/i0.wp.com\/www.tvnovelas.com.br\/tvnews\/wp-content\/uploads\/2025\/09\/12059.jpg?w=726&amp;ssl=1 726w, https:\/\/i0.wp.com\/www.tvnovelas.com.br\/tvnews\/wp-content\/uploads\/2025\/09\/12059.jpg?resize=250%2C141&amp;ssl=1 250w\" sizes=\"(max-width: 726px) 100vw, 726px\" \/><figcaption id=\"caption-attachment-82488\" class=\"wp-caption-text\">Vale Tudo: Raquel decide falar com Maria de F\u00e1tima<\/figcaption><\/figure>\n<p>Em Vale Tudo, Raquel (Ta\u00eds Araujo) decide procurar Maria de F\u00e1tima (Bella Campos) depois de a filha postar um v\u00eddeo nas redes sociais, pedindo perd\u00e3o e dizendo que sente falta da m\u00e3e. Na grava\u00e7\u00e3o, a jovem exp\u00f5e publicamente a briga entre elas e menciona o nome de Raquel, o que a deixa profundamente incomodada.<\/p>\n<p>Apesar da m\u00e1goa e da vontade inicial de ignorar o v\u00eddeo, a empres\u00e1ria procura Maria de F\u00e1tima movida pela preocupa\u00e7\u00e3o com o neto que est\u00e1 por vir, e n\u00e3o por um desejo de reconcilia\u00e7\u00e3o.<\/p>\n<p>No encontro marcado por tens\u00e3o, Raquel rejeita o abra\u00e7o da filha, critica o fato de ela ter se desculpado publicamente em vez de pessoalmente, e demonstra desconfian\u00e7a at\u00e9 mesmo dos exames que comprovam a gravidez. Apesar da posi\u00e7\u00e3o firme, ela se compromete a ajudar com o pr\u00e9-natal e, se necess\u00e1rio, criar o beb\u00ea, mas deixa claro que n\u00e3o perdoa Maria de F\u00e1tima e que n\u00e3o quer mais ser exposta nas redes sociais.<br \/>\n<!--FIM--><br \/>\n<a href=\"https:\/\/wp.me\/pfspD2-oI\" target=\"_blank\" rel=\"noopener\">Vale Tudo: Invers\u00e3o de valores no final dos anos erdade1980<\/a> (Sinopse)<\/p>\n<div style=\"font-size: 120%;\"><h3>Confira tamb\u00e9m<\/h3>\r\n<a href=\"https:\/\/tvnovelas.com.br\/novelas\/\" rel=\"noopener\" target=\"_blank\"><strong>Todos os resumos de novelas<\/strong><\/a><\/br>\r\n<a href=\"https:\/\/www.tvnovelas.com.br\/tvnews\/\" rel=\"noopener\" target=\"_blank\"><strong>\u00daltimas not\u00edcias das novelas<\/strong><\/a><\/br>\r\n<a href=\"https:\/\/www.tvnovelas.com.br\/filmes\/\" target=\"_blank\" rel=\"noopener noreferrer\"><strong>Programa\u00e7\u00e3o de filmes na TV aberta<\/strong><\/a><\/br>\r\n<a href=\"https:\/\/caetenews.com.br\/semana\/filmes-da-globo-na-sessao-da-tarde-desta-semana\/\" target=\"_blank\" rel=\"noopener\"><strong>Confira os filmes da semana na Sess\u00e3o da Tarde<\/strong><\/a><\/br>\r\n<a href=\"https:\/\/classindportal.mj.gov.br\/consulta-filmes\" target=\"_blank\" rel=\"noopener\"><strong>Consulte a classifica\u00e7\u00e3o indicativa dos filmes e novelas<\/strong><\/a><\/br><\/div>\n","protected":false},"excerpt":{"rendered":"<p>Vale Tudo: Raquel decide falar com Maria de F\u00e1tima&#8230;  Em Vale Tudo, Raquel (Ta\u00eds Araujo) decide procurar Maria de F\u00e1tima (Bella Campos) depois de a filha<\/p>\n","protected":false},"author":1,"featured_media":82488,"comment_status":"closed","ping_status":"closed","sticky":false,"template":"","format":"standard","meta":{"_uf_show_specific_survey":0,"_uf_disable_surveys":false,"_jetpack_memberships_contains_paid_content":false,"footnotes":"","_wp_rev_ctl_limit":""},"categories":[871],"tags":[5,64,801],"class_list":["post-82487","post","type-post","status-publish","format-standard","has-post-thumbnail","hentry","category-vale-tudo","tag-globo","tag-novelas","tag-vale-tudo","wpcat-871-id"],"aioseo_notices":[],"jetpack_featured_media_url":"https:\/\/i0.wp.com\/www.tvnovelas.com.br\/tvnews\/wp-content\/uploads\/2025\/09\/12059.jpg?fit=726%2C410&ssl=1","jetpack_shortlink":"https:\/\/wp.me\/pdP2BO-lsr","jetpack_sharing_enabled":true,"_links":{"self":[{"href":"https:\/\/www.tvnovelas.com.br\/tvnews\/wp-json\/wp\/v2\/posts\/82487","targetHints":{"allow":["GET"]}}],"collection":[{"href":"https:\/\/www.tvnovelas.com.br\/tvnews\/wp-json\/wp\/v2\/posts"}],"about":[{"href":"https:\/\/www.tvnovelas.com.br\/tvnews\/wp-json\/wp\/v2\/types\/post"}],"author":[{"embeddable":true,"href":"https:\/\/www.tvnovelas.com.br\/tvnews\/wp-json\/wp\/v2\/users\/1"}],"replies":[{"embeddable":true,"href":"https:\/\/www.tvnovelas.com.br\/tvnews\/wp-json\/wp\/v2\/comments?post=82487"}],"version-history":[{"count":2,"href":"https:\/\/www.tvnovelas.com.br\/tvnews\/wp-json\/wp\/v2\/posts\/82487\/revisions"}],"predecessor-version":[{"id":82490,"href":"https:\/\/www.tvnovelas.com.br\/tvnews\/wp-json\/wp\/v2\/posts\/82487\/revisions\/82490"}],"wp:featuredmedia":[{"embeddable":true,"href":"https:\/\/www.tvnovelas.com.br\/tvnews\/wp-json\/wp\/v2\/media\/82488"}],"wp:attachment":[{"href":"https:\/\/www.tvnovelas.com.br\/tvnews\/wp-json\/wp\/v2\/media?parent=82487"}],"wp:term":[{"taxonomy":"category","embeddable":true,"href":"https:\/\/www.tvnovelas.com.br\/tvnews\/wp-json\/wp\/v2\/categories?post=82487"},{"taxonomy":"post_tag","embeddable":true,"href":"https:\/\/www.tvnovelas.com.br\/tvnews\/wp-json\/wp\/v2\/tags?post=82487"}],"curies":[{"name":"wp","href":"https:\/\/api.w.org\/{rel}","templated":true}]}}