{"id":82513,"date":"2025-09-23T12:14:45","date_gmt":"2025-09-23T15:14:45","guid":{"rendered":"https:\/\/www.tvnovelas.com.br\/tvnews\/?p=82513"},"modified":"2025-09-23T12:14:45","modified_gmt":"2025-09-23T15:14:45","slug":"eta-mundo-melhor-dita-se-muda-para-mansao-de-candinho","status":"publish","type":"post","link":"https:\/\/www.tvnovelas.com.br\/tvnews\/eta-mundo-melhor-dita-se-muda-para-mansao-de-candinho\/","title":{"rendered":"\u00cata Mundo Melhor!: Dita se muda para mans\u00e3o de Candinho"},"content":{"rendered":"<figure id=\"attachment_82514\" aria-describedby=\"caption-attachment-82514\" style=\"width: 727px\" class=\"wp-caption alignnone\"><img data-recalc-dims=\"1\" decoding=\"async\" class=\"wp-image-82514 size-full\" title=\"(Foto: TV Globo\/\u00cata Mundo Melhor!)\" src=\"https:\/\/i0.wp.com\/www.tvnovelas.com.br\/tvnews\/wp-content\/uploads\/2025\/09\/12064.jpg?resize=727%2C410&#038;ssl=1\" alt=\"Foto em \u00cata Mundo Melhor!: Dita se muda para mans\u00e3o de Candinho\" width=\"727\" height=\"410\" srcset=\"https:\/\/i0.wp.com\/www.tvnovelas.com.br\/tvnews\/wp-content\/uploads\/2025\/09\/12064.jpg?w=727&amp;ssl=1 727w, https:\/\/i0.wp.com\/www.tvnovelas.com.br\/tvnews\/wp-content\/uploads\/2025\/09\/12064.jpg?resize=250%2C141&amp;ssl=1 250w\" sizes=\"(max-width: 727px) 100vw, 727px\" \/><figcaption id=\"caption-attachment-82514\" class=\"wp-caption-text\">\u00cata Mundo Melhor!: Dita se muda para mans\u00e3o de Candinho<\/figcaption><\/figure>\n<p>Em \u00cata Mundo Melhor!, desde que foi expulsa da pens\u00e3o ap\u00f3s brigar com Ol\u00edmpia (Rosane Gofman), Dita (Jeniffer Nascimento) decidiu embarcar de vez no romance com Candinho (Sergio Guiz\u00e9). E, mesmo correndo o risco de cair na boca do povo, tomou uma decis\u00e3o delicada: morar com ele.<\/p>\n<p>A surpresa fica por conta de Manoela (Dhu Moraes), que decide de \u00faltima hora ir junto.<\/p>\n<p>&#8220;Eu vim pra fic\u00e1 di olho no Candinho e na Dita&#8221;, ela explica ao chegar em sua nova casa.<\/p>\n<p>Dita, cansada da vigil\u00e2ncia da tia, dispara:<\/p>\n<p>&#8220;Sei mi cuid\u00e1, num preciso de vigia.&#8221;<br \/>\n<!--FIM--><br \/>\n<div class=\"pt-cv-wrapper\"><h2 class='pt-cv-heading-container heading2' data-blockid='ae5b5529ra'><span class='pt-cv-heading'> \u00daltimas da novela <\/span><\/h2><div class=\"pt-cv-view pt-cv-grid pt-cv-colsys\" id=\"pt-cv-view-ae5b5529ra\"><div data-id=\"pt-cv-page-1\" class=\"pt-cv-page\" data-cvc=\"1\"><div class=\"col-md-12 col-sm-12 col-xs-12 pt-cv-content-item pt-cv-1-col\" ><div class='pt-cv-ifield'><h4 class=\"pt-cv-title\"><a href=\"https:\/\/www.tvnovelas.com.br\/tvnews\/eta-mundo-melhor-sandra-avisa-que-nao-vai-desistir-da-vinganca\/\" class=\"_blank\" target=\"_blank\" >\u00cata Mundo Melhor!: Sandra avisa que n\u00e3o vai desistir da vingan\u00e7a<\/a><\/h4><\/div><\/div>\n<div class=\"col-md-12 col-sm-12 col-xs-12 pt-cv-content-item pt-cv-1-col\" ><div class='pt-cv-ifield'><h4 class=\"pt-cv-title\"><a href=\"https:\/\/www.tvnovelas.com.br\/tvnews\/eta-mundo-melhor-celso-conta-a-candinho-o-que-sempre-escondeu-sobre-samir\/\" class=\"_blank\" target=\"_blank\" >\u00cata Mundo Melhor!: Celso conta a Candinho o que sempre escondeu sobre Samir<\/a><\/h4><\/div><\/div>\n<div class=\"col-md-12 col-sm-12 col-xs-12 pt-cv-content-item pt-cv-1-col\" ><div class='pt-cv-ifield'><h4 class=\"pt-cv-title\"><a href=\"https:\/\/www.tvnovelas.com.br\/tvnews\/eta-mundo-melhor-lourival-pede-uma-chance-a-dita-e-eles-se-beijam\/\" class=\"_blank\" target=\"_blank\" >\u00cata Mundo Melhor!: Lourival pede uma chance a Dita e eles se beijam<\/a><\/h4><\/div><\/div><\/div><\/div><\/div><\/p>\n<h2>Sobre a novela:<\/h2>\n<p><a href=\"https:\/\/tvnovelas.com.br\/page2\/arquivo\/eta-mundo-melhor-a-volta-de-candinho-e-policarpo\/&quot;\" target=\"_blank\" rel=\"noopener\">\u00cata Mundo Melhor!: A volta de Candinho e Policarpo<\/a> (Sinopse)<br \/>\n<a href=\"https:\/\/pt.wikipedia.org\/wiki\/%C3%8Ata_Mundo_Melhor!\" target=\"_blank\" rel=\"noopener\">Sobre \u00cata Mundo Melhor!, na Wikipedia<\/a><\/p>\n<div style=\"font-size: 120%;\"><h3>Confira tamb\u00e9m<\/h3>\r\n<a href=\"https:\/\/tvnovelas.com.br\/novelas\/\" rel=\"noopener\" target=\"_blank\"><strong>Todos os resumos de novelas<\/strong><\/a><\/br>\r\n<a href=\"https:\/\/www.tvnovelas.com.br\/tvnews\/\" rel=\"noopener\" target=\"_blank\"><strong>\u00daltimas not\u00edcias das novelas<\/strong><\/a><\/br>\r\n<a href=\"https:\/\/www.tvnovelas.com.br\/filmes\/\" target=\"_blank\" rel=\"noopener noreferrer\"><strong>Programa\u00e7\u00e3o de filmes na TV aberta<\/strong><\/a><\/br>\r\n<a href=\"https:\/\/caetenews.com.br\/semana\/filmes-da-globo-na-sessao-da-tarde-desta-semana\/\" target=\"_blank\" rel=\"noopener\"><strong>Confira os filmes da semana na Sess\u00e3o da Tarde<\/strong><\/a><\/br>\r\n<a href=\"https:\/\/classindportal.mj.gov.br\/consulta-filmes\" target=\"_blank\" rel=\"noopener\"><strong>Consulte a classifica\u00e7\u00e3o indicativa dos filmes e novelas<\/strong><\/a><\/br><\/div>\n","protected":false},"excerpt":{"rendered":"<p>\u00cata Mundo Melhor!: Dita se muda para mans\u00e3o de Candinho&#8230; Em \u00cata Mundo Melhor!, desde que foi expulsa da pens\u00e3o ap\u00f3s brigar com Ol\u00edmpia&#8230;<\/p>\n","protected":false},"author":1,"featured_media":82514,"comment_status":"closed","ping_status":"closed","sticky":false,"template":"","format":"standard","meta":{"_uf_show_specific_survey":0,"_uf_disable_surveys":false,"_jetpack_memberships_contains_paid_content":false,"footnotes":"","_wp_rev_ctl_limit":""},"categories":[920],"tags":[921,5,64],"class_list":["post-82513","post","type-post","status-publish","format-standard","has-post-thumbnail","hentry","category-eta-mundo-melhor","tag-eta-mundo-melhor","tag-globo","tag-novelas","wpcat-920-id"],"aioseo_notices":[],"jetpack_featured_media_url":"https:\/\/i0.wp.com\/www.tvnovelas.com.br\/tvnews\/wp-content\/uploads\/2025\/09\/12064.jpg?fit=727%2C410&ssl=1","jetpack_shortlink":"https:\/\/wp.me\/pdP2BO-lsR","jetpack_sharing_enabled":true,"_links":{"self":[{"href":"https:\/\/www.tvnovelas.com.br\/tvnews\/wp-json\/wp\/v2\/posts\/82513","targetHints":{"allow":["GET"]}}],"collection":[{"href":"https:\/\/www.tvnovelas.com.br\/tvnews\/wp-json\/wp\/v2\/posts"}],"about":[{"href":"https:\/\/www.tvnovelas.com.br\/tvnews\/wp-json\/wp\/v2\/types\/post"}],"author":[{"embeddable":true,"href":"https:\/\/www.tvnovelas.com.br\/tvnews\/wp-json\/wp\/v2\/users\/1"}],"replies":[{"embeddable":true,"href":"https:\/\/www.tvnovelas.com.br\/tvnews\/wp-json\/wp\/v2\/comments?post=82513"}],"version-history":[{"count":1,"href":"https:\/\/www.tvnovelas.com.br\/tvnews\/wp-json\/wp\/v2\/posts\/82513\/revisions"}],"predecessor-version":[{"id":82515,"href":"https:\/\/www.tvnovelas.com.br\/tvnews\/wp-json\/wp\/v2\/posts\/82513\/revisions\/82515"}],"wp:featuredmedia":[{"embeddable":true,"href":"https:\/\/www.tvnovelas.com.br\/tvnews\/wp-json\/wp\/v2\/media\/82514"}],"wp:attachment":[{"href":"https:\/\/www.tvnovelas.com.br\/tvnews\/wp-json\/wp\/v2\/media?parent=82513"}],"wp:term":[{"taxonomy":"category","embeddable":true,"href":"https:\/\/www.tvnovelas.com.br\/tvnews\/wp-json\/wp\/v2\/categories?post=82513"},{"taxonomy":"post_tag","embeddable":true,"href":"https:\/\/www.tvnovelas.com.br\/tvnews\/wp-json\/wp\/v2\/tags?post=82513"}],"curies":[{"name":"wp","href":"https:\/\/api.w.org\/{rel}","templated":true}]}}