{"id":82581,"date":"2025-09-25T09:16:49","date_gmt":"2025-09-25T12:16:49","guid":{"rendered":"https:\/\/www.tvnovelas.com.br\/tvnews\/?p=82581"},"modified":"2025-09-25T09:16:49","modified_gmt":"2025-09-25T12:16:49","slug":"cruel-istambul-ceren-decide-revelar-gravidez-para-cenk","status":"publish","type":"post","link":"https:\/\/www.tvnovelas.com.br\/tvnews\/cruel-istambul-ceren-decide-revelar-gravidez-para-cenk\/","title":{"rendered":"Cruel Istambul: Ceren decide revelar gravidez para Cenk"},"content":{"rendered":"<figure id=\"attachment_82582\" aria-describedby=\"caption-attachment-82582\" style=\"width: 726px\" class=\"wp-caption alignnone\"><img data-recalc-dims=\"1\" decoding=\"async\" class=\"wp-image-82582 size-full\" title=\"(Foto: Reprodu\u00e7\u00e3o\/Band\/Cruel Istambul)\" src=\"https:\/\/i0.wp.com\/www.tvnovelas.com.br\/tvnews\/wp-content\/uploads\/2025\/09\/12075.jpg?resize=726%2C410&#038;ssl=1\" alt=\"Foto em Cruel Istambul: Ceren decide revelar gravidez para Cenk\" width=\"726\" height=\"410\" srcset=\"https:\/\/i0.wp.com\/www.tvnovelas.com.br\/tvnews\/wp-content\/uploads\/2025\/09\/12075.jpg?w=726&amp;ssl=1 726w, https:\/\/i0.wp.com\/www.tvnovelas.com.br\/tvnews\/wp-content\/uploads\/2025\/09\/12075.jpg?resize=250%2C141&amp;ssl=1 250w\" sizes=\"(max-width: 726px) 100vw, 726px\" \/><figcaption id=\"caption-attachment-82582\" class=\"wp-caption-text\">Cruel Istambul: Ceren decide revelar gravidez para Cenk<\/figcaption><\/figure>\n<p>No cap\u00edtulo de Cruel Istambul desta quarta, dia 24, Ceren decide contar a Cenk que est\u00e1 gerando um filho dele. Confira o resumo do cap\u00edtulo de hoje:<\/p>\n<h2 style=\"color: #9112bc;\">Resumo de quinta-feira, 25 de setembro<\/h2>\n<p>Nedim sustenta que as afirma\u00e7\u00f5es da enfermeira sobre as agress\u00f5es s\u00e3o ver\u00eddicas. Seniz finge inoc\u00eancia e Agah se culpa pelo ocorrido entre a companheira e o sobrinho. Cemre argumenta com Cenk devido \u00e0s atitudes da m\u00e3e dele. Seniz amea\u00e7a Nedim em segredo. Ceren decide contar a Cenk que est\u00e1 gerando um filho dele. Nurten trata Nedim com carinho. Agah solicita que Seher vigie Cemre. Ceren arma para Civan descobrir o que houve entre a irm\u00e3 e o herdeiro Kara\u00e7ay.<br \/>\n<!--FIM--><a href=\"https:\/\/wp.me\/p8dmjy-cmp\" target=\"_blank\" rel=\"noopener\"> Confira os resumos dos cap\u00edtulos da semana<\/a><\/p>\n<div style=\"font-size: 120%;\"><h3>Confira tamb\u00e9m<\/h3>\r\n<a href=\"https:\/\/tvnovelas.com.br\/novelas\/\" rel=\"noopener\" target=\"_blank\"><strong>Todos os resumos de novelas<\/strong><\/a><\/br>\r\n<a href=\"https:\/\/www.tvnovelas.com.br\/tvnews\/\" rel=\"noopener\" target=\"_blank\"><strong>\u00daltimas not\u00edcias das novelas<\/strong><\/a><\/br>\r\n<a href=\"https:\/\/www.tvnovelas.com.br\/filmes\/\" target=\"_blank\" rel=\"noopener noreferrer\"><strong>Programa\u00e7\u00e3o de filmes na TV aberta<\/strong><\/a><\/br>\r\n<a href=\"https:\/\/caetenews.com.br\/semana\/filmes-da-globo-na-sessao-da-tarde-desta-semana\/\" target=\"_blank\" rel=\"noopener\"><strong>Confira os filmes da semana na Sess\u00e3o da Tarde<\/strong><\/a><\/br>\r\n<a href=\"https:\/\/classindportal.mj.gov.br\/consulta-filmes\" target=\"_blank\" rel=\"noopener\"><strong>Consulte a classifica\u00e7\u00e3o indicativa dos filmes e novelas<\/strong><\/a><\/br><\/div>\n","protected":false},"excerpt":{"rendered":"<p>Cruel Istambul: Ceren decide revelar gravidez para Cenk&#8230; No cap\u00edtulo de Cruel Istambul desta quarta, dia 24,..  Confira o resumo do cap\u00edtulo de hoje:<\/p>\n","protected":false},"author":1,"featured_media":82582,"comment_status":"closed","ping_status":"closed","sticky":false,"template":"","format":"standard","meta":{"_uf_show_specific_survey":0,"_uf_disable_surveys":false,"_jetpack_memberships_contains_paid_content":false,"footnotes":"","_wp_rev_ctl_limit":""},"categories":[990],"tags":[43,991,64],"class_list":["post-82581","post","type-post","status-publish","format-standard","has-post-thumbnail","hentry","category-cruel-istambul","tag-band","tag-cruel-istambul","tag-novelas","wpcat-990-id"],"aioseo_notices":[],"jetpack_featured_media_url":"https:\/\/i0.wp.com\/www.tvnovelas.com.br\/tvnews\/wp-content\/uploads\/2025\/09\/12075.jpg?fit=726%2C410&ssl=1","jetpack_shortlink":"https:\/\/wp.me\/pdP2BO-ltX","jetpack_sharing_enabled":true,"_links":{"self":[{"href":"https:\/\/www.tvnovelas.com.br\/tvnews\/wp-json\/wp\/v2\/posts\/82581","targetHints":{"allow":["GET"]}}],"collection":[{"href":"https:\/\/www.tvnovelas.com.br\/tvnews\/wp-json\/wp\/v2\/posts"}],"about":[{"href":"https:\/\/www.tvnovelas.com.br\/tvnews\/wp-json\/wp\/v2\/types\/post"}],"author":[{"embeddable":true,"href":"https:\/\/www.tvnovelas.com.br\/tvnews\/wp-json\/wp\/v2\/users\/1"}],"replies":[{"embeddable":true,"href":"https:\/\/www.tvnovelas.com.br\/tvnews\/wp-json\/wp\/v2\/comments?post=82581"}],"version-history":[{"count":1,"href":"https:\/\/www.tvnovelas.com.br\/tvnews\/wp-json\/wp\/v2\/posts\/82581\/revisions"}],"predecessor-version":[{"id":82583,"href":"https:\/\/www.tvnovelas.com.br\/tvnews\/wp-json\/wp\/v2\/posts\/82581\/revisions\/82583"}],"wp:featuredmedia":[{"embeddable":true,"href":"https:\/\/www.tvnovelas.com.br\/tvnews\/wp-json\/wp\/v2\/media\/82582"}],"wp:attachment":[{"href":"https:\/\/www.tvnovelas.com.br\/tvnews\/wp-json\/wp\/v2\/media?parent=82581"}],"wp:term":[{"taxonomy":"category","embeddable":true,"href":"https:\/\/www.tvnovelas.com.br\/tvnews\/wp-json\/wp\/v2\/categories?post=82581"},{"taxonomy":"post_tag","embeddable":true,"href":"https:\/\/www.tvnovelas.com.br\/tvnews\/wp-json\/wp\/v2\/tags?post=82581"}],"curies":[{"name":"wp","href":"https:\/\/api.w.org\/{rel}","templated":true}]}}