{"id":82623,"date":"2025-09-26T09:28:09","date_gmt":"2025-09-26T12:28:09","guid":{"rendered":"https:\/\/www.tvnovelas.com.br\/tvnews\/?p=82623"},"modified":"2025-09-26T09:28:29","modified_gmt":"2025-09-26T12:28:29","slug":"dona-de-mim-cha-de-ayla-revela-jaques-como-pai-dela-e-de-davi","status":"publish","type":"post","link":"https:\/\/www.tvnovelas.com.br\/tvnews\/dona-de-mim-cha-de-ayla-revela-jaques-como-pai-dela-e-de-davi\/","title":{"rendered":"Dona de Mim: Ch\u00e1 de Ayla revela Jaques como pai dela e de Davi"},"content":{"rendered":"<figure id=\"attachment_82624\" aria-describedby=\"caption-attachment-82624\" style=\"width: 727px\" class=\"wp-caption alignnone\"><img data-recalc-dims=\"1\" decoding=\"async\" class=\"wp-image-82624 size-full\" title=\"(Foto: TV Globo\/Dona de Mim)\" src=\"https:\/\/i0.wp.com\/www.tvnovelas.com.br\/tvnews\/wp-content\/uploads\/2025\/09\/12084.jpg?resize=727%2C410&#038;ssl=1\" alt=\"Foto em Dona de Mim: Ch\u00e1 de Ayla revela Jaques como pai dela e de Davi\" width=\"727\" height=\"410\" srcset=\"https:\/\/i0.wp.com\/www.tvnovelas.com.br\/tvnews\/wp-content\/uploads\/2025\/09\/12084.jpg?w=727&amp;ssl=1 727w, https:\/\/i0.wp.com\/www.tvnovelas.com.br\/tvnews\/wp-content\/uploads\/2025\/09\/12084.jpg?resize=250%2C141&amp;ssl=1 250w\" sizes=\"(max-width: 727px) 100vw, 727px\" \/><figcaption id=\"caption-attachment-82624\" class=\"wp-caption-text\">Dona de Mim: Ch\u00e1 de Ayla revela Jaques como pai dela e de Davi<\/figcaption><\/figure>\n<p>Em Dona de Mim, Uma grande confus\u00e3o vai movimentar o ch\u00e1-revela\u00e7\u00e3o dos g\u00eameos esperados por Ayla (Bel Lima). Filipa (Cl\u00e1udia Abreu) vai trocar os envelopes e, em vez de ler os sexos de seus beb\u00eas, Ayla far\u00e1 outra grande revela\u00e7\u00e3o. A herdeira dos Boaz ir\u00e1 anunciar no palco, na frente de todo mundo, que Jaques (Marcello Novaes) \u00e9 o pai biol\u00f3gico de Davi (Rafael Vitti). E, depois, ainda vai descobrir que o tio tamb\u00e9m \u00e9 seu pai.<\/p>\n<p>\u201cQuero agradecer a presen\u00e7a de todo mundo. Saber que os nossos pequenos j\u00e1 s\u00e3o t\u00e3o queridos, me deixa muito feliz. E com vontade de fazer xixi tamb\u00e9m\u201d, diz Ayla.<\/p>\n<p>Antes da confus\u00e3o, no entanto, haver\u00e1 um momento em que Ayla e Caco (Pedro Alves), o pai de seus filhos, cantar\u00e3o juntos \u201cSonho Meu\u201d.<\/p>\n<p>E na hora da revela\u00e7\u00e3o&#8230;<\/p>\n<p>\u201cSer\u00e1 que s\u00e3o dois meninos? Duas meninas?\u201d, pergunta Ayla para a \u201cplateia\u201d.<\/p>\n<p>Mas, quando come\u00e7ar a ler o documento entregue por Filipa, o rosto de alegria de Ayla ir\u00e1 se desfazer aos poucos.<\/p>\n<p>\u201cOs marcadores moleculares, em todos os locos analisados, evidenciaram que os alelos do suposto pai Jaques Rubin Boaz s\u00e3o coincidentes com os alelos paternos obrigat\u00f3rios encontrados no filho Davi Levy Boaz. Que palha\u00e7ada \u00e9 essa, gente?\u201d, indaga Ayla.<\/p>\n<p>Jaques, ent\u00e3o, que estar\u00e1 no palco ao lado de Davi, ir\u00e1 responder ao questionamento de Ayla.<\/p>\n<p>\u201cN\u00e3o queria que voc\u00ea descobrisse desse jeito&#8230; Sim, eu sou pai do Davi. E seu tamb\u00e9m\u201d, dispara.<\/p>\n<p>Ayla ficar\u00e1 em choque.<br \/>\n<!--FIM--><br \/>\n<div class=\"pt-cv-wrapper\"><h2 class='pt-cv-heading-container heading2' data-blockid='9b88c0b6t2'><span class='pt-cv-heading'> \u00daltimas da novela <\/span><\/h2><div class=\"pt-cv-view pt-cv-grid pt-cv-colsys\" id=\"pt-cv-view-9b88c0b6t2\"><div data-id=\"pt-cv-page-1\" class=\"pt-cv-page\" data-cvc=\"1\"><div class=\"col-md-12 col-sm-12 col-xs-12 pt-cv-content-item pt-cv-1-col\" ><div class='pt-cv-ifield'><h4 class=\"pt-cv-title\"><a href=\"https:\/\/www.tvnovelas.com.br\/tvnews\/dona-de-mim-abel-aparece-e-salva-sofia-do-incendio\/\" class=\"_blank\" target=\"_blank\" >Dona de Mim: Abel \u2018aparece&#8217; e salva Sofia do inc\u00eandio<\/a><\/h4><\/div><\/div>\n<div class=\"col-md-12 col-sm-12 col-xs-12 pt-cv-content-item pt-cv-1-col\" ><div class='pt-cv-ifield'><h4 class=\"pt-cv-title\"><a href=\"https:\/\/www.tvnovelas.com.br\/tvnews\/dona-de-mim-jaques-coloca-fogo-na-boaz\/\" class=\"_blank\" target=\"_blank\" >Dona de Mim: Jaques coloca fogo na Boaz<\/a><\/h4><\/div><\/div>\n<div class=\"col-md-12 col-sm-12 col-xs-12 pt-cv-content-item pt-cv-1-col\" ><div class='pt-cv-ifield'><h4 class=\"pt-cv-title\"><a href=\"https:\/\/www.tvnovelas.com.br\/tvnews\/dona-de-mim-davi-e-barbara-sofrem-grave-acidente\/\" class=\"_blank\" target=\"_blank\" >Dona de Mim: Davi e B\u00e1rbara sofrem grave acidente<\/a><\/h4><\/div><\/div><\/div><\/div><\/div><br \/>\n<strong>Sobre a novela<\/strong><br \/>\n<a href=\"https:\/\/wp.me\/pfspD2-UO\" target=\"_blank\" rel=\"noopener\">Dona de Mim: A trama da novela<\/a><br \/>\n<a href=\"https:\/\/wp.me\/pfspD2-UG\" target=\"_blank\" rel=\"noopener\">Dona de Mim: A fam\u00edlia Boaz e seu imp\u00e9rio de lingerie<\/a><\/p>\n<div style=\"font-size: 120%;\"><h3>Confira tamb\u00e9m<\/h3>\r\n<a href=\"https:\/\/tvnovelas.com.br\/novelas\/\" rel=\"noopener\" target=\"_blank\"><strong>Todos os resumos de novelas<\/strong><\/a><\/br>\r\n<a href=\"https:\/\/www.tvnovelas.com.br\/tvnews\/\" rel=\"noopener\" target=\"_blank\"><strong>\u00daltimas not\u00edcias das novelas<\/strong><\/a><\/br>\r\n<a href=\"https:\/\/www.tvnovelas.com.br\/filmes\/\" target=\"_blank\" rel=\"noopener noreferrer\"><strong>Programa\u00e7\u00e3o de filmes na TV aberta<\/strong><\/a><\/br>\r\n<a href=\"https:\/\/caetenews.com.br\/semana\/filmes-da-globo-na-sessao-da-tarde-desta-semana\/\" target=\"_blank\" rel=\"noopener\"><strong>Confira os filmes da semana na Sess\u00e3o da Tarde<\/strong><\/a><\/br>\r\n<a href=\"https:\/\/classindportal.mj.gov.br\/consulta-filmes\" target=\"_blank\" rel=\"noopener\"><strong>Consulte a classifica\u00e7\u00e3o indicativa dos filmes e novelas<\/strong><\/a><\/br><\/div>\n","protected":false},"excerpt":{"rendered":"<p>Dona de Mim: Ch\u00e1 de Ayla revela Jaques como pai dela e de Davi&#8230; Em Dona de Mim, Uma grande confus\u00e3o vai movimentar o ch\u00e1-revela\u00e7\u00e3o&#8230;<\/p>\n","protected":false},"author":1,"featured_media":82624,"comment_status":"closed","ping_status":"closed","sticky":false,"template":"","format":"standard","meta":{"_uf_show_specific_survey":0,"_uf_disable_surveys":false,"_jetpack_memberships_contains_paid_content":false,"footnotes":"","_wp_rev_ctl_limit":""},"categories":[884],"tags":[883,5,64],"class_list":["post-82623","post","type-post","status-publish","format-standard","has-post-thumbnail","hentry","category-dona-de-mim","tag-dona-de-mim","tag-globo","tag-novelas","wpcat-884-id"],"aioseo_notices":[],"jetpack_featured_media_url":"https:\/\/i0.wp.com\/www.tvnovelas.com.br\/tvnews\/wp-content\/uploads\/2025\/09\/12084.jpg?fit=727%2C410&ssl=1","jetpack_shortlink":"https:\/\/wp.me\/pdP2BO-luD","jetpack_sharing_enabled":true,"_links":{"self":[{"href":"https:\/\/www.tvnovelas.com.br\/tvnews\/wp-json\/wp\/v2\/posts\/82623","targetHints":{"allow":["GET"]}}],"collection":[{"href":"https:\/\/www.tvnovelas.com.br\/tvnews\/wp-json\/wp\/v2\/posts"}],"about":[{"href":"https:\/\/www.tvnovelas.com.br\/tvnews\/wp-json\/wp\/v2\/types\/post"}],"author":[{"embeddable":true,"href":"https:\/\/www.tvnovelas.com.br\/tvnews\/wp-json\/wp\/v2\/users\/1"}],"replies":[{"embeddable":true,"href":"https:\/\/www.tvnovelas.com.br\/tvnews\/wp-json\/wp\/v2\/comments?post=82623"}],"version-history":[{"count":2,"href":"https:\/\/www.tvnovelas.com.br\/tvnews\/wp-json\/wp\/v2\/posts\/82623\/revisions"}],"predecessor-version":[{"id":82626,"href":"https:\/\/www.tvnovelas.com.br\/tvnews\/wp-json\/wp\/v2\/posts\/82623\/revisions\/82626"}],"wp:featuredmedia":[{"embeddable":true,"href":"https:\/\/www.tvnovelas.com.br\/tvnews\/wp-json\/wp\/v2\/media\/82624"}],"wp:attachment":[{"href":"https:\/\/www.tvnovelas.com.br\/tvnews\/wp-json\/wp\/v2\/media?parent=82623"}],"wp:term":[{"taxonomy":"category","embeddable":true,"href":"https:\/\/www.tvnovelas.com.br\/tvnews\/wp-json\/wp\/v2\/categories?post=82623"},{"taxonomy":"post_tag","embeddable":true,"href":"https:\/\/www.tvnovelas.com.br\/tvnews\/wp-json\/wp\/v2\/tags?post=82623"}],"curies":[{"name":"wp","href":"https:\/\/api.w.org\/{rel}","templated":true}]}}