{"id":82630,"date":"2025-09-26T10:01:50","date_gmt":"2025-09-26T13:01:50","guid":{"rendered":"https:\/\/www.tvnovelas.com.br\/tvnews\/?p=82630"},"modified":"2025-09-26T10:01:50","modified_gmt":"2025-09-26T13:01:50","slug":"vale-tudo-odete-roitman-sequestra-fatima","status":"publish","type":"post","link":"https:\/\/www.tvnovelas.com.br\/tvnews\/vale-tudo-odete-roitman-sequestra-fatima\/","title":{"rendered":"Vale Tudo: Odete Roitman sequestra F\u00e1tima"},"content":{"rendered":"<figure id=\"attachment_82631\" aria-describedby=\"caption-attachment-82631\" style=\"width: 728px\" class=\"wp-caption alignnone\"><img data-recalc-dims=\"1\" decoding=\"async\" class=\"wp-image-82631 size-full\" title=\"(Foto: TV Globo\/Vale Tudo)\" src=\"https:\/\/i0.wp.com\/www.tvnovelas.com.br\/tvnews\/wp-content\/uploads\/2025\/09\/12085.jpg?resize=728%2C410&#038;ssl=1\" alt=\"Foto em Vale Tudo: Odete Roitman sequestra F\u00e1tima\" width=\"728\" height=\"410\" srcset=\"https:\/\/i0.wp.com\/www.tvnovelas.com.br\/tvnews\/wp-content\/uploads\/2025\/09\/12085.jpg?w=728&amp;ssl=1 728w, https:\/\/i0.wp.com\/www.tvnovelas.com.br\/tvnews\/wp-content\/uploads\/2025\/09\/12085.jpg?resize=250%2C141&amp;ssl=1 250w\" sizes=\"(max-width: 728px) 100vw, 728px\" \/><figcaption id=\"caption-attachment-82631\" class=\"wp-caption-text\">Vale Tudo: Odete Roitman sequestra F\u00e1tima<\/figcaption><\/figure>\n<p>Em Vale Tudo, A situa\u00e7\u00e3o vai complicar para Maria de F\u00e1tima (Bella Campos)! J\u00e1 faz um tempo que a alpinista social vem extorquindo Odete Roitman (D\u00e9bora Bloch); agora, a jovem ir\u00e1 ser lembrada do qu\u00e3o perigosa a vil\u00e3 pode ser. A situa\u00e7\u00e3o ir\u00e1 terminar em um sequestro.<\/p>\n<p>A empres\u00e1ria ir\u00e1 contratar um criminoso e levar\u00e1 F\u00e1tima, que est\u00e1 gr\u00e1vida, para uma f\u00e1brica abandonada, deixando-a l\u00e1 com o criminoso. Raquel (Ta\u00eds Araujo) e Poliana (Matheus Nachtergaele), preocupados com a mo\u00e7a, ir\u00e3o atr\u00e1s e tamb\u00e9m v\u00e3o cair na armadilha de Odete.<\/p>\n<p>Os tr\u00eas ser\u00e3o salvos por Ivan que chega e consegue golpear Celso, que cai desfalecido.<\/p>\n<p>As cenas v\u00e3o ao ar nos cap\u00edtulos da pr\u00f3xima semana.<br \/>\n<!--FIM--><br \/>\n<a href=\"https:\/\/wp.me\/pfspD2-oI\" target=\"_blank\" rel=\"noopener\">Vale Tudo: Invers\u00e3o de valores no final dos anos erdade1980<\/a> (Sinopse)<\/p>\n<div style=\"font-size: 120%;\"><h3>Confira tamb\u00e9m<\/h3>\r\n<a href=\"https:\/\/tvnovelas.com.br\/novelas\/\" rel=\"noopener\" target=\"_blank\"><strong>Todos os resumos de novelas<\/strong><\/a><\/br>\r\n<a href=\"https:\/\/www.tvnovelas.com.br\/tvnews\/\" rel=\"noopener\" target=\"_blank\"><strong>\u00daltimas not\u00edcias das novelas<\/strong><\/a><\/br>\r\n<a href=\"https:\/\/www.tvnovelas.com.br\/filmes\/\" target=\"_blank\" rel=\"noopener noreferrer\"><strong>Programa\u00e7\u00e3o de filmes na TV aberta<\/strong><\/a><\/br>\r\n<a href=\"https:\/\/caetenews.com.br\/semana\/filmes-da-globo-na-sessao-da-tarde-desta-semana\/\" target=\"_blank\" rel=\"noopener\"><strong>Confira os filmes da semana na Sess\u00e3o da Tarde<\/strong><\/a><\/br>\r\n<a href=\"https:\/\/classindportal.mj.gov.br\/consulta-filmes\" target=\"_blank\" rel=\"noopener\"><strong>Consulte a classifica\u00e7\u00e3o indicativa dos filmes e novelas<\/strong><\/a><\/br><\/div>\n","protected":false},"excerpt":{"rendered":"<p>Vale Tudo: Odete Roitman sequestra F\u00e1tima&#8230; Em Vale Tudo, A situa\u00e7\u00e3o vai complicar para Maria de F\u00e1tima (Bella Campos)! J\u00e1 faz um tempo que a alpinista&#8230;<\/p>\n","protected":false},"author":1,"featured_media":82631,"comment_status":"closed","ping_status":"closed","sticky":false,"template":"","format":"standard","meta":{"_uf_show_specific_survey":0,"_uf_disable_surveys":false,"_jetpack_memberships_contains_paid_content":false,"footnotes":"","_wp_rev_ctl_limit":""},"categories":[871],"tags":[5,64,801],"class_list":["post-82630","post","type-post","status-publish","format-standard","has-post-thumbnail","hentry","category-vale-tudo","tag-globo","tag-novelas","tag-vale-tudo","wpcat-871-id"],"aioseo_notices":[],"jetpack_featured_media_url":"https:\/\/i0.wp.com\/www.tvnovelas.com.br\/tvnews\/wp-content\/uploads\/2025\/09\/12085.jpg?fit=728%2C410&ssl=1","jetpack_shortlink":"https:\/\/wp.me\/pdP2BO-luK","jetpack_sharing_enabled":true,"_links":{"self":[{"href":"https:\/\/www.tvnovelas.com.br\/tvnews\/wp-json\/wp\/v2\/posts\/82630","targetHints":{"allow":["GET"]}}],"collection":[{"href":"https:\/\/www.tvnovelas.com.br\/tvnews\/wp-json\/wp\/v2\/posts"}],"about":[{"href":"https:\/\/www.tvnovelas.com.br\/tvnews\/wp-json\/wp\/v2\/types\/post"}],"author":[{"embeddable":true,"href":"https:\/\/www.tvnovelas.com.br\/tvnews\/wp-json\/wp\/v2\/users\/1"}],"replies":[{"embeddable":true,"href":"https:\/\/www.tvnovelas.com.br\/tvnews\/wp-json\/wp\/v2\/comments?post=82630"}],"version-history":[{"count":1,"href":"https:\/\/www.tvnovelas.com.br\/tvnews\/wp-json\/wp\/v2\/posts\/82630\/revisions"}],"predecessor-version":[{"id":82632,"href":"https:\/\/www.tvnovelas.com.br\/tvnews\/wp-json\/wp\/v2\/posts\/82630\/revisions\/82632"}],"wp:featuredmedia":[{"embeddable":true,"href":"https:\/\/www.tvnovelas.com.br\/tvnews\/wp-json\/wp\/v2\/media\/82631"}],"wp:attachment":[{"href":"https:\/\/www.tvnovelas.com.br\/tvnews\/wp-json\/wp\/v2\/media?parent=82630"}],"wp:term":[{"taxonomy":"category","embeddable":true,"href":"https:\/\/www.tvnovelas.com.br\/tvnews\/wp-json\/wp\/v2\/categories?post=82630"},{"taxonomy":"post_tag","embeddable":true,"href":"https:\/\/www.tvnovelas.com.br\/tvnews\/wp-json\/wp\/v2\/tags?post=82630"}],"curies":[{"name":"wp","href":"https:\/\/api.w.org\/{rel}","templated":true}]}}