{"id":82635,"date":"2025-09-26T11:43:31","date_gmt":"2025-09-26T14:43:31","guid":{"rendered":"https:\/\/www.tvnovelas.com.br\/tvnews\/?p=82635"},"modified":"2025-09-26T11:43:31","modified_gmt":"2025-09-26T14:43:31","slug":"cruel-istambul-ceren-e-neriman-entram-em-um-embate","status":"publish","type":"post","link":"https:\/\/www.tvnovelas.com.br\/tvnews\/cruel-istambul-ceren-e-neriman-entram-em-um-embate\/","title":{"rendered":"Cruel Istambul: Ceren e Neriman entram em um embate"},"content":{"rendered":"<figure id=\"attachment_82636\" aria-describedby=\"caption-attachment-82636\" style=\"width: 728px\" class=\"wp-caption alignnone\"><img data-recalc-dims=\"1\" decoding=\"async\" class=\"wp-image-82636 size-full\" title=\"(Foto: Reprodu\u00e7\u00e3o\/Band\/Cruel Istambul)\" src=\"https:\/\/i0.wp.com\/www.tvnovelas.com.br\/tvnews\/wp-content\/uploads\/2025\/09\/12086.jpg?resize=728%2C410&#038;ssl=1\" alt=\"Foto em Cruel Istambul: Ceren e Neriman entram em um embate\" width=\"728\" height=\"410\" srcset=\"https:\/\/i0.wp.com\/www.tvnovelas.com.br\/tvnews\/wp-content\/uploads\/2025\/09\/12086.jpg?w=728&amp;ssl=1 728w, https:\/\/i0.wp.com\/www.tvnovelas.com.br\/tvnews\/wp-content\/uploads\/2025\/09\/12086.jpg?resize=250%2C141&amp;ssl=1 250w\" sizes=\"(max-width: 728px) 100vw, 728px\" \/><figcaption id=\"caption-attachment-82636\" class=\"wp-caption-text\">Cruel Istambul: Ceren e Neriman entram em um embate<\/figcaption><\/figure>\n<p>No cap\u00edtulo de Cruel Istambul desta sexta, dia 26, Ceren tenta informar para Cenk sobre a gesta\u00e7\u00e3o, mas Neriman descobre e elas entram em um embate. Confira o resumo do cap\u00edtulo de hoje:<\/p>\n<h2 style=\"color: #9112bc;\">Resumo de sexta-feira, 26 de setembro<\/h2>\n<p>Civan acusa Cemre de se envolver com Cenk. Nedim se recusa a comer e clama pela presen\u00e7a da jovem. Ceren tenta informar para Cenk sobre a gesta\u00e7\u00e3o, mas Neriman descobre e elas entram em um embate. Seher se abre com Cemre a respeito do seu passado. A av\u00f3 convence Ceren a manter a crian\u00e7a em segredo. Damla fica enciumada ao ver Civan com outra mo\u00e7a. Cenk procura Cemre e Nedim parte para cima dele. Depois dessa atitude, Agah se esfor\u00e7a para entender o que aconteceu com o rapaz. Cenk sai desgovernado com o carro. Seher e Cemre conversam e a mo\u00e7a decide se desculpar com Agah e Seniz.<br \/>\n<!--FIM--><a href=\"https:\/\/wp.me\/p8dmjy-cmp\" target=\"_blank\" rel=\"noopener\"> Confira os resumos dos cap\u00edtulos da semana<\/a><\/p>\n<div style=\"font-size: 120%;\"><h3>Confira tamb\u00e9m<\/h3>\r\n<a href=\"https:\/\/tvnovelas.com.br\/novelas\/\" rel=\"noopener\" target=\"_blank\"><strong>Todos os resumos de novelas<\/strong><\/a><\/br>\r\n<a href=\"https:\/\/www.tvnovelas.com.br\/tvnews\/\" rel=\"noopener\" target=\"_blank\"><strong>\u00daltimas not\u00edcias das novelas<\/strong><\/a><\/br>\r\n<a href=\"https:\/\/www.tvnovelas.com.br\/filmes\/\" target=\"_blank\" rel=\"noopener noreferrer\"><strong>Programa\u00e7\u00e3o de filmes na TV aberta<\/strong><\/a><\/br>\r\n<a href=\"https:\/\/caetenews.com.br\/semana\/filmes-da-globo-na-sessao-da-tarde-desta-semana\/\" target=\"_blank\" rel=\"noopener\"><strong>Confira os filmes da semana na Sess\u00e3o da Tarde<\/strong><\/a><\/br>\r\n<a href=\"https:\/\/classindportal.mj.gov.br\/consulta-filmes\" target=\"_blank\" rel=\"noopener\"><strong>Consulte a classifica\u00e7\u00e3o indicativa dos filmes e novelas<\/strong><\/a><\/br><\/div>\n","protected":false},"excerpt":{"rendered":"<p>Cruel Istambul: Ceren e Neriman entram em um embate&#8230; No cap\u00edtulo de Cruel Istambul desta sexta, dia 26&#8230; Confira o resumo do cap\u00edtulo de hoje<\/p>\n","protected":false},"author":1,"featured_media":82636,"comment_status":"closed","ping_status":"closed","sticky":false,"template":"","format":"standard","meta":{"_uf_show_specific_survey":0,"_uf_disable_surveys":false,"_jetpack_memberships_contains_paid_content":false,"footnotes":"","_wp_rev_ctl_limit":""},"categories":[990],"tags":[43,991,64],"class_list":["post-82635","post","type-post","status-publish","format-standard","has-post-thumbnail","hentry","category-cruel-istambul","tag-band","tag-cruel-istambul","tag-novelas","wpcat-990-id"],"aioseo_notices":[],"jetpack_featured_media_url":"https:\/\/i0.wp.com\/www.tvnovelas.com.br\/tvnews\/wp-content\/uploads\/2025\/09\/12086.jpg?fit=728%2C410&ssl=1","jetpack_shortlink":"https:\/\/wp.me\/pdP2BO-luP","jetpack_sharing_enabled":true,"_links":{"self":[{"href":"https:\/\/www.tvnovelas.com.br\/tvnews\/wp-json\/wp\/v2\/posts\/82635","targetHints":{"allow":["GET"]}}],"collection":[{"href":"https:\/\/www.tvnovelas.com.br\/tvnews\/wp-json\/wp\/v2\/posts"}],"about":[{"href":"https:\/\/www.tvnovelas.com.br\/tvnews\/wp-json\/wp\/v2\/types\/post"}],"author":[{"embeddable":true,"href":"https:\/\/www.tvnovelas.com.br\/tvnews\/wp-json\/wp\/v2\/users\/1"}],"replies":[{"embeddable":true,"href":"https:\/\/www.tvnovelas.com.br\/tvnews\/wp-json\/wp\/v2\/comments?post=82635"}],"version-history":[{"count":1,"href":"https:\/\/www.tvnovelas.com.br\/tvnews\/wp-json\/wp\/v2\/posts\/82635\/revisions"}],"predecessor-version":[{"id":82637,"href":"https:\/\/www.tvnovelas.com.br\/tvnews\/wp-json\/wp\/v2\/posts\/82635\/revisions\/82637"}],"wp:featuredmedia":[{"embeddable":true,"href":"https:\/\/www.tvnovelas.com.br\/tvnews\/wp-json\/wp\/v2\/media\/82636"}],"wp:attachment":[{"href":"https:\/\/www.tvnovelas.com.br\/tvnews\/wp-json\/wp\/v2\/media?parent=82635"}],"wp:term":[{"taxonomy":"category","embeddable":true,"href":"https:\/\/www.tvnovelas.com.br\/tvnews\/wp-json\/wp\/v2\/categories?post=82635"},{"taxonomy":"post_tag","embeddable":true,"href":"https:\/\/www.tvnovelas.com.br\/tvnews\/wp-json\/wp\/v2\/tags?post=82635"}],"curies":[{"name":"wp","href":"https:\/\/api.w.org\/{rel}","templated":true}]}}