{"id":82639,"date":"2025-09-26T12:02:16","date_gmt":"2025-09-26T15:02:16","guid":{"rendered":"https:\/\/www.tvnovelas.com.br\/tvnews\/?p=82639"},"modified":"2025-09-26T12:02:16","modified_gmt":"2025-09-26T15:02:16","slug":"as-filhas-da-senhora-garcia-mar-e-libertada","status":"publish","type":"post","link":"https:\/\/www.tvnovelas.com.br\/tvnews\/as-filhas-da-senhora-garcia-mar-e-libertada\/","title":{"rendered":"As Filhas da Senhora Garcia: Mar \u00e9 libertada"},"content":{"rendered":"<figure id=\"attachment_82640\" aria-describedby=\"caption-attachment-82640\" style=\"width: 728px\" class=\"wp-caption alignnone\"><img data-recalc-dims=\"1\" decoding=\"async\" class=\"wp-image-82640 size-full\" title=\"(Foto: Televisa\/SBT\/As Filhas da Senhora Garcia)\" src=\"https:\/\/i0.wp.com\/www.tvnovelas.com.br\/tvnews\/wp-content\/uploads\/2025\/09\/12087.jpg?resize=728%2C410&#038;ssl=1\" alt=\"Foto em As Filhas da Senhora Garcia: Mar \u00e9 libertada\" width=\"728\" height=\"410\" srcset=\"https:\/\/i0.wp.com\/www.tvnovelas.com.br\/tvnews\/wp-content\/uploads\/2025\/09\/12087.jpg?w=728&amp;ssl=1 728w, https:\/\/i0.wp.com\/www.tvnovelas.com.br\/tvnews\/wp-content\/uploads\/2025\/09\/12087.jpg?resize=250%2C141&amp;ssl=1 250w\" sizes=\"(max-width: 728px) 100vw, 728px\" \/><figcaption id=\"caption-attachment-82640\" class=\"wp-caption-text\">As Filhas da Senhora Garcia: Mar \u00e9 libertada<\/figcaption><\/figure>\n<p>No cap\u00edtulo de As Filhas da Senhora Garcia desta sexta, dia 26, Mar \u00e9 libertada, e Of\u00e9lia e Val\u00e9ria ficam felizes. Mar, chorando, pede perd\u00e3o a Val\u00e9ria e \u00e0 sua m\u00e3e por t\u00ea-las tratado mal. Of\u00e9lia, por sua vez, diz aos rep\u00f3rteres que ningu\u00e9m que tenha feito mal \u00e0s suas filhas ficar\u00e1 impune.<\/p>\n<p>Camila fica furiosa quando Nicolau diz que Mar ficou livre e Artur lamenta ter duvidado dela, o que fez com que Val\u00e9ria terminasse seu relacionamento com ele.<\/p>\n<p>Nicolau diz a Mar que seu pai j\u00e1 est\u00e1 consciente e quer v\u00ea-la e acrescenta que seu pai n\u00e3o sabe de nada. Of\u00e9lia diz que n\u00e3o permitir\u00e1 que sua filha v\u00e1 v\u00ea-lo, mas Mar responde que n\u00e3o pode desaparecer da vida de Lu\u00eds assim, j\u00e1 que ele foi bom com ela; ent\u00e3o, ela vai visit\u00e1-lo.<\/p>\n<p>Of\u00e9lia n\u00e3o esconde as humilha\u00e7\u00f5es a que Mar foi submetida. Ela conta a Lu\u00eds que seus filhos acusaram Mar de querer mat\u00e1-lo, a mandaram para a pris\u00e3o e a fizeram assinar o div\u00f3rcio, o que faz com que Lu\u00eds se sinta mal.<\/p>\n<p>Confira o resumo do cap\u00edtulo de hoje:<\/p>\n<h2 style=\"color: #9112bc;\">Resumo de sexta-feira, 26 de setembro<\/h2>\n<p>Nicol\u00e1s fica irritado com Leonardo ao v\u00ea-lo ocupando o lugar de seu pai. Leonardo diz que seu pai o deixou \u00e0 frente da empresa. Nicol\u00e1s responde que a cadeira \u00e9 grande demais para ele e que aproveite enquanto o pai n\u00e3o volta. Leonardo quer que seja oficializado que ele \u00e9 o novo diretor da Textiles Portilla. Mar \u00e9 libertada, e Of\u00e9lia e Val\u00e9ria ficam felizes. Mar, chorando, pede perd\u00e3o a Val\u00e9ria e \u00e0 sua m\u00e3e por t\u00ea-las tratado mal. Of\u00e9lia diz aos rep\u00f3rteres que ningu\u00e9m que tenha feito mal \u00e0s suas filhas ficar\u00e1 impune. Rosa pergunta a Paula quando Lupita vai voltar, e Paula responde que nunca, porque Lupita tentou assassinar Lu\u00eds. Rosa diz que isso \u00e9 mentira, que Lupita fazia tudo o que Paula mandava. Camila fica furiosa quando Nicol\u00e1s diz que Mar ficou livre, e Artur lamenta ter duvidado dela, o que fez com que Val\u00e9ria terminasse seu relacionamento com ele. Nicol\u00e1s diz a Mar que seu pai j\u00e1 est\u00e1 consciente e quer v\u00ea-la. Juan descobre que Mar j\u00e1 est\u00e1 livre, e Jacinto pede que ele n\u00e3o a procure mais, que pense em Camila e no beb\u00ea. Juan diz que s\u00f3 quer saber se ela est\u00e1 bem. Nicol\u00e1s diz a Mar que seu pai n\u00e3o sabe de nada. Of\u00e9lia diz que n\u00e3o permitir\u00e1 que sua filha v\u00e1 v\u00ea-lo, mas Mar responde que n\u00e3o pode desaparecer da vida de Lu\u00eds assim, j\u00e1 que ele foi bom com ela; ent\u00e3o, ela vai visit\u00e1-lo. Leonardo est\u00e1 preocupado com o que fez enquanto seu pai estava inconsciente. Sem nenhum pudor, Of\u00e9lia diz a Lu\u00eds que seus filhos acusaram Mar de querer mat\u00e1-lo, a mandaram para a pris\u00e3o e a fizeram assinar o div\u00f3rcio, o que faz com que Lu\u00eds se sinta mal. Artur, furioso, avisa Of\u00e9lia que, se algo acontecer com seu pai, ela vai se arrepender. Val\u00e9ria diz para ele n\u00e3o falar assim com sua m\u00e3e. Mar diz \u00e0 sua m\u00e3e que n\u00e3o deveria ter contado nada para Lu\u00eds. Leonardo diz a Paula que est\u00e1 cansado de ser manipulado por ela. Artur descobre que Rocio \u00e9 m\u00e3e de Nicol\u00e1s ou dele pr\u00f3prio e reclama com Val\u00e9ria, dizendo que ela sabia disso h\u00e1 muito tempo e n\u00e3o contou nada.<\/p>\n<p><!--FIM--><\/p>\n<div style=\"font-size: 120%;\"><h3>Confira tamb\u00e9m<\/h3>\r\n<a href=\"https:\/\/tvnovelas.com.br\/novelas\/\" rel=\"noopener\" target=\"_blank\"><strong>Todos os resumos de novelas<\/strong><\/a><\/br>\r\n<a href=\"https:\/\/www.tvnovelas.com.br\/tvnews\/\" rel=\"noopener\" target=\"_blank\"><strong>\u00daltimas not\u00edcias das novelas<\/strong><\/a><\/br>\r\n<a href=\"https:\/\/www.tvnovelas.com.br\/filmes\/\" target=\"_blank\" rel=\"noopener noreferrer\"><strong>Programa\u00e7\u00e3o de filmes na TV aberta<\/strong><\/a><\/br>\r\n<a href=\"https:\/\/caetenews.com.br\/semana\/filmes-da-globo-na-sessao-da-tarde-desta-semana\/\" target=\"_blank\" rel=\"noopener\"><strong>Confira os filmes da semana na Sess\u00e3o da Tarde<\/strong><\/a><\/br>\r\n<a href=\"https:\/\/classindportal.mj.gov.br\/consulta-filmes\" target=\"_blank\" rel=\"noopener\"><strong>Consulte a classifica\u00e7\u00e3o indicativa dos filmes e novelas<\/strong><\/a><\/br><\/div>\n","protected":false},"excerpt":{"rendered":"<p>As Filhas da Senhora Garcia: Mar \u00e9 libertada&#8230; No cap\u00edtulo de As Filhas da Senhora Garcia desta sexta, dia 26, Mar \u00e9 libertada, e Of\u00e9lia e Val\u00e9ria&#8230;.<\/p>\n","protected":false},"author":1,"featured_media":82640,"comment_status":"closed","ping_status":"closed","sticky":false,"template":"","format":"standard","meta":{"_uf_show_specific_survey":0,"_uf_disable_surveys":false,"_jetpack_memberships_contains_paid_content":false,"footnotes":"","_wp_rev_ctl_limit":""},"categories":[930],"tags":[931,64],"class_list":["post-82639","post","type-post","status-publish","format-standard","has-post-thumbnail","hentry","category-as-filhas-da-senhora-garcia","tag-as-filhas-da-senhora-garcia","tag-novelas","wpcat-930-id"],"aioseo_notices":[],"jetpack_featured_media_url":"https:\/\/i0.wp.com\/www.tvnovelas.com.br\/tvnews\/wp-content\/uploads\/2025\/09\/12087.jpg?fit=728%2C410&ssl=1","jetpack_shortlink":"https:\/\/wp.me\/pdP2BO-luT","jetpack_sharing_enabled":true,"_links":{"self":[{"href":"https:\/\/www.tvnovelas.com.br\/tvnews\/wp-json\/wp\/v2\/posts\/82639","targetHints":{"allow":["GET"]}}],"collection":[{"href":"https:\/\/www.tvnovelas.com.br\/tvnews\/wp-json\/wp\/v2\/posts"}],"about":[{"href":"https:\/\/www.tvnovelas.com.br\/tvnews\/wp-json\/wp\/v2\/types\/post"}],"author":[{"embeddable":true,"href":"https:\/\/www.tvnovelas.com.br\/tvnews\/wp-json\/wp\/v2\/users\/1"}],"replies":[{"embeddable":true,"href":"https:\/\/www.tvnovelas.com.br\/tvnews\/wp-json\/wp\/v2\/comments?post=82639"}],"version-history":[{"count":1,"href":"https:\/\/www.tvnovelas.com.br\/tvnews\/wp-json\/wp\/v2\/posts\/82639\/revisions"}],"predecessor-version":[{"id":82641,"href":"https:\/\/www.tvnovelas.com.br\/tvnews\/wp-json\/wp\/v2\/posts\/82639\/revisions\/82641"}],"wp:featuredmedia":[{"embeddable":true,"href":"https:\/\/www.tvnovelas.com.br\/tvnews\/wp-json\/wp\/v2\/media\/82640"}],"wp:attachment":[{"href":"https:\/\/www.tvnovelas.com.br\/tvnews\/wp-json\/wp\/v2\/media?parent=82639"}],"wp:term":[{"taxonomy":"category","embeddable":true,"href":"https:\/\/www.tvnovelas.com.br\/tvnews\/wp-json\/wp\/v2\/categories?post=82639"},{"taxonomy":"post_tag","embeddable":true,"href":"https:\/\/www.tvnovelas.com.br\/tvnews\/wp-json\/wp\/v2\/tags?post=82639"}],"curies":[{"name":"wp","href":"https:\/\/api.w.org\/{rel}","templated":true}]}}