{"id":82659,"date":"2025-09-27T09:32:20","date_gmt":"2025-09-27T12:32:20","guid":{"rendered":"https:\/\/www.tvnovelas.com.br\/tvnews\/?p=82659"},"modified":"2025-09-27T09:32:20","modified_gmt":"2025-09-27T12:32:20","slug":"dona-de-mim-filipa-tem-novo-surto-e-tenta-pular-da-varanda","status":"publish","type":"post","link":"https:\/\/www.tvnovelas.com.br\/tvnews\/dona-de-mim-filipa-tem-novo-surto-e-tenta-pular-da-varanda\/","title":{"rendered":"Dona de Mim: Filipa tem novo surto e tenta pular da varanda"},"content":{"rendered":"<figure id=\"attachment_82660\" aria-describedby=\"caption-attachment-82660\" style=\"width: 728px\" class=\"wp-caption alignnone\"><img data-recalc-dims=\"1\" decoding=\"async\" class=\"wp-image-82660 size-full\" title=\"(Foto: TV Globo\/Dona de Mim)\" src=\"https:\/\/i0.wp.com\/www.tvnovelas.com.br\/tvnews\/wp-content\/uploads\/2025\/09\/12091.jpg?resize=728%2C410&#038;ssl=1\" alt=\"Foto em Dona de Mim: Filipa tem novo surto e tenta pular da varanda\" width=\"728\" height=\"410\" srcset=\"https:\/\/i0.wp.com\/www.tvnovelas.com.br\/tvnews\/wp-content\/uploads\/2025\/09\/12091.jpg?w=728&amp;ssl=1 728w, https:\/\/i0.wp.com\/www.tvnovelas.com.br\/tvnews\/wp-content\/uploads\/2025\/09\/12091.jpg?resize=250%2C141&amp;ssl=1 250w\" sizes=\"(max-width: 728px) 100vw, 728px\" \/><figcaption id=\"caption-attachment-82660\" class=\"wp-caption-text\">Dona de Mim: Filipa tem novo surto e tenta pular da varanda<\/figcaption><\/figure>\n<p>Em Dona de Mim, A not\u00edcia de que Abel (Tony Ramos) n\u00e3o \u00e9 o pai biol\u00f3gico de Ayla (Bel Lima) e Davi (Rafael Vitti) e, sim, Jaques (Marcello Novaes), vai cair como uma bomba para Filipa (Cl\u00e1udia Abreu). Sem os medicamentos para o transtorno de bipolaridade, ela vai entrar em um epis\u00f3dio de mania ap\u00f3s a not\u00edcia. Filipa vai morder Jaques e ainda tentar pular da varanda da mans\u00e3o dos Boaz.<\/p>\n<p>Preocupada com a filha, Isabela (Sylvia Bandeira) ir\u00e1 chamar Jaques, e os dois encontrar\u00e3o Filipa arrumando uma mala.<\/p>\n<p>\u201cEu vou embora! Aqui eu n\u00e3o fico! N\u00e3o fico! O que voc\u00ea est\u00e1 fazendo aqui? Como voc\u00ea tem coragem de entrar no quarto do Abel? Eu sempre desconfiei de voc\u00ea e da Ol\u00edvia, mas eu nunca achei que tinha ido t\u00e3o longe! Ele era seu irm\u00e3o!\u201d, grita Filipa para Jaques.<\/p>\n<p>\u201cFilipa, eu sinto muito, mas eu tenho certeza de que Abel sabia que n\u00e3o era pai de Davi e Ayla. Eu encontrei um exame do meu irm\u00e3o. Ele era est\u00e9ril e sempre soube disso\u201d, revela Jaques.<\/p>\n<p>Ent\u00e3o, Filipa ficar\u00e1 ainda mais revoltada pela mentira de Abel.<\/p>\n<p>\u201cEle mentiu pra mim? Mais uma mentira&#8230; S\u00f3 mentiras&#8230; Por que ningu\u00e9m fala a verdade pra mim? Por qu\u00ea? Qual o meu problema?\u201d, questiona ela.<\/p>\n<p>Depois, Filipa pegar\u00e1 a mala e jogar\u00e1 pela varanda da mans\u00e3o.<\/p>\n<p>\u201c\u00c9 esse lugar! Essas paredes! Mas eu vou embora desse limbo! Dessa gaiola! Dessa pris\u00e3o. Eu estou em um dos c\u00edrculos de Dante! Se eu n\u00e3o sair agora eu n\u00e3o saio nunca mais.\u201d<\/p>\n<p>Jaques tentar\u00e1 controlar Filipa, mas ela o morder\u00e1 e subir\u00e1 no parapeito da varanda, amea\u00e7ando se jogar.<\/p>\n<p>\u201cFilipa!\u201d, grita Isabela.<br \/>\n<!--FIM--><br \/>\n<div class=\"pt-cv-wrapper\"><h2 class='pt-cv-heading-container heading2' data-blockid='9b88c0b6t2'><span class='pt-cv-heading'> \u00daltimas da novela <\/span><\/h2><div class=\"pt-cv-view pt-cv-grid pt-cv-colsys\" id=\"pt-cv-view-9b88c0b6t2\"><div data-id=\"pt-cv-page-1\" class=\"pt-cv-page\" data-cvc=\"1\"><div class=\"col-md-12 col-sm-12 col-xs-12 pt-cv-content-item pt-cv-1-col\" ><div class='pt-cv-ifield'><h4 class=\"pt-cv-title\"><a href=\"https:\/\/www.tvnovelas.com.br\/tvnews\/dona-de-mim-abel-aparece-e-salva-sofia-do-incendio\/\" class=\"_blank\" target=\"_blank\" >Dona de Mim: Abel \u2018aparece&#8217; e salva Sofia do inc\u00eandio<\/a><\/h4><\/div><\/div>\n<div class=\"col-md-12 col-sm-12 col-xs-12 pt-cv-content-item pt-cv-1-col\" ><div class='pt-cv-ifield'><h4 class=\"pt-cv-title\"><a href=\"https:\/\/www.tvnovelas.com.br\/tvnews\/dona-de-mim-jaques-coloca-fogo-na-boaz\/\" class=\"_blank\" target=\"_blank\" >Dona de Mim: Jaques coloca fogo na Boaz<\/a><\/h4><\/div><\/div>\n<div class=\"col-md-12 col-sm-12 col-xs-12 pt-cv-content-item pt-cv-1-col\" ><div class='pt-cv-ifield'><h4 class=\"pt-cv-title\"><a href=\"https:\/\/www.tvnovelas.com.br\/tvnews\/dona-de-mim-davi-e-barbara-sofrem-grave-acidente\/\" class=\"_blank\" target=\"_blank\" >Dona de Mim: Davi e B\u00e1rbara sofrem grave acidente<\/a><\/h4><\/div><\/div><\/div><\/div><\/div><br \/>\n<strong>Sobre a novela<\/strong><br \/>\n<a href=\"https:\/\/wp.me\/pfspD2-UO\" target=\"_blank\" rel=\"noopener\">Dona de Mim: A trama da novela<\/a><br \/>\n<a href=\"https:\/\/wp.me\/pfspD2-UG\" target=\"_blank\" rel=\"noopener\">Dona de Mim: A fam\u00edlia Boaz e seu imp\u00e9rio de lingerie<\/a><\/p>\n<div style=\"font-size: 120%;\"><h3>Confira tamb\u00e9m<\/h3>\r\n<a href=\"https:\/\/tvnovelas.com.br\/novelas\/\" rel=\"noopener\" target=\"_blank\"><strong>Todos os resumos de novelas<\/strong><\/a><\/br>\r\n<a href=\"https:\/\/www.tvnovelas.com.br\/tvnews\/\" rel=\"noopener\" target=\"_blank\"><strong>\u00daltimas not\u00edcias das novelas<\/strong><\/a><\/br>\r\n<a href=\"https:\/\/www.tvnovelas.com.br\/filmes\/\" target=\"_blank\" rel=\"noopener noreferrer\"><strong>Programa\u00e7\u00e3o de filmes na TV aberta<\/strong><\/a><\/br>\r\n<a href=\"https:\/\/caetenews.com.br\/semana\/filmes-da-globo-na-sessao-da-tarde-desta-semana\/\" target=\"_blank\" rel=\"noopener\"><strong>Confira os filmes da semana na Sess\u00e3o da Tarde<\/strong><\/a><\/br>\r\n<a href=\"https:\/\/classindportal.mj.gov.br\/consulta-filmes\" target=\"_blank\" rel=\"noopener\"><strong>Consulte a classifica\u00e7\u00e3o indicativa dos filmes e novelas<\/strong><\/a><\/br><\/div>\n","protected":false},"excerpt":{"rendered":"<p>Dona de Mim: Filipa tem novo surto&#8230;  Em Dona de Mim, A not\u00edcia de que Abel (Tony Ramos) n\u00e3o \u00e9 o pai biol\u00f3gico de Ayla (Bel Lima) e Davi&#8230;<\/p>\n","protected":false},"author":1,"featured_media":82660,"comment_status":"closed","ping_status":"closed","sticky":false,"template":"","format":"standard","meta":{"_uf_show_specific_survey":0,"_uf_disable_surveys":false,"_jetpack_memberships_contains_paid_content":false,"footnotes":"","_wp_rev_ctl_limit":""},"categories":[353],"tags":[883,5,64],"class_list":["post-82659","post","type-post","status-publish","format-standard","has-post-thumbnail","hentry","category-resumos-de-novelas","tag-dona-de-mim","tag-globo","tag-novelas","wpcat-353-id"],"aioseo_notices":[],"jetpack_featured_media_url":"https:\/\/i0.wp.com\/www.tvnovelas.com.br\/tvnews\/wp-content\/uploads\/2025\/09\/12091.jpg?fit=728%2C410&ssl=1","jetpack_shortlink":"https:\/\/wp.me\/pdP2BO-lvd","jetpack_sharing_enabled":true,"_links":{"self":[{"href":"https:\/\/www.tvnovelas.com.br\/tvnews\/wp-json\/wp\/v2\/posts\/82659","targetHints":{"allow":["GET"]}}],"collection":[{"href":"https:\/\/www.tvnovelas.com.br\/tvnews\/wp-json\/wp\/v2\/posts"}],"about":[{"href":"https:\/\/www.tvnovelas.com.br\/tvnews\/wp-json\/wp\/v2\/types\/post"}],"author":[{"embeddable":true,"href":"https:\/\/www.tvnovelas.com.br\/tvnews\/wp-json\/wp\/v2\/users\/1"}],"replies":[{"embeddable":true,"href":"https:\/\/www.tvnovelas.com.br\/tvnews\/wp-json\/wp\/v2\/comments?post=82659"}],"version-history":[{"count":1,"href":"https:\/\/www.tvnovelas.com.br\/tvnews\/wp-json\/wp\/v2\/posts\/82659\/revisions"}],"predecessor-version":[{"id":82661,"href":"https:\/\/www.tvnovelas.com.br\/tvnews\/wp-json\/wp\/v2\/posts\/82659\/revisions\/82661"}],"wp:featuredmedia":[{"embeddable":true,"href":"https:\/\/www.tvnovelas.com.br\/tvnews\/wp-json\/wp\/v2\/media\/82660"}],"wp:attachment":[{"href":"https:\/\/www.tvnovelas.com.br\/tvnews\/wp-json\/wp\/v2\/media?parent=82659"}],"wp:term":[{"taxonomy":"category","embeddable":true,"href":"https:\/\/www.tvnovelas.com.br\/tvnews\/wp-json\/wp\/v2\/categories?post=82659"},{"taxonomy":"post_tag","embeddable":true,"href":"https:\/\/www.tvnovelas.com.br\/tvnews\/wp-json\/wp\/v2\/tags?post=82659"}],"curies":[{"name":"wp","href":"https:\/\/api.w.org\/{rel}","templated":true}]}}