{"id":82664,"date":"2025-09-27T10:01:44","date_gmt":"2025-09-27T13:01:44","guid":{"rendered":"https:\/\/www.tvnovelas.com.br\/tvnews\/?p=82664"},"modified":"2025-09-27T10:01:44","modified_gmt":"2025-09-27T13:01:44","slug":"vale-tudo-odete-coloca-ana-clara-contra-a-parede","status":"publish","type":"post","link":"https:\/\/www.tvnovelas.com.br\/tvnews\/vale-tudo-odete-coloca-ana-clara-contra-a-parede\/","title":{"rendered":"Vale Tudo: Odete coloca Ana Clara contra a parede"},"content":{"rendered":"<figure id=\"attachment_82665\" aria-describedby=\"caption-attachment-82665\" style=\"width: 728px\" class=\"wp-caption alignnone\"><img data-recalc-dims=\"1\" decoding=\"async\" class=\"wp-image-82665 size-full\" title=\"(Foto: TV Globo\/Vale Tudo)\" src=\"https:\/\/i0.wp.com\/www.tvnovelas.com.br\/tvnews\/wp-content\/uploads\/2025\/09\/12092.jpg?resize=728%2C409&#038;ssl=1\" alt=\"Foto em Vale Tudo: Odete coloca Ana Clara contra a parede\" width=\"728\" height=\"409\" srcset=\"https:\/\/i0.wp.com\/www.tvnovelas.com.br\/tvnews\/wp-content\/uploads\/2025\/09\/12092.jpg?w=728&amp;ssl=1 728w, https:\/\/i0.wp.com\/www.tvnovelas.com.br\/tvnews\/wp-content\/uploads\/2025\/09\/12092.jpg?resize=250%2C140&amp;ssl=1 250w\" sizes=\"(max-width: 728px) 100vw, 728px\" \/><figcaption id=\"caption-attachment-82665\" class=\"wp-caption-text\">Vale Tudo: Odete coloca Ana Clara contra a parede<\/figcaption><\/figure>\n<p>Em Vale Tudo, A princ\u00edpio, na vida de Odete Roitman (D\u00e9bora Bloch), Ana Clara (Samantha Jones) era apenas a respons\u00e1vel pela manuten\u00e7\u00e3o do maior segredo da vil\u00e3. O combinado era que ela cuidasse de Leonardo (Guilherme Magon), filho da empres\u00e1ria que todos acreditam estar morto, recebesse seu dinheiro e ficasse quieta. Mas a mo\u00e7a virou o tabuleiro.<\/p>\n<p>Aos poucos, Ana Clara \u201csaiu do esconderijo\u201d e foi se espalhando por outros cantos da vida de Odete. N\u00e3o demorou muito para que virasse uma grande chantagista.<\/p>\n<p>Al\u00e9m de se casar com Leonardo \u00e0s escondidas, recentemente, se tornou amiga de F\u00e1tima (Bella Campos) e at\u00e9 saiu em um encontro com M\u00e1rio S\u00e9rgio (Thomas Aquino).<\/p>\n<p>Logicamente, Odete n\u00e3o ir\u00e1 tolerar mais essa postura da mo\u00e7a e colocar\u00e1 uma banca. A empres\u00e1ria ir\u00e1 at\u00e9 o casebre em que Ana Clara cuida de Leonardo e dar\u00e1 um ultimato, exigindo que ela encerre rela\u00e7\u00e3o com F\u00e1tima e pare de se encontrar com M\u00e1rio S\u00e9rgio.<br \/>\n<!--FIM--><br \/>\n<a href=\"https:\/\/wp.me\/pfspD2-oI\" target=\"_blank\" rel=\"noopener\">Vale Tudo: Invers\u00e3o de valores no final dos anos erdade1980<\/a> (Sinopse)<\/p>\n<div style=\"font-size: 120%;\"><h3>Confira tamb\u00e9m<\/h3>\r\n<a href=\"https:\/\/tvnovelas.com.br\/novelas\/\" rel=\"noopener\" target=\"_blank\"><strong>Todos os resumos de novelas<\/strong><\/a><\/br>\r\n<a href=\"https:\/\/www.tvnovelas.com.br\/tvnews\/\" rel=\"noopener\" target=\"_blank\"><strong>\u00daltimas not\u00edcias das novelas<\/strong><\/a><\/br>\r\n<a href=\"https:\/\/www.tvnovelas.com.br\/filmes\/\" target=\"_blank\" rel=\"noopener noreferrer\"><strong>Programa\u00e7\u00e3o de filmes na TV aberta<\/strong><\/a><\/br>\r\n<a href=\"https:\/\/caetenews.com.br\/semana\/filmes-da-globo-na-sessao-da-tarde-desta-semana\/\" target=\"_blank\" rel=\"noopener\"><strong>Confira os filmes da semana na Sess\u00e3o da Tarde<\/strong><\/a><\/br>\r\n<a href=\"https:\/\/classindportal.mj.gov.br\/consulta-filmes\" target=\"_blank\" rel=\"noopener\"><strong>Consulte a classifica\u00e7\u00e3o indicativa dos filmes e novelas<\/strong><\/a><\/br><\/div>\n","protected":false},"excerpt":{"rendered":"<p>Vale Tudo: Odete coloca Ana Clara contra a parede&#8230; Em Vale Tudo, A princ\u00edpio, na vida de Odete Roitman (D\u00e9bora Bloch), Ana Clara&#8230;<\/p>\n","protected":false},"author":1,"featured_media":82665,"comment_status":"closed","ping_status":"closed","sticky":false,"template":"","format":"standard","meta":{"_uf_show_specific_survey":0,"_uf_disable_surveys":false,"_jetpack_memberships_contains_paid_content":false,"footnotes":"","_wp_rev_ctl_limit":""},"categories":[871],"tags":[5,64,801],"class_list":["post-82664","post","type-post","status-publish","format-standard","has-post-thumbnail","hentry","category-vale-tudo","tag-globo","tag-novelas","tag-vale-tudo","wpcat-871-id"],"aioseo_notices":[],"jetpack_featured_media_url":"https:\/\/i0.wp.com\/www.tvnovelas.com.br\/tvnews\/wp-content\/uploads\/2025\/09\/12092.jpg?fit=728%2C409&ssl=1","jetpack_shortlink":"https:\/\/wp.me\/pdP2BO-lvi","jetpack_sharing_enabled":true,"_links":{"self":[{"href":"https:\/\/www.tvnovelas.com.br\/tvnews\/wp-json\/wp\/v2\/posts\/82664","targetHints":{"allow":["GET"]}}],"collection":[{"href":"https:\/\/www.tvnovelas.com.br\/tvnews\/wp-json\/wp\/v2\/posts"}],"about":[{"href":"https:\/\/www.tvnovelas.com.br\/tvnews\/wp-json\/wp\/v2\/types\/post"}],"author":[{"embeddable":true,"href":"https:\/\/www.tvnovelas.com.br\/tvnews\/wp-json\/wp\/v2\/users\/1"}],"replies":[{"embeddable":true,"href":"https:\/\/www.tvnovelas.com.br\/tvnews\/wp-json\/wp\/v2\/comments?post=82664"}],"version-history":[{"count":1,"href":"https:\/\/www.tvnovelas.com.br\/tvnews\/wp-json\/wp\/v2\/posts\/82664\/revisions"}],"predecessor-version":[{"id":82666,"href":"https:\/\/www.tvnovelas.com.br\/tvnews\/wp-json\/wp\/v2\/posts\/82664\/revisions\/82666"}],"wp:featuredmedia":[{"embeddable":true,"href":"https:\/\/www.tvnovelas.com.br\/tvnews\/wp-json\/wp\/v2\/media\/82665"}],"wp:attachment":[{"href":"https:\/\/www.tvnovelas.com.br\/tvnews\/wp-json\/wp\/v2\/media?parent=82664"}],"wp:term":[{"taxonomy":"category","embeddable":true,"href":"https:\/\/www.tvnovelas.com.br\/tvnews\/wp-json\/wp\/v2\/categories?post=82664"},{"taxonomy":"post_tag","embeddable":true,"href":"https:\/\/www.tvnovelas.com.br\/tvnews\/wp-json\/wp\/v2\/tags?post=82664"}],"curies":[{"name":"wp","href":"https:\/\/api.w.org\/{rel}","templated":true}]}}