{"id":82726,"date":"2025-09-29T10:57:45","date_gmt":"2025-09-29T13:57:45","guid":{"rendered":"https:\/\/www.tvnovelas.com.br\/tvnews\/?p=82726"},"modified":"2025-09-29T10:57:45","modified_gmt":"2025-09-29T13:57:45","slug":"cruel-istambul-bebe-de-ceren-divide-a-familia-em-guerra-de-poder","status":"publish","type":"post","link":"https:\/\/www.tvnovelas.com.br\/tvnews\/cruel-istambul-bebe-de-ceren-divide-a-familia-em-guerra-de-poder\/","title":{"rendered":"Cruel Istambul: beb\u00ea de Ceren divide a fam\u00edlia em guerra de poder"},"content":{"rendered":"<figure id=\"attachment_82727\" aria-describedby=\"caption-attachment-82727\" style=\"width: 728px\" class=\"wp-caption alignnone\"><img data-recalc-dims=\"1\" decoding=\"async\" class=\"wp-image-82727 size-full\" title=\"(Foto: Reprodu\u00e7\u00e3o\/Band\/Cruel Istambul)\" src=\"https:\/\/i0.wp.com\/www.tvnovelas.com.br\/tvnews\/wp-content\/uploads\/2025\/09\/12102.jpg?resize=728%2C410&#038;ssl=1\" alt=\"Foto em Cruel Istambul: beb\u00ea de Ceren divide a fam\u00edlia em guerra de poder\" width=\"728\" height=\"410\" srcset=\"https:\/\/i0.wp.com\/www.tvnovelas.com.br\/tvnews\/wp-content\/uploads\/2025\/09\/12102.jpg?w=728&amp;ssl=1 728w, https:\/\/i0.wp.com\/www.tvnovelas.com.br\/tvnews\/wp-content\/uploads\/2025\/09\/12102.jpg?resize=250%2C141&amp;ssl=1 250w\" sizes=\"(max-width: 728px) 100vw, 728px\" \/><figcaption id=\"caption-attachment-82727\" class=\"wp-caption-text\">Cruel Istambul: beb\u00ea de Ceren divide a fam\u00edlia em guerra de poder<\/figcaption><\/figure>\n<p>Nos pr\u00f3ximos cap\u00edtulos de Cruel Istambul, os segredos come\u00e7am a pesar cada vez mais sobre a mans\u00e3o Karacay. Cemre tenta se aproximar de Nedim enquanto enfrenta as revela\u00e7\u00f5es de Cenk, que finalmente abre o jogo sobre o passado. J\u00e1 Ceren, cada vez mais pressionada, v\u00ea sua gravidez exposta em meio a intrigas, chantagens e desmaios que s\u00f3 aumentam a tens\u00e3o.<\/p>\n<p>Agah, em choque com os atos do filho, parte para o confronto armado, enquanto Seniz tenta manipular todos ao seu redor para manter o controle da fam\u00edlia. Entre alian\u00e7as fr\u00e1geis, trai\u00e7\u00f5es e descobertas, o futuro do beb\u00ea de Ceren se torna o centro de uma guerra de poder que amea\u00e7a destruir de vez a uni\u00e3o da fam\u00edlia.<\/p>\n<p><!--FIM--><a href=\"https:\/\/wp.me\/p8dmjy-cmp\" target=\"_blank\" rel=\"noopener\"> Confira os resumos dos cap\u00edtulos da semana<\/a><\/p>\n<div style=\"font-size: 120%;\"><h3>Confira tamb\u00e9m<\/h3>\r\n<a href=\"https:\/\/tvnovelas.com.br\/novelas\/\" rel=\"noopener\" target=\"_blank\"><strong>Todos os resumos de novelas<\/strong><\/a><\/br>\r\n<a href=\"https:\/\/www.tvnovelas.com.br\/tvnews\/\" rel=\"noopener\" target=\"_blank\"><strong>\u00daltimas not\u00edcias das novelas<\/strong><\/a><\/br>\r\n<a href=\"https:\/\/www.tvnovelas.com.br\/filmes\/\" target=\"_blank\" rel=\"noopener noreferrer\"><strong>Programa\u00e7\u00e3o de filmes na TV aberta<\/strong><\/a><\/br>\r\n<a href=\"https:\/\/caetenews.com.br\/semana\/filmes-da-globo-na-sessao-da-tarde-desta-semana\/\" target=\"_blank\" rel=\"noopener\"><strong>Confira os filmes da semana na Sess\u00e3o da Tarde<\/strong><\/a><\/br>\r\n<a href=\"https:\/\/classindportal.mj.gov.br\/consulta-filmes\" target=\"_blank\" rel=\"noopener\"><strong>Consulte a classifica\u00e7\u00e3o indicativa dos filmes e novelas<\/strong><\/a><\/br><\/div>\n","protected":false},"excerpt":{"rendered":"<p>Cruel Istambul: beb\u00ea de Ceren divide a fam\u00edlia em guerra de poder&#8230; Nos pr\u00f3ximos cap\u00edtulos de Cruel Istambul, os segredos come\u00e7am&#8230;<\/p>\n","protected":false},"author":1,"featured_media":82727,"comment_status":"closed","ping_status":"closed","sticky":false,"template":"","format":"standard","meta":{"_uf_show_specific_survey":0,"_uf_disable_surveys":false,"_jetpack_memberships_contains_paid_content":false,"footnotes":"","_wp_rev_ctl_limit":""},"categories":[990],"tags":[43,991,64],"class_list":["post-82726","post","type-post","status-publish","format-standard","has-post-thumbnail","hentry","category-cruel-istambul","tag-band","tag-cruel-istambul","tag-novelas","wpcat-990-id"],"aioseo_notices":[],"jetpack_featured_media_url":"https:\/\/i0.wp.com\/www.tvnovelas.com.br\/tvnews\/wp-content\/uploads\/2025\/09\/12102.jpg?fit=728%2C410&ssl=1","jetpack_shortlink":"https:\/\/wp.me\/pdP2BO-lwi","jetpack_sharing_enabled":true,"_links":{"self":[{"href":"https:\/\/www.tvnovelas.com.br\/tvnews\/wp-json\/wp\/v2\/posts\/82726","targetHints":{"allow":["GET"]}}],"collection":[{"href":"https:\/\/www.tvnovelas.com.br\/tvnews\/wp-json\/wp\/v2\/posts"}],"about":[{"href":"https:\/\/www.tvnovelas.com.br\/tvnews\/wp-json\/wp\/v2\/types\/post"}],"author":[{"embeddable":true,"href":"https:\/\/www.tvnovelas.com.br\/tvnews\/wp-json\/wp\/v2\/users\/1"}],"replies":[{"embeddable":true,"href":"https:\/\/www.tvnovelas.com.br\/tvnews\/wp-json\/wp\/v2\/comments?post=82726"}],"version-history":[{"count":1,"href":"https:\/\/www.tvnovelas.com.br\/tvnews\/wp-json\/wp\/v2\/posts\/82726\/revisions"}],"predecessor-version":[{"id":82728,"href":"https:\/\/www.tvnovelas.com.br\/tvnews\/wp-json\/wp\/v2\/posts\/82726\/revisions\/82728"}],"wp:featuredmedia":[{"embeddable":true,"href":"https:\/\/www.tvnovelas.com.br\/tvnews\/wp-json\/wp\/v2\/media\/82727"}],"wp:attachment":[{"href":"https:\/\/www.tvnovelas.com.br\/tvnews\/wp-json\/wp\/v2\/media?parent=82726"}],"wp:term":[{"taxonomy":"category","embeddable":true,"href":"https:\/\/www.tvnovelas.com.br\/tvnews\/wp-json\/wp\/v2\/categories?post=82726"},{"taxonomy":"post_tag","embeddable":true,"href":"https:\/\/www.tvnovelas.com.br\/tvnews\/wp-json\/wp\/v2\/tags?post=82726"}],"curies":[{"name":"wp","href":"https:\/\/api.w.org\/{rel}","templated":true}]}}