{"id":82771,"date":"2025-09-30T11:18:58","date_gmt":"2025-09-30T14:18:58","guid":{"rendered":"https:\/\/www.tvnovelas.com.br\/tvnews\/?p=82771"},"modified":"2025-09-30T11:18:58","modified_gmt":"2025-09-30T14:18:58","slug":"a-escrava-isaura-testamento-do-conde-deixa-tomasia-sem-nada","status":"publish","type":"post","link":"https:\/\/www.tvnovelas.com.br\/tvnews\/a-escrava-isaura-testamento-do-conde-deixa-tomasia-sem-nada\/","title":{"rendered":"A Escrava Isaura: Testamento do conde deixa Tom\u00e1sia sem nada"},"content":{"rendered":"<p><figure id=\"attachment_82772\" aria-describedby=\"caption-attachment-82772\" style=\"width: 728px\" class=\"wp-caption alignnone\"><img data-recalc-dims=\"1\" decoding=\"async\" src=\"https:\/\/i0.wp.com\/www.tvnovelas.com.br\/tvnews\/wp-content\/uploads\/2025\/09\/12112a.jpg?resize=728%2C410&#038;ssl=1\" alt=\"Foto em A Escrava Isaura: Testamento do conde deixa Tom\u00e1sia sem nada\" width=\"728\" height=\"410\" class=\"size-full wp-image-82772\" srcset=\"https:\/\/i0.wp.com\/www.tvnovelas.com.br\/tvnews\/wp-content\/uploads\/2025\/09\/12112a.jpg?w=728&amp;ssl=1 728w, https:\/\/i0.wp.com\/www.tvnovelas.com.br\/tvnews\/wp-content\/uploads\/2025\/09\/12112a.jpg?resize=250%2C141&amp;ssl=1 250w\" sizes=\"(max-width: 728px) 100vw, 728px\" \/><figcaption id=\"caption-attachment-82772\" class=\"wp-caption-text\">A Escrava Isaura: Testamento do conde deixa Tom\u00e1sia sem nada<\/figcaption><\/figure><br \/>\n(Foto: Record\/A Escrava Isaura)<br \/>\nEm A Escrava Isaura no cap\u00edtulo desta ter\u00e7a, dia 30, Tom\u00e1sia recebe a not\u00edcia de que o testamento do conde n\u00e3o foi alterado e ela n\u00e3o tem direito a nada. Confira o resumo do cap\u00edtulo de hoje:<\/p>\n<h2 style=\"color: #541212;\">Resumo de ter\u00e7a-feira, 30 de setembro<\/h2>\n<p>Tom\u00e1sia recebe a not\u00edcia de que o testamento do conde n\u00e3o foi alterado e ela n\u00e3o tem direito a nada. Andr\u00e9 e Bernardo conhecem Muleka no caminho para o quilombo. Le\u00f4ncio e Henrique discutem por causa de Isaura.  Malvina se solidariza com a escrava. Muleka leva  Bernado e Andr\u00e9 para o quilombo. Almeida sofre sentindo falta de Gertrudes e tem vis\u00f5es com a falecida. Le\u00f4ncio invade o quarto de Isaura e amarra a escrava. Almeida flagra o filho no quarto da escravinha. Isaura cuida do comendador e ele a presenteia com  uma lembran\u00e7a de Gertrudes.<br \/>\n<!--FIM--><\/p>\n<h2>Saiba mais<\/h2>\n<p><a href=\"https:\/\/tvnovelas.com.br\/novelas\/resumos-da-novela-a-escrava-isaura\/\" rel=\"noopener\" target=\"_blank\">Escrava Isaura: Resumos dos cap\u00edtulos da semana<\/a><br \/>\n<a href=\"https:\/\/wp.me\/pfspD2-Jf\" rel=\"noopener\" target=\"_blank\">Escrava Isaura: o sonho da liberdade<\/a><\/p>\n<div style=\"font-size: 120%;\">\n<h3>Confira tamb\u00e9m<\/h3>\r\n<a href=\"https:\/\/tvnovelas.com.br\/novelas\/\" rel=\"noopener\" target=\"_blank\"><strong>Todos os resumos de novelas<\/strong><\/a><\/br>\r\n<a href=\"https:\/\/www.tvnovelas.com.br\/tvnews\/\" rel=\"noopener\" target=\"_blank\"><strong>\u00daltimas not\u00edcias das novelas<\/strong><\/a><\/br>\r\n<a href=\"https:\/\/www.tvnovelas.com.br\/filmes\/\" target=\"_blank\" rel=\"noopener noreferrer\"><strong>Programa\u00e7\u00e3o de filmes na TV aberta<\/strong><\/a><\/br>\r\n<a href=\"https:\/\/caetenews.com.br\/semana\/filmes-da-globo-na-sessao-da-tarde-desta-semana\/\" target=\"_blank\" rel=\"noopener\"><strong>Confira os filmes da semana na Sess\u00e3o da Tarde<\/strong><\/a><\/br>\r\n<a href=\"https:\/\/classindportal.mj.gov.br\/consulta-filmes\" target=\"_blank\" rel=\"noopener\"><strong>Consulte a classifica\u00e7\u00e3o indicativa dos filmes e novelas<\/strong><\/a><\/br>\n<\/div>\n","protected":false},"excerpt":{"rendered":"<p>A Escrava Isaura: Testamento do conde&#8230; no cap\u00edtulo desta ter\u00e7a, dia 30, Tom\u00e1sia recebe a not\u00edcia de que o testamento. Confira o resumo do cap\u00edtulo de hoje:<\/p>\n","protected":false},"author":1,"featured_media":82772,"comment_status":"closed","ping_status":"closed","sticky":false,"template":"","format":"standard","meta":{"_uf_show_specific_survey":0,"_uf_disable_surveys":false,"_jetpack_memberships_contains_paid_content":false,"footnotes":"","_wp_rev_ctl_limit":""},"categories":[984],"tags":[985,64,14],"class_list":["post-82771","post","type-post","status-publish","format-standard","has-post-thumbnail","hentry","category-a-escrava-isaura","tag-a-escrava-isaura","tag-novelas","tag-record","wpcat-984-id"],"aioseo_notices":[],"jetpack_featured_media_url":"https:\/\/i0.wp.com\/www.tvnovelas.com.br\/tvnews\/wp-content\/uploads\/2025\/09\/12112a.jpg?fit=728%2C410&ssl=1","jetpack_shortlink":"https:\/\/wp.me\/pdP2BO-lx1","jetpack_sharing_enabled":true,"_links":{"self":[{"href":"https:\/\/www.tvnovelas.com.br\/tvnews\/wp-json\/wp\/v2\/posts\/82771","targetHints":{"allow":["GET"]}}],"collection":[{"href":"https:\/\/www.tvnovelas.com.br\/tvnews\/wp-json\/wp\/v2\/posts"}],"about":[{"href":"https:\/\/www.tvnovelas.com.br\/tvnews\/wp-json\/wp\/v2\/types\/post"}],"author":[{"embeddable":true,"href":"https:\/\/www.tvnovelas.com.br\/tvnews\/wp-json\/wp\/v2\/users\/1"}],"replies":[{"embeddable":true,"href":"https:\/\/www.tvnovelas.com.br\/tvnews\/wp-json\/wp\/v2\/comments?post=82771"}],"version-history":[{"count":1,"href":"https:\/\/www.tvnovelas.com.br\/tvnews\/wp-json\/wp\/v2\/posts\/82771\/revisions"}],"predecessor-version":[{"id":82773,"href":"https:\/\/www.tvnovelas.com.br\/tvnews\/wp-json\/wp\/v2\/posts\/82771\/revisions\/82773"}],"wp:featuredmedia":[{"embeddable":true,"href":"https:\/\/www.tvnovelas.com.br\/tvnews\/wp-json\/wp\/v2\/media\/82772"}],"wp:attachment":[{"href":"https:\/\/www.tvnovelas.com.br\/tvnews\/wp-json\/wp\/v2\/media?parent=82771"}],"wp:term":[{"taxonomy":"category","embeddable":true,"href":"https:\/\/www.tvnovelas.com.br\/tvnews\/wp-json\/wp\/v2\/categories?post=82771"},{"taxonomy":"post_tag","embeddable":true,"href":"https:\/\/www.tvnovelas.com.br\/tvnews\/wp-json\/wp\/v2\/tags?post=82771"}],"curies":[{"name":"wp","href":"https:\/\/api.w.org\/{rel}","templated":true}]}}