{"id":82787,"date":"2025-10-01T09:21:01","date_gmt":"2025-10-01T12:21:01","guid":{"rendered":"https:\/\/www.tvnovelas.com.br\/tvnews\/?p=82787"},"modified":"2025-10-01T09:21:01","modified_gmt":"2025-10-01T12:21:01","slug":"eta-mundo-melhor-candinho-vai-para-a-cama-com-zulma-e-dita-flagra","status":"publish","type":"post","link":"https:\/\/www.tvnovelas.com.br\/tvnews\/eta-mundo-melhor-candinho-vai-para-a-cama-com-zulma-e-dita-flagra\/","title":{"rendered":"\u00cata Mundo Melhor!: Candinho vai para a cama com Zulma e Dita flagra"},"content":{"rendered":"<figure id=\"attachment_82788\" aria-describedby=\"caption-attachment-82788\" style=\"width: 727px\" class=\"wp-caption alignnone\"><img data-recalc-dims=\"1\" decoding=\"async\" class=\"wp-image-82788 size-full\" title=\"(Foto: TV Globo\/\u00cata Mundo Melhor!)\" src=\"https:\/\/i0.wp.com\/www.tvnovelas.com.br\/tvnews\/wp-content\/uploads\/2025\/10\/12116.jpg?resize=727%2C410&#038;ssl=1\" alt=\"Foto em \u00cata Mundo Melhor!: Candinho vai para a cama com Zulma e Dita flagra\" width=\"727\" height=\"410\" srcset=\"https:\/\/i0.wp.com\/www.tvnovelas.com.br\/tvnews\/wp-content\/uploads\/2025\/10\/12116.jpg?w=727&amp;ssl=1 727w, https:\/\/i0.wp.com\/www.tvnovelas.com.br\/tvnews\/wp-content\/uploads\/2025\/10\/12116.jpg?resize=250%2C141&amp;ssl=1 250w\" sizes=\"(max-width: 727px) 100vw, 727px\" \/><figcaption id=\"caption-attachment-82788\" class=\"wp-caption-text\">\u00cata Mundo Melhor!: Candinho vai para a cama com Zulma e Dita flagra<\/figcaption><\/figure>\n<p>Em \u00cata Mundo Melhor!, N\u00e3o adiantou nada Zulma (Heloisa P\u00e9riss\u00e9) dar um beijo em Candinho (Sergio Guiz\u00e9), afinal, mesmo ap\u00f3s flagrar a cena, Dita (Jeniffer Nascimento) deu um voto de confian\u00e7a ao amado e reatou a rela\u00e7\u00e3o com ele. Mas, a dona do orfanato vai colocar em pr\u00e1tica um plano ainda mais ousado.<\/p>\n<p>Com a ajuda da cigana Carmem (Cristiane Amorim), Zulma consegue uma po\u00e7\u00e3o do amor que promete deixar Candinho doidinho por ela. No cair da noite, a megera vai at\u00e9 a mans\u00e3o e pede para fazer um brinde com o dono da f\u00e1brica de biscoitos.<\/p>\n<p>&#8220;Foi nesse dia que inaugurei a Casa dos Anjos! Ela \u00e9 a raz\u00e3o de minha vida!&#8221;, mente Zulma.<\/p>\n<p>Candinho d\u00e1 umas goladas na bebida e logo depois come\u00e7a a encher a visita de elogios:<\/p>\n<p>&#8220;Sabe qui eu nunca reparei direito noc\u00ea, Zuma? Oc\u00ea t\u00e1 t\u00e3o bunita&#8230; [&#8230;] Esses \u00f3io verde que oc\u00ea tem&#8230; Parece int\u00e9 duas estrela do c\u00e9u! &#8221;<\/p>\n<p>Zulma aproveita o efeito da po\u00e7\u00e3o e faz um pedido:<\/p>\n<p>&#8220;N\u00e3o conhe\u00e7o o seu quarto. N\u00e3o quer me mostrar? Agora?&#8221;<\/p>\n<p>Candinho pega Zulma nos bra\u00e7os e a leva para o quarto. E no caminho, Dita flagra a cena.<\/p>\n<p>&#8220;Pensei que oc\u00ea gostasse deu!&#8221;, diz a cantora, horrorizada.<\/p>\n<p>Mas eu gosto, Dita. M\u00e1 \u00e9 que nunca tinha reparado nos encanto da Zuma&#8221;, justifica-se o caipira.<\/p>\n<p>\u00c9 ent\u00e3o que Dita termina tudo e vai embora, arrasada:<\/p>\n<p>&#8220;Oc\u00ea nunca mais \u00f3ia na cara deu nem fala c\u00e1 minha pessoa. Oviu bem, Candinho? Nunca mais!&#8221;<\/p>\n<p>Candinho e Zulma passam a noite juntos<\/p>\n<p>A s\u00f3s com o empres\u00e1rio, Zulma lembra que o efeito da po\u00e7\u00e3o acaba em alguns minutos. Por isso, ela apressa Candinho e o chama para a cama.<\/p>\n<p>&#8220;Chega de conversa! Venha. Vamos para o nosso ninho de amor&#8221;, diz Zulma, beijando o caipira enquanto deitam na cama.<br \/>\n<!--FIM--><br \/>\n<div class=\"pt-cv-wrapper\"><h2 class='pt-cv-heading-container heading2' data-blockid='ae5b5529ra'><span class='pt-cv-heading'> \u00daltimas da novela <\/span><\/h2><div class=\"pt-cv-view pt-cv-grid pt-cv-colsys\" id=\"pt-cv-view-ae5b5529ra\"><div data-id=\"pt-cv-page-1\" class=\"pt-cv-page\" data-cvc=\"1\"><div class=\"col-md-12 col-sm-12 col-xs-12 pt-cv-content-item pt-cv-1-col\" ><div class='pt-cv-ifield'><h4 class=\"pt-cv-title\"><a href=\"https:\/\/www.tvnovelas.com.br\/tvnews\/eta-mundo-melhor-sandra-avisa-que-nao-vai-desistir-da-vinganca\/\" class=\"_blank\" target=\"_blank\" >\u00cata Mundo Melhor!: Sandra avisa que n\u00e3o vai desistir da vingan\u00e7a<\/a><\/h4><\/div><\/div>\n<div class=\"col-md-12 col-sm-12 col-xs-12 pt-cv-content-item pt-cv-1-col\" ><div class='pt-cv-ifield'><h4 class=\"pt-cv-title\"><a href=\"https:\/\/www.tvnovelas.com.br\/tvnews\/eta-mundo-melhor-celso-conta-a-candinho-o-que-sempre-escondeu-sobre-samir\/\" class=\"_blank\" target=\"_blank\" >\u00cata Mundo Melhor!: Celso conta a Candinho o que sempre escondeu sobre Samir<\/a><\/h4><\/div><\/div>\n<div class=\"col-md-12 col-sm-12 col-xs-12 pt-cv-content-item pt-cv-1-col\" ><div class='pt-cv-ifield'><h4 class=\"pt-cv-title\"><a href=\"https:\/\/www.tvnovelas.com.br\/tvnews\/eta-mundo-melhor-lourival-pede-uma-chance-a-dita-e-eles-se-beijam\/\" class=\"_blank\" target=\"_blank\" >\u00cata Mundo Melhor!: Lourival pede uma chance a Dita e eles se beijam<\/a><\/h4><\/div><\/div><\/div><\/div><\/div><\/p>\n<h2>Sobre a novela:<\/h2>\n<p><a href=\"https:\/\/tvnovelas.com.br\/page2\/arquivo\/eta-mundo-melhor-a-volta-de-candinho-e-policarpo\/&quot;\" target=\"_blank\" rel=\"noopener\">\u00cata Mundo Melhor!: A volta de Candinho e Policarpo<\/a> (Sinopse)<br \/>\n<a href=\"https:\/\/pt.wikipedia.org\/wiki\/%C3%8Ata_Mundo_Melhor!\" target=\"_blank\" rel=\"noopener\">Sobre \u00cata Mundo Melhor!, na Wikipedia<\/a><\/p>\n<div style=\"font-size: 120%;\"><h3>Confira tamb\u00e9m<\/h3>\r\n<a href=\"https:\/\/tvnovelas.com.br\/novelas\/\" rel=\"noopener\" target=\"_blank\"><strong>Todos os resumos de novelas<\/strong><\/a><\/br>\r\n<a href=\"https:\/\/www.tvnovelas.com.br\/tvnews\/\" rel=\"noopener\" target=\"_blank\"><strong>\u00daltimas not\u00edcias das novelas<\/strong><\/a><\/br>\r\n<a href=\"https:\/\/www.tvnovelas.com.br\/filmes\/\" target=\"_blank\" rel=\"noopener noreferrer\"><strong>Programa\u00e7\u00e3o de filmes na TV aberta<\/strong><\/a><\/br>\r\n<a href=\"https:\/\/caetenews.com.br\/semana\/filmes-da-globo-na-sessao-da-tarde-desta-semana\/\" target=\"_blank\" rel=\"noopener\"><strong>Confira os filmes da semana na Sess\u00e3o da Tarde<\/strong><\/a><\/br>\r\n<a href=\"https:\/\/classindportal.mj.gov.br\/consulta-filmes\" target=\"_blank\" rel=\"noopener\"><strong>Consulte a classifica\u00e7\u00e3o indicativa dos filmes e novelas<\/strong><\/a><\/br><\/div>\n","protected":false},"excerpt":{"rendered":"<p>\u00cata Mundo Melhor!: Candinho vai para a cama com Zulma e Dita flagra&#8230; Em \u00cata Mundo Melhor!, N\u00e3o adiantou nada Zulma dar um beijo em Candinho&#8230;<\/p>\n","protected":false},"author":1,"featured_media":82788,"comment_status":"closed","ping_status":"closed","sticky":false,"template":"","format":"standard","meta":{"_uf_show_specific_survey":0,"_uf_disable_surveys":false,"_jetpack_memberships_contains_paid_content":false,"footnotes":"","_wp_rev_ctl_limit":""},"categories":[920],"tags":[921,5,64],"class_list":["post-82787","post","type-post","status-publish","format-standard","has-post-thumbnail","hentry","category-eta-mundo-melhor","tag-eta-mundo-melhor","tag-globo","tag-novelas","wpcat-920-id"],"aioseo_notices":[],"jetpack_featured_media_url":"https:\/\/i0.wp.com\/www.tvnovelas.com.br\/tvnews\/wp-content\/uploads\/2025\/10\/12116.jpg?fit=727%2C410&ssl=1","jetpack_shortlink":"https:\/\/wp.me\/pdP2BO-lxh","jetpack_sharing_enabled":true,"_links":{"self":[{"href":"https:\/\/www.tvnovelas.com.br\/tvnews\/wp-json\/wp\/v2\/posts\/82787","targetHints":{"allow":["GET"]}}],"collection":[{"href":"https:\/\/www.tvnovelas.com.br\/tvnews\/wp-json\/wp\/v2\/posts"}],"about":[{"href":"https:\/\/www.tvnovelas.com.br\/tvnews\/wp-json\/wp\/v2\/types\/post"}],"author":[{"embeddable":true,"href":"https:\/\/www.tvnovelas.com.br\/tvnews\/wp-json\/wp\/v2\/users\/1"}],"replies":[{"embeddable":true,"href":"https:\/\/www.tvnovelas.com.br\/tvnews\/wp-json\/wp\/v2\/comments?post=82787"}],"version-history":[{"count":1,"href":"https:\/\/www.tvnovelas.com.br\/tvnews\/wp-json\/wp\/v2\/posts\/82787\/revisions"}],"predecessor-version":[{"id":82789,"href":"https:\/\/www.tvnovelas.com.br\/tvnews\/wp-json\/wp\/v2\/posts\/82787\/revisions\/82789"}],"wp:featuredmedia":[{"embeddable":true,"href":"https:\/\/www.tvnovelas.com.br\/tvnews\/wp-json\/wp\/v2\/media\/82788"}],"wp:attachment":[{"href":"https:\/\/www.tvnovelas.com.br\/tvnews\/wp-json\/wp\/v2\/media?parent=82787"}],"wp:term":[{"taxonomy":"category","embeddable":true,"href":"https:\/\/www.tvnovelas.com.br\/tvnews\/wp-json\/wp\/v2\/categories?post=82787"},{"taxonomy":"post_tag","embeddable":true,"href":"https:\/\/www.tvnovelas.com.br\/tvnews\/wp-json\/wp\/v2\/tags?post=82787"}],"curies":[{"name":"wp","href":"https:\/\/api.w.org\/{rel}","templated":true}]}}