{"id":82791,"date":"2025-10-01T09:41:16","date_gmt":"2025-10-01T12:41:16","guid":{"rendered":"https:\/\/www.tvnovelas.com.br\/tvnews\/?p=82791"},"modified":"2025-10-01T09:41:16","modified_gmt":"2025-10-01T12:41:16","slug":"dona-de-mim-leo-e-samuel-se-desentendem-por-causa-de-sofia","status":"publish","type":"post","link":"https:\/\/www.tvnovelas.com.br\/tvnews\/dona-de-mim-leo-e-samuel-se-desentendem-por-causa-de-sofia\/","title":{"rendered":"Dona de Mim: Leo e Samuel se desentendem por causa de Sofia"},"content":{"rendered":"<figure id=\"attachment_82792\" aria-describedby=\"caption-attachment-82792\" style=\"width: 727px\" class=\"wp-caption alignnone\"><img data-recalc-dims=\"1\" decoding=\"async\" class=\"wp-image-82792 size-full\" title=\"(Foto: TV Globo\/Dona de Mim)\" src=\"https:\/\/i0.wp.com\/www.tvnovelas.com.br\/tvnews\/wp-content\/uploads\/2025\/10\/12117.jpg?resize=727%2C410&#038;ssl=1\" alt=\"Foto em Dona de Mim: Leo e Samuel se desentendem por causa de Sofia\" width=\"727\" height=\"410\" srcset=\"https:\/\/i0.wp.com\/www.tvnovelas.com.br\/tvnews\/wp-content\/uploads\/2025\/10\/12117.jpg?w=727&amp;ssl=1 727w, https:\/\/i0.wp.com\/www.tvnovelas.com.br\/tvnews\/wp-content\/uploads\/2025\/10\/12117.jpg?resize=250%2C141&amp;ssl=1 250w\" sizes=\"(max-width: 727px) 100vw, 727px\" \/><figcaption id=\"caption-attachment-82792\" class=\"wp-caption-text\">Dona de Mim: Leo e Samuel se desentendem por causa de Sofia<\/figcaption><\/figure>\n<p>Em Dona de Mim, Sofia (Elis Cabral) ganhou a\u00e7\u00f5es da Boaz da av\u00f3 Rosa (Suely Franco) e est\u00e1 se sentindo a \u201cpoderosa chefinha\u201d. E, no auge dos seus sete aninhos, ir\u00e1 desobedecer a Leo (Clara Moneke), que acabar\u00e1 gritando com a menina. Por isso, Leo tamb\u00e9m vai se desentender com Samuel (Juan Paiva) sobre a cria\u00e7\u00e3o da menina.<\/p>\n<p>\u201cAgora eu sou a super chefinha! A vov\u00f3 me deu a f\u00e1brica\u201d, diz a menina.]<\/p>\n<p>\u201cIh, olha s\u00f3 a hora. Sofia, vamos pra casa que amanh\u00e3 \u00e9 dia de aula\u201d, afirma Leo.<\/p>\n<p>\u201cN\u00e3o! Eu sou chefe!\u201d, reage Sofia.<\/p>\n<p>J\u00e1 em casa, Sofia seguir\u00e1 rejeitando as ordens de Leo para que ela v\u00e1 dormir.<\/p>\n<p>\u201cSofia, j\u00e1 deu. Para de bagun\u00e7a, por favor\u201d, insiste Leo.<\/p>\n<p>\u201cEu sou chefe! Ningu\u00e9m manda em mim\u201d, responde Sofia.<\/p>\n<p>Sofia fica sem rea\u00e7\u00e3o com grito de Leo em Dona de Mim \u2014 Foto: Globo<\/p>\n<p>At\u00e9 que Leo perder\u00e1 a paci\u00eancia, gerando um clim\u00e3o com a menina.<\/p>\n<p>\u201cSofia! Para agora!\u201d, grita Leo.<\/p>\n<p>Depois, Samuel far\u00e1 uma vontade de Sofia, desautorizando Leo dentro da casa dela.<\/p>\n<p>\u201cMas eu n\u00e3o quero ir pro bal\u00e9 hoje!\u201d, grita Sofia para Leo.<\/p>\n<p>Depois, ela se vira para Samuel:<\/p>\n<p>\u201cPosso faltar ao bal\u00e9 um dia! J\u00e1 dan\u00e7o muito bem, n\u00e9, Samuel!\u201d<\/p>\n<p>\u201c\u00c9 verdade. A Sofia pode perder uma aula. N\u00e3o \u00e9 nada demais\u201d, responde o irm\u00e3o.<\/p>\n<p>Depois, quando Sofia sair, Leo questionar\u00e1 Samuel.<\/p>\n<p>\u201cPor que voc\u00ea me desautorizou na frente da Sofia?\u201d<br \/>\n<!--FIM--><br \/>\n<div class=\"pt-cv-wrapper\"><h2 class='pt-cv-heading-container heading2' data-blockid='9b88c0b6t2'><span class='pt-cv-heading'> \u00daltimas da novela <\/span><\/h2><div class=\"pt-cv-view pt-cv-grid pt-cv-colsys\" id=\"pt-cv-view-9b88c0b6t2\"><div data-id=\"pt-cv-page-1\" class=\"pt-cv-page\" data-cvc=\"1\"><div class=\"col-md-12 col-sm-12 col-xs-12 pt-cv-content-item pt-cv-1-col\" ><div class='pt-cv-ifield'><h4 class=\"pt-cv-title\"><a href=\"https:\/\/www.tvnovelas.com.br\/tvnews\/dona-de-mim-abel-aparece-e-salva-sofia-do-incendio\/\" class=\"_blank\" target=\"_blank\" >Dona de Mim: Abel \u2018aparece&#8217; e salva Sofia do inc\u00eandio<\/a><\/h4><\/div><\/div>\n<div class=\"col-md-12 col-sm-12 col-xs-12 pt-cv-content-item pt-cv-1-col\" ><div class='pt-cv-ifield'><h4 class=\"pt-cv-title\"><a href=\"https:\/\/www.tvnovelas.com.br\/tvnews\/dona-de-mim-jaques-coloca-fogo-na-boaz\/\" class=\"_blank\" target=\"_blank\" >Dona de Mim: Jaques coloca fogo na Boaz<\/a><\/h4><\/div><\/div>\n<div class=\"col-md-12 col-sm-12 col-xs-12 pt-cv-content-item pt-cv-1-col\" ><div class='pt-cv-ifield'><h4 class=\"pt-cv-title\"><a href=\"https:\/\/www.tvnovelas.com.br\/tvnews\/dona-de-mim-davi-e-barbara-sofrem-grave-acidente\/\" class=\"_blank\" target=\"_blank\" >Dona de Mim: Davi e B\u00e1rbara sofrem grave acidente<\/a><\/h4><\/div><\/div><\/div><\/div><\/div><br \/>\n<strong>Sobre a novela<\/strong><br \/>\n<a href=\"https:\/\/wp.me\/pfspD2-UO\" target=\"_blank\" rel=\"noopener\">Dona de Mim: A trama da novela<\/a><br \/>\n<a href=\"https:\/\/wp.me\/pfspD2-UG\" target=\"_blank\" rel=\"noopener\">Dona de Mim: A fam\u00edlia Boaz e seu imp\u00e9rio de lingerie<\/a><\/p>\n<div style=\"font-size: 120%;\"><h3>Confira tamb\u00e9m<\/h3>\r\n<a href=\"https:\/\/tvnovelas.com.br\/novelas\/\" rel=\"noopener\" target=\"_blank\"><strong>Todos os resumos de novelas<\/strong><\/a><\/br>\r\n<a href=\"https:\/\/www.tvnovelas.com.br\/tvnews\/\" rel=\"noopener\" target=\"_blank\"><strong>\u00daltimas not\u00edcias das novelas<\/strong><\/a><\/br>\r\n<a href=\"https:\/\/www.tvnovelas.com.br\/filmes\/\" target=\"_blank\" rel=\"noopener noreferrer\"><strong>Programa\u00e7\u00e3o de filmes na TV aberta<\/strong><\/a><\/br>\r\n<a href=\"https:\/\/caetenews.com.br\/semana\/filmes-da-globo-na-sessao-da-tarde-desta-semana\/\" target=\"_blank\" rel=\"noopener\"><strong>Confira os filmes da semana na Sess\u00e3o da Tarde<\/strong><\/a><\/br>\r\n<a href=\"https:\/\/classindportal.mj.gov.br\/consulta-filmes\" target=\"_blank\" rel=\"noopener\"><strong>Consulte a classifica\u00e7\u00e3o indicativa dos filmes e novelas<\/strong><\/a><\/br><\/div>\n","protected":false},"excerpt":{"rendered":"<p>Dona de Mim: Leo e Samuel se desentendem por causa de Sofia&#8230; Em Dona de Mim, Sofia (Elis Cabral) ganhou a\u00e7\u00f5es da Boaz da av\u00f3 Rosa&#8230;<\/p>\n","protected":false},"author":1,"featured_media":82792,"comment_status":"closed","ping_status":"closed","sticky":false,"template":"","format":"standard","meta":{"_uf_show_specific_survey":0,"_uf_disable_surveys":false,"_jetpack_memberships_contains_paid_content":false,"footnotes":"","_wp_rev_ctl_limit":""},"categories":[884],"tags":[883,5,64],"class_list":["post-82791","post","type-post","status-publish","format-standard","has-post-thumbnail","hentry","category-dona-de-mim","tag-dona-de-mim","tag-globo","tag-novelas","wpcat-884-id"],"aioseo_notices":[],"jetpack_featured_media_url":"https:\/\/i0.wp.com\/www.tvnovelas.com.br\/tvnews\/wp-content\/uploads\/2025\/10\/12117.jpg?fit=727%2C410&ssl=1","jetpack_shortlink":"https:\/\/wp.me\/pdP2BO-lxl","jetpack_sharing_enabled":true,"_links":{"self":[{"href":"https:\/\/www.tvnovelas.com.br\/tvnews\/wp-json\/wp\/v2\/posts\/82791","targetHints":{"allow":["GET"]}}],"collection":[{"href":"https:\/\/www.tvnovelas.com.br\/tvnews\/wp-json\/wp\/v2\/posts"}],"about":[{"href":"https:\/\/www.tvnovelas.com.br\/tvnews\/wp-json\/wp\/v2\/types\/post"}],"author":[{"embeddable":true,"href":"https:\/\/www.tvnovelas.com.br\/tvnews\/wp-json\/wp\/v2\/users\/1"}],"replies":[{"embeddable":true,"href":"https:\/\/www.tvnovelas.com.br\/tvnews\/wp-json\/wp\/v2\/comments?post=82791"}],"version-history":[{"count":1,"href":"https:\/\/www.tvnovelas.com.br\/tvnews\/wp-json\/wp\/v2\/posts\/82791\/revisions"}],"predecessor-version":[{"id":82793,"href":"https:\/\/www.tvnovelas.com.br\/tvnews\/wp-json\/wp\/v2\/posts\/82791\/revisions\/82793"}],"wp:featuredmedia":[{"embeddable":true,"href":"https:\/\/www.tvnovelas.com.br\/tvnews\/wp-json\/wp\/v2\/media\/82792"}],"wp:attachment":[{"href":"https:\/\/www.tvnovelas.com.br\/tvnews\/wp-json\/wp\/v2\/media?parent=82791"}],"wp:term":[{"taxonomy":"category","embeddable":true,"href":"https:\/\/www.tvnovelas.com.br\/tvnews\/wp-json\/wp\/v2\/categories?post=82791"},{"taxonomy":"post_tag","embeddable":true,"href":"https:\/\/www.tvnovelas.com.br\/tvnews\/wp-json\/wp\/v2\/tags?post=82791"}],"curies":[{"name":"wp","href":"https:\/\/api.w.org\/{rel}","templated":true}]}}