{"id":82821,"date":"2025-10-02T08:33:52","date_gmt":"2025-10-02T11:33:52","guid":{"rendered":"https:\/\/www.tvnovelas.com.br\/tvnews\/?p=82821"},"modified":"2025-10-02T08:33:52","modified_gmt":"2025-10-02T11:33:52","slug":"eta-mundo-melhor-estela-e-sequestrada-por-ernesto","status":"publish","type":"post","link":"https:\/\/www.tvnovelas.com.br\/tvnews\/eta-mundo-melhor-estela-e-sequestrada-por-ernesto\/","title":{"rendered":"\u00cata Mundo Melhor!: Estela \u00e9 sequestrada por Ernesto"},"content":{"rendered":"<figure id=\"attachment_82822\" aria-describedby=\"caption-attachment-82822\" style=\"width: 728px\" class=\"wp-caption alignnone\"><img data-recalc-dims=\"1\" decoding=\"async\" class=\"wp-image-82822 size-full\" title=\"(Foto: TV Globo\/\u00cata Mundo Melhor!)\" src=\"https:\/\/i0.wp.com\/www.tvnovelas.com.br\/tvnews\/wp-content\/uploads\/2025\/10\/12122.jpg?resize=728%2C410&#038;ssl=1\" alt=\"Foto em \u00cata Mundo Melhor!: Estela \u00e9 sequestrada por Ernesto\" width=\"728\" height=\"410\" srcset=\"https:\/\/i0.wp.com\/www.tvnovelas.com.br\/tvnews\/wp-content\/uploads\/2025\/10\/12122.jpg?w=728&amp;ssl=1 728w, https:\/\/i0.wp.com\/www.tvnovelas.com.br\/tvnews\/wp-content\/uploads\/2025\/10\/12122.jpg?resize=250%2C141&amp;ssl=1 250w\" sizes=\"(max-width: 728px) 100vw, 728px\" \/><figcaption id=\"caption-attachment-82822\" class=\"wp-caption-text\">\u00cata Mundo Melhor!: Estela \u00e9 sequestrada por Ernesto<\/figcaption><\/figure>\n<p>Em \u00cata Mundo Melhor!, Paix\u00e3o (Henri Pagnoncelli) acredita mesmo que Ernesto (Eriberto Le\u00e3o) esteja disposto a deixar a vida de maldades para tr\u00e1s. Depois de livrar o pilantra da cadeia, o rica\u00e7o avisa que o afilhado \u00e9 o \u00fanico herdeiro da sua fortuna e que isso s\u00f3 vai acontecer quando ele se transformar em um homem melhor.<\/p>\n<p>Em conversa com Mirtes (Mariana Bridi), Ernesto comemora a sua futura heran\u00e7a e conta que vai fazer pose de homem honesto enquanto o padrinho estiver vivo.<\/p>\n<p>&#8220;A sa\u00fade dele \u00e9 fraca. O cora\u00e7\u00e3o est\u00e1 no baga\u00e7o. E, quem sabe, posso ajudar o meu padrinho a ir comer grama pela raiz&#8221;, diz Ernesto, mostrando frieza.<\/p>\n<p>Acontece que Dita (Jeniffer Nascimento) escuta a conversa e corre para contar a Estela (Larissa Manoela). A enfermeira fica horrorizada e decide ir ao hospital desmascarar Ernesto para Paix\u00e3o. Mas chegando l\u00e1, o bandido flagra Estela prestes a contar a verdade para seu padrinho. Sem sa\u00edda, ela confessa:<\/p>\n<p>&#8220;Vim contar ao seu padrinho o tipo de pessoa que voc\u00ea \u00e9. Tudo que fez comigo e com outras garotas inocentes como eu. [&#8230;] Ser\u00e1 que o seu padrinho sabe que voc\u00ea est\u00e1 louco para que ele fale\u00e7a?&#8221;<\/p>\n<p>Ernesto amea\u00e7a Estela, tapa a sua boca, mas ela o morde e foge.<\/p>\n<p>Mesmo nervosa com a situa\u00e7\u00e3o, Estela aceita fazer um passeio de barco com Celso (Rainer Cadete). Por\u00e9m, ela n\u00e3o imagina que est\u00e1 sendo seguida por Ernesto. A enfermeira entra no barco enquanto espera o namorado comprar um bal\u00e3o para Anabela (Isabelly Carvalho) .<\/p>\n<p>Ernesto aproveita que Estela est\u00e1 sozinha, entra no barco e rema para longe da margem.<\/p>\n<p>&#8220;Ernesto? Me leve de volta para a margem!&#8221;<\/p>\n<p>&#8220;N\u00e3o vou deixar voc\u00ea contar nada sobre mim para meu padrinho, docinho!&#8221;, garante o cr\u00e1pula.<br \/>\n<!--FIM--><br \/>\n<div class=\"pt-cv-wrapper\"><h2 class='pt-cv-heading-container heading2' data-blockid='ae5b5529ra'><span class='pt-cv-heading'> \u00daltimas da novela <\/span><\/h2><div class=\"pt-cv-view pt-cv-grid pt-cv-colsys\" id=\"pt-cv-view-ae5b5529ra\"><div data-id=\"pt-cv-page-1\" class=\"pt-cv-page\" data-cvc=\"1\"><div class=\"col-md-12 col-sm-12 col-xs-12 pt-cv-content-item pt-cv-1-col\" ><div class='pt-cv-ifield'><h4 class=\"pt-cv-title\"><a href=\"https:\/\/www.tvnovelas.com.br\/tvnews\/eta-mundo-melhor-sandra-avisa-que-nao-vai-desistir-da-vinganca\/\" class=\"_blank\" target=\"_blank\" >\u00cata Mundo Melhor!: Sandra avisa que n\u00e3o vai desistir da vingan\u00e7a<\/a><\/h4><\/div><\/div>\n<div class=\"col-md-12 col-sm-12 col-xs-12 pt-cv-content-item pt-cv-1-col\" ><div class='pt-cv-ifield'><h4 class=\"pt-cv-title\"><a href=\"https:\/\/www.tvnovelas.com.br\/tvnews\/eta-mundo-melhor-celso-conta-a-candinho-o-que-sempre-escondeu-sobre-samir\/\" class=\"_blank\" target=\"_blank\" >\u00cata Mundo Melhor!: Celso conta a Candinho o que sempre escondeu sobre Samir<\/a><\/h4><\/div><\/div>\n<div class=\"col-md-12 col-sm-12 col-xs-12 pt-cv-content-item pt-cv-1-col\" ><div class='pt-cv-ifield'><h4 class=\"pt-cv-title\"><a href=\"https:\/\/www.tvnovelas.com.br\/tvnews\/eta-mundo-melhor-lourival-pede-uma-chance-a-dita-e-eles-se-beijam\/\" class=\"_blank\" target=\"_blank\" >\u00cata Mundo Melhor!: Lourival pede uma chance a Dita e eles se beijam<\/a><\/h4><\/div><\/div><\/div><\/div><\/div><\/p>\n<h2>Sobre a novela:<\/h2>\n<p><a href=\"https:\/\/tvnovelas.com.br\/page2\/arquivo\/eta-mundo-melhor-a-volta-de-candinho-e-policarpo\/&quot;\" target=\"_blank\" rel=\"noopener\">\u00cata Mundo Melhor!: A volta de Candinho e Policarpo<\/a> (Sinopse)<br \/>\n<a href=\"https:\/\/pt.wikipedia.org\/wiki\/%C3%8Ata_Mundo_Melhor!\" target=\"_blank\" rel=\"noopener\">Sobre \u00cata Mundo Melhor!, na Wikipedia<\/a><\/p>\n<div style=\"font-size: 120%;\"><h3>Confira tamb\u00e9m<\/h3>\r\n<a href=\"https:\/\/tvnovelas.com.br\/novelas\/\" rel=\"noopener\" target=\"_blank\"><strong>Todos os resumos de novelas<\/strong><\/a><\/br>\r\n<a href=\"https:\/\/www.tvnovelas.com.br\/tvnews\/\" rel=\"noopener\" target=\"_blank\"><strong>\u00daltimas not\u00edcias das novelas<\/strong><\/a><\/br>\r\n<a href=\"https:\/\/www.tvnovelas.com.br\/filmes\/\" target=\"_blank\" rel=\"noopener noreferrer\"><strong>Programa\u00e7\u00e3o de filmes na TV aberta<\/strong><\/a><\/br>\r\n<a href=\"https:\/\/caetenews.com.br\/semana\/filmes-da-globo-na-sessao-da-tarde-desta-semana\/\" target=\"_blank\" rel=\"noopener\"><strong>Confira os filmes da semana na Sess\u00e3o da Tarde<\/strong><\/a><\/br>\r\n<a href=\"https:\/\/classindportal.mj.gov.br\/consulta-filmes\" target=\"_blank\" rel=\"noopener\"><strong>Consulte a classifica\u00e7\u00e3o indicativa dos filmes e novelas<\/strong><\/a><\/br><\/div>\n","protected":false},"excerpt":{"rendered":"<p>\u00cata Mundo Melhor!: Estela \u00e9 sequestrada por Ernesto&#8230; Em \u00cata Mundo Melhor!, Paix\u00e3o (Henri Pagnoncelli) acredita mesmo que Ernesto esteja disposto&#8230;<\/p>\n","protected":false},"author":1,"featured_media":82822,"comment_status":"closed","ping_status":"closed","sticky":false,"template":"","format":"standard","meta":{"_uf_show_specific_survey":0,"_uf_disable_surveys":false,"_jetpack_memberships_contains_paid_content":false,"footnotes":"","_wp_rev_ctl_limit":""},"categories":[920],"tags":[921,5,64],"class_list":["post-82821","post","type-post","status-publish","format-standard","has-post-thumbnail","hentry","category-eta-mundo-melhor","tag-eta-mundo-melhor","tag-globo","tag-novelas","wpcat-920-id"],"aioseo_notices":[],"jetpack_featured_media_url":"https:\/\/i0.wp.com\/www.tvnovelas.com.br\/tvnews\/wp-content\/uploads\/2025\/10\/12122.jpg?fit=728%2C410&ssl=1","jetpack_shortlink":"https:\/\/wp.me\/pdP2BO-lxP","jetpack_sharing_enabled":true,"_links":{"self":[{"href":"https:\/\/www.tvnovelas.com.br\/tvnews\/wp-json\/wp\/v2\/posts\/82821","targetHints":{"allow":["GET"]}}],"collection":[{"href":"https:\/\/www.tvnovelas.com.br\/tvnews\/wp-json\/wp\/v2\/posts"}],"about":[{"href":"https:\/\/www.tvnovelas.com.br\/tvnews\/wp-json\/wp\/v2\/types\/post"}],"author":[{"embeddable":true,"href":"https:\/\/www.tvnovelas.com.br\/tvnews\/wp-json\/wp\/v2\/users\/1"}],"replies":[{"embeddable":true,"href":"https:\/\/www.tvnovelas.com.br\/tvnews\/wp-json\/wp\/v2\/comments?post=82821"}],"version-history":[{"count":1,"href":"https:\/\/www.tvnovelas.com.br\/tvnews\/wp-json\/wp\/v2\/posts\/82821\/revisions"}],"predecessor-version":[{"id":82823,"href":"https:\/\/www.tvnovelas.com.br\/tvnews\/wp-json\/wp\/v2\/posts\/82821\/revisions\/82823"}],"wp:featuredmedia":[{"embeddable":true,"href":"https:\/\/www.tvnovelas.com.br\/tvnews\/wp-json\/wp\/v2\/media\/82822"}],"wp:attachment":[{"href":"https:\/\/www.tvnovelas.com.br\/tvnews\/wp-json\/wp\/v2\/media?parent=82821"}],"wp:term":[{"taxonomy":"category","embeddable":true,"href":"https:\/\/www.tvnovelas.com.br\/tvnews\/wp-json\/wp\/v2\/categories?post=82821"},{"taxonomy":"post_tag","embeddable":true,"href":"https:\/\/www.tvnovelas.com.br\/tvnews\/wp-json\/wp\/v2\/tags?post=82821"}],"curies":[{"name":"wp","href":"https:\/\/api.w.org\/{rel}","templated":true}]}}