{"id":82829,"date":"2025-10-02T09:27:03","date_gmt":"2025-10-02T12:27:03","guid":{"rendered":"https:\/\/www.tvnovelas.com.br\/tvnews\/?p=82829"},"modified":"2025-10-02T09:27:03","modified_gmt":"2025-10-02T12:27:03","slug":"cruel-istambul-gravidez-de-ceren-e-confirmada","status":"publish","type":"post","link":"https:\/\/www.tvnovelas.com.br\/tvnews\/cruel-istambul-gravidez-de-ceren-e-confirmada\/","title":{"rendered":"Cruel Istambul: Gravidez de Ceren \u00e9 confirmada"},"content":{"rendered":"<figure id=\"attachment_82830\" aria-describedby=\"caption-attachment-82830\" style=\"width: 728px\" class=\"wp-caption alignnone\"><img data-recalc-dims=\"1\" decoding=\"async\" class=\"wp-image-82830 size-full\" title=\"(Foto: Reprodu\u00e7\u00e3o\/Band\/Cruel Istambul)\" src=\"https:\/\/i0.wp.com\/www.tvnovelas.com.br\/tvnews\/wp-content\/uploads\/2025\/10\/12124.jpg?resize=728%2C409&#038;ssl=1\" alt=\"Foto em Cruel Istambul: Gravidez de Ceren \u00e9 confirmada\" width=\"728\" height=\"409\" srcset=\"https:\/\/i0.wp.com\/www.tvnovelas.com.br\/tvnews\/wp-content\/uploads\/2025\/10\/12124.jpg?w=728&amp;ssl=1 728w, https:\/\/i0.wp.com\/www.tvnovelas.com.br\/tvnews\/wp-content\/uploads\/2025\/10\/12124.jpg?resize=250%2C140&amp;ssl=1 250w\" sizes=\"(max-width: 728px) 100vw, 728px\" \/><figcaption id=\"caption-attachment-82830\" class=\"wp-caption-text\">Cruel Istambul: Gravidez de Ceren \u00e9 confirmada<\/figcaption><\/figure>\n<p>No cap\u00edtulo de Cruel Istambul desta quinta, dia 02, A gravidez de Ceren \u00e9 confirmada e Seniz descobre que o filho \u00e9 realmente de Cenk. Confira o resumo do cap\u00edtulo de hoje:<\/p>\n<h2 style=\"color: #541212;\">Resumo de quinta-feira, 02 de outubro<\/h2>\n<p>Damla relata os problemas familiares para Civan. Seniz volta ao casar\u00e3o e exige que Agah remova as filmadoras do aposento de Nedim. A genitora de Cenk imp\u00f5e uma condi\u00e7\u00e3o a Ceren para aceitar a gesta\u00e7\u00e3o: que ela seja avaliada por um especialista. A av\u00f3 da ca\u00e7ula dos Y\u0131lmaz tenta alert\u00e1-la das verdadeiras inten\u00e7\u00f5es de Seniz. Agah presencia um desentendimento entre Cenk e Cemre e cobra esclarecimentos do homem. Seher pressiona Cemre para obter respostas acerca da rela\u00e7\u00e3o dos dois jovens. A gravidez de Ceren \u00e9 confirmada e Seniz descobre que o filho \u00e9 realmente de Cenk.<br \/>\n<!--FIM--><a href=\"https:\/\/wp.me\/p8dmjy-cmp\" target=\"_blank\" rel=\"noopener\"> Confira os resumos dos cap\u00edtulos da semana<\/a><\/p>\n<div style=\"font-size: 120%;\"><h3>Confira tamb\u00e9m<\/h3>\r\n<a href=\"https:\/\/tvnovelas.com.br\/novelas\/\" rel=\"noopener\" target=\"_blank\"><strong>Todos os resumos de novelas<\/strong><\/a><\/br>\r\n<a href=\"https:\/\/www.tvnovelas.com.br\/tvnews\/\" rel=\"noopener\" target=\"_blank\"><strong>\u00daltimas not\u00edcias das novelas<\/strong><\/a><\/br>\r\n<a href=\"https:\/\/www.tvnovelas.com.br\/filmes\/\" target=\"_blank\" rel=\"noopener noreferrer\"><strong>Programa\u00e7\u00e3o de filmes na TV aberta<\/strong><\/a><\/br>\r\n<a href=\"https:\/\/caetenews.com.br\/semana\/filmes-da-globo-na-sessao-da-tarde-desta-semana\/\" target=\"_blank\" rel=\"noopener\"><strong>Confira os filmes da semana na Sess\u00e3o da Tarde<\/strong><\/a><\/br>\r\n<a href=\"https:\/\/classindportal.mj.gov.br\/consulta-filmes\" target=\"_blank\" rel=\"noopener\"><strong>Consulte a classifica\u00e7\u00e3o indicativa dos filmes e novelas<\/strong><\/a><\/br><\/div>\n","protected":false},"excerpt":{"rendered":"<p>Cruel Istambul: Gravidez de Ceren \u00e9 confirmada&#8230; No cap\u00edtulo de Cruel Istambul desta quinta, dia 02, A gravidez de Ceren&#8230; . Confira o resumo do cap\u00edtulo de hoje:<\/p>\n","protected":false},"author":1,"featured_media":82830,"comment_status":"closed","ping_status":"closed","sticky":false,"template":"","format":"standard","meta":{"_uf_show_specific_survey":0,"_uf_disable_surveys":false,"_jetpack_memberships_contains_paid_content":false,"footnotes":"","_wp_rev_ctl_limit":""},"categories":[990],"tags":[43,991,64],"class_list":["post-82829","post","type-post","status-publish","format-standard","has-post-thumbnail","hentry","category-cruel-istambul","tag-band","tag-cruel-istambul","tag-novelas","wpcat-990-id"],"aioseo_notices":[],"jetpack_featured_media_url":"https:\/\/i0.wp.com\/www.tvnovelas.com.br\/tvnews\/wp-content\/uploads\/2025\/10\/12124.jpg?fit=728%2C409&ssl=1","jetpack_shortlink":"https:\/\/wp.me\/pdP2BO-lxX","jetpack_sharing_enabled":true,"_links":{"self":[{"href":"https:\/\/www.tvnovelas.com.br\/tvnews\/wp-json\/wp\/v2\/posts\/82829","targetHints":{"allow":["GET"]}}],"collection":[{"href":"https:\/\/www.tvnovelas.com.br\/tvnews\/wp-json\/wp\/v2\/posts"}],"about":[{"href":"https:\/\/www.tvnovelas.com.br\/tvnews\/wp-json\/wp\/v2\/types\/post"}],"author":[{"embeddable":true,"href":"https:\/\/www.tvnovelas.com.br\/tvnews\/wp-json\/wp\/v2\/users\/1"}],"replies":[{"embeddable":true,"href":"https:\/\/www.tvnovelas.com.br\/tvnews\/wp-json\/wp\/v2\/comments?post=82829"}],"version-history":[{"count":1,"href":"https:\/\/www.tvnovelas.com.br\/tvnews\/wp-json\/wp\/v2\/posts\/82829\/revisions"}],"predecessor-version":[{"id":82831,"href":"https:\/\/www.tvnovelas.com.br\/tvnews\/wp-json\/wp\/v2\/posts\/82829\/revisions\/82831"}],"wp:featuredmedia":[{"embeddable":true,"href":"https:\/\/www.tvnovelas.com.br\/tvnews\/wp-json\/wp\/v2\/media\/82830"}],"wp:attachment":[{"href":"https:\/\/www.tvnovelas.com.br\/tvnews\/wp-json\/wp\/v2\/media?parent=82829"}],"wp:term":[{"taxonomy":"category","embeddable":true,"href":"https:\/\/www.tvnovelas.com.br\/tvnews\/wp-json\/wp\/v2\/categories?post=82829"},{"taxonomy":"post_tag","embeddable":true,"href":"https:\/\/www.tvnovelas.com.br\/tvnews\/wp-json\/wp\/v2\/tags?post=82829"}],"curies":[{"name":"wp","href":"https:\/\/api.w.org\/{rel}","templated":true}]}}