{"id":82837,"date":"2025-10-02T10:54:38","date_gmt":"2025-10-02T13:54:38","guid":{"rendered":"https:\/\/www.tvnovelas.com.br\/tvnews\/?p=82837"},"modified":"2025-10-02T10:54:38","modified_gmt":"2025-10-02T13:54:38","slug":"a-escrava-isaura-almeida-promete-liberdade-a-isaura","status":"publish","type":"post","link":"https:\/\/www.tvnovelas.com.br\/tvnews\/a-escrava-isaura-almeida-promete-liberdade-a-isaura\/","title":{"rendered":"A Escrava Isaura: Almeida promete liberdade a Isaura"},"content":{"rendered":"<figure id=\"attachment_82838\" aria-describedby=\"caption-attachment-82838\" style=\"width: 728px\" class=\"wp-caption alignnone\"><img data-recalc-dims=\"1\" decoding=\"async\" class=\"wp-image-82838 size-full\" title=\"(Foto: Record\/A Escrava Isaura)\" src=\"https:\/\/i0.wp.com\/www.tvnovelas.com.br\/tvnews\/wp-content\/uploads\/2025\/10\/12126.jpg?resize=728%2C410&#038;ssl=1\" alt=\"Foto em A Escrava Isaura: Almeida promete liberdade a Isaura\" width=\"728\" height=\"410\" srcset=\"https:\/\/i0.wp.com\/www.tvnovelas.com.br\/tvnews\/wp-content\/uploads\/2025\/10\/12126.jpg?w=728&amp;ssl=1 728w, https:\/\/i0.wp.com\/www.tvnovelas.com.br\/tvnews\/wp-content\/uploads\/2025\/10\/12126.jpg?resize=250%2C141&amp;ssl=1 250w\" sizes=\"(max-width: 728px) 100vw, 728px\" \/><figcaption id=\"caption-attachment-82838\" class=\"wp-caption-text\">A Escrava Isaura: Almeida promete liberdade a Isaura<\/figcaption><\/figure>\n<p>Em A Escrava Isaura no cap\u00edtulo desta quinta, dia 2, Almeida discute de maneira dura com o filho e promete a Isaura que ela ser\u00e1 livre quando ele morrer. Confira o resumo do cap\u00edtulo de hoje:<\/p>\n<h2 style=\"color: #541212;\">Resumo de quinta-feira, 02 de outubro<\/h2>\n<p>Almeida discute de maneira dura com o filho e promete a Isaura que ela ser\u00e1 livre quando ele morrer. As meninas do Jardim de Serafina rejeitam Belchior e ele se entristece. Tom\u00e1sia brinda com o irm\u00e3o e a m\u00e3e e agradece ao falecido marido por ter deixado toda sua fortuna para ela. Em conversa com Andr\u00e9 e Muleka, Bernardo fala de seu sonho em encontrar um garimpo. Muito debilitado, Almeida sonha com Gertrudes e acorda assustado.<br \/>\n<!--FIM--><\/p>\n<h2>Saiba mais<\/h2>\n<p><a href=\"https:\/\/tvnovelas.com.br\/novelas\/resumos-da-novela-a-escrava-isaura\/\" target=\"_blank\" rel=\"noopener\">Escrava Isaura: Resumos dos cap\u00edtulos da semana<\/a><br \/>\n<a href=\"https:\/\/wp.me\/pfspD2-Jf\" target=\"_blank\" rel=\"noopener\">Escrava Isaura: o sonho da liberdade<\/a><\/p>\n<div style=\"font-size: 120%;\"><h3>Confira tamb\u00e9m<\/h3>\r\n<a href=\"https:\/\/tvnovelas.com.br\/novelas\/\" rel=\"noopener\" target=\"_blank\"><strong>Todos os resumos de novelas<\/strong><\/a><\/br>\r\n<a href=\"https:\/\/www.tvnovelas.com.br\/tvnews\/\" rel=\"noopener\" target=\"_blank\"><strong>\u00daltimas not\u00edcias das novelas<\/strong><\/a><\/br>\r\n<a href=\"https:\/\/www.tvnovelas.com.br\/filmes\/\" target=\"_blank\" rel=\"noopener noreferrer\"><strong>Programa\u00e7\u00e3o de filmes na TV aberta<\/strong><\/a><\/br>\r\n<a href=\"https:\/\/caetenews.com.br\/semana\/filmes-da-globo-na-sessao-da-tarde-desta-semana\/\" target=\"_blank\" rel=\"noopener\"><strong>Confira os filmes da semana na Sess\u00e3o da Tarde<\/strong><\/a><\/br>\r\n<a href=\"https:\/\/classindportal.mj.gov.br\/consulta-filmes\" target=\"_blank\" rel=\"noopener\"><strong>Consulte a classifica\u00e7\u00e3o indicativa dos filmes e novelas<\/strong><\/a><\/br><\/div>\n","protected":false},"excerpt":{"rendered":"<p>A Escrava Isaura: Almeida promete liberdade a Isaura&#8230;Em A Escrava Isaura no cap\u00edtulo desta quinta, dia 2, Almeida discute.. Confira o resumo do cap\u00edtulo de hoje<\/p>\n","protected":false},"author":1,"featured_media":82838,"comment_status":"closed","ping_status":"closed","sticky":false,"template":"","format":"standard","meta":{"_uf_show_specific_survey":0,"_uf_disable_surveys":false,"_jetpack_memberships_contains_paid_content":false,"footnotes":"","_wp_rev_ctl_limit":""},"categories":[984],"tags":[985,64,14],"class_list":["post-82837","post","type-post","status-publish","format-standard","has-post-thumbnail","hentry","category-a-escrava-isaura","tag-a-escrava-isaura","tag-novelas","tag-record","wpcat-984-id"],"aioseo_notices":[],"jetpack_featured_media_url":"https:\/\/i0.wp.com\/www.tvnovelas.com.br\/tvnews\/wp-content\/uploads\/2025\/10\/12126.jpg?fit=728%2C410&ssl=1","jetpack_shortlink":"https:\/\/wp.me\/pdP2BO-ly5","jetpack_sharing_enabled":true,"_links":{"self":[{"href":"https:\/\/www.tvnovelas.com.br\/tvnews\/wp-json\/wp\/v2\/posts\/82837","targetHints":{"allow":["GET"]}}],"collection":[{"href":"https:\/\/www.tvnovelas.com.br\/tvnews\/wp-json\/wp\/v2\/posts"}],"about":[{"href":"https:\/\/www.tvnovelas.com.br\/tvnews\/wp-json\/wp\/v2\/types\/post"}],"author":[{"embeddable":true,"href":"https:\/\/www.tvnovelas.com.br\/tvnews\/wp-json\/wp\/v2\/users\/1"}],"replies":[{"embeddable":true,"href":"https:\/\/www.tvnovelas.com.br\/tvnews\/wp-json\/wp\/v2\/comments?post=82837"}],"version-history":[{"count":1,"href":"https:\/\/www.tvnovelas.com.br\/tvnews\/wp-json\/wp\/v2\/posts\/82837\/revisions"}],"predecessor-version":[{"id":82839,"href":"https:\/\/www.tvnovelas.com.br\/tvnews\/wp-json\/wp\/v2\/posts\/82837\/revisions\/82839"}],"wp:featuredmedia":[{"embeddable":true,"href":"https:\/\/www.tvnovelas.com.br\/tvnews\/wp-json\/wp\/v2\/media\/82838"}],"wp:attachment":[{"href":"https:\/\/www.tvnovelas.com.br\/tvnews\/wp-json\/wp\/v2\/media?parent=82837"}],"wp:term":[{"taxonomy":"category","embeddable":true,"href":"https:\/\/www.tvnovelas.com.br\/tvnews\/wp-json\/wp\/v2\/categories?post=82837"},{"taxonomy":"post_tag","embeddable":true,"href":"https:\/\/www.tvnovelas.com.br\/tvnews\/wp-json\/wp\/v2\/tags?post=82837"}],"curies":[{"name":"wp","href":"https:\/\/api.w.org\/{rel}","templated":true}]}}