{"id":83136,"date":"2025-10-07T09:32:17","date_gmt":"2025-10-07T12:32:17","guid":{"rendered":"https:\/\/www.tvnovelas.com.br\/tvnews\/?p=83136"},"modified":"2025-10-07T09:32:17","modified_gmt":"2025-10-07T12:32:17","slug":"dona-de-mim-jaques-e-filipa-se-beijam","status":"publish","type":"post","link":"https:\/\/www.tvnovelas.com.br\/tvnews\/dona-de-mim-jaques-e-filipa-se-beijam\/","title":{"rendered":"Dona de Mim: Jaques e Filipa se beijam"},"content":{"rendered":"<figure id=\"attachment_83137\" aria-describedby=\"caption-attachment-83137\" style=\"width: 727px\" class=\"wp-caption alignnone\"><img data-recalc-dims=\"1\" decoding=\"async\" class=\"wp-image-83137 size-full\" title=\"(Foto: TV Globo\/Dona de Mim)\" src=\"https:\/\/i0.wp.com\/www.tvnovelas.com.br\/tvnews\/wp-content\/uploads\/2025\/10\/12152.jpg?resize=727%2C410&#038;ssl=1\" alt=\"Foto em Dona de Mim: Jaques e Filipa se beijam\" width=\"727\" height=\"410\" srcset=\"https:\/\/i0.wp.com\/www.tvnovelas.com.br\/tvnews\/wp-content\/uploads\/2025\/10\/12152.jpg?w=727&amp;ssl=1 727w, https:\/\/i0.wp.com\/www.tvnovelas.com.br\/tvnews\/wp-content\/uploads\/2025\/10\/12152.jpg?resize=250%2C141&amp;ssl=1 250w\" sizes=\"(max-width: 727px) 100vw, 727px\" \/><figcaption id=\"caption-attachment-83137\" class=\"wp-caption-text\">Dona de Mim: Jaques e Filipa se beijam<\/figcaption><\/figure>\n<p>Em Dona de Mim, Isabela (Sylvia Bandeira) est\u00e1 determinada a juntar Filipa (Cl\u00e1udia Abreu) e Jaques (Marcello Novaes). E a dondoca vai dar ao vil\u00e3o v\u00e1rias fotos que ajudam a contar a carreira de Filipa, e ele vai preparar uma surpresa para ela. Filipa, claro, ficar\u00e1 encantada e n\u00e3o resistir\u00e1 aos encantos de Jaques. Os dois v\u00e3o dar um beijo cheio de paix\u00e3o.<\/p>\n<p>Jaques levar\u00e1 Filipa com as m\u00e3os cobrindo seus olhos at\u00e9 o quarto dele.<\/p>\n<p>\u201cEu estava dormindo&#8230; Fala logo Jaques, o que \u00e9?\u201d, pergunta ela.<\/p>\n<p>E quando Jaques descobrir os olhos de Filipa, ela se iluminar\u00e1 ao olhar a exposi\u00e7\u00e3o de fotos de sua carreira art\u00edstica.<\/p>\n<p>\u201cO que voc\u00ea fez?\u201d, pergunta ela, surpresa.<\/p>\n<p>\u201cEu nada. J\u00e1 voc\u00ea&#8230; Fez muito\u201d, responde ele.<\/p>\n<p>Jaques, ent\u00e3o, se derreter\u00e1 em elogios a Filipa, e dar\u00e1 certo. Ela ficar\u00e1 encantada.<\/p>\n<p>\u201cNunca teria esperado isso de voc\u00ea\u201d, diz ela.<\/p>\n<p>\u201cN\u00e3o espero nada de voc\u00ea. Eu acredito em voc\u00ea\u201d, afirma ele.<\/p>\n<p>Jaques se aproximar\u00e1 para beijar Filipa, mas, no primeiro momento, ela recuar\u00e1.<\/p>\n<p>&#8220;Desculpa&#8230; Eu n\u00e3o devia&#8230; S\u00f3 quando voc\u00ea quiser\u201d, diz ele.<\/p>\n<p>E, ent\u00e3o, Filipa, enfim, dar\u00e1 o consentimento a Jaques.<\/p>\n<p>\u201cEu quero.\u201d<\/p>\n<p>Jaques e Filipa, ent\u00e3o, ir\u00e3o se beijar apaixonadamente.<br \/>\n<!--FIM--><\/p>\n<h2>\u00daltimas da novela<\/h2>\n<p>[wp-rss-aggregator id=&#8221;9&#8243;]<br \/>\n<strong>Sobre a novela<\/strong><br \/>\n<a href=\"https:\/\/wp.me\/pfspD2-UO\" target=\"_blank\" rel=\"noopener\">Dona de Mim: A trama da novela<\/a><br \/>\n<a href=\"https:\/\/wp.me\/pfspD2-UG\" target=\"_blank\" rel=\"noopener\">Dona de Mim: A fam\u00edlia Boaz e seu imp\u00e9rio de lingerie<\/a><\/p>\n<div style=\"font-size: 120%;\"><h3>Confira tamb\u00e9m<\/h3>\r\n<a href=\"https:\/\/tvnovelas.com.br\/novelas\/\" rel=\"noopener\" target=\"_blank\"><strong>Todos os resumos de novelas<\/strong><\/a><\/br>\r\n<a href=\"https:\/\/www.tvnovelas.com.br\/tvnews\/\" rel=\"noopener\" target=\"_blank\"><strong>\u00daltimas not\u00edcias das novelas<\/strong><\/a><\/br>\r\n<a href=\"https:\/\/www.tvnovelas.com.br\/filmes\/\" target=\"_blank\" rel=\"noopener noreferrer\"><strong>Programa\u00e7\u00e3o de filmes na TV aberta<\/strong><\/a><\/br>\r\n<a href=\"https:\/\/caetenews.com.br\/semana\/filmes-da-globo-na-sessao-da-tarde-desta-semana\/\" target=\"_blank\" rel=\"noopener\"><strong>Confira os filmes da semana na Sess\u00e3o da Tarde<\/strong><\/a><\/br>\r\n<a href=\"https:\/\/classindportal.mj.gov.br\/consulta-filmes\" target=\"_blank\" rel=\"noopener\"><strong>Consulte a classifica\u00e7\u00e3o indicativa dos filmes e novelas<\/strong><\/a><\/br><\/div>\n","protected":false},"excerpt":{"rendered":"<p>Dona de Mim: Jaques e Filipa se beijam&#8230;  Em Dona de Mim, Isabela (Sylvia Bandeira) est\u00e1 determinada a juntar Filipa (Cl\u00e1udia Abreu) e Jaques&#8230;<\/p>\n","protected":false},"author":1,"featured_media":83137,"comment_status":"closed","ping_status":"closed","sticky":false,"template":"","format":"standard","meta":{"_uf_show_specific_survey":0,"_uf_disable_surveys":false,"_jetpack_memberships_contains_paid_content":false,"footnotes":"","_wp_rev_ctl_limit":""},"categories":[884],"tags":[883,5,64],"class_list":["post-83136","post","type-post","status-publish","format-standard","has-post-thumbnail","hentry","category-dona-de-mim","tag-dona-de-mim","tag-globo","tag-novelas","wpcat-884-id"],"aioseo_notices":[],"jetpack_featured_media_url":"https:\/\/i0.wp.com\/www.tvnovelas.com.br\/tvnews\/wp-content\/uploads\/2025\/10\/12152.jpg?fit=727%2C410&ssl=1","jetpack_shortlink":"https:\/\/wp.me\/pdP2BO-lCU","jetpack_sharing_enabled":true,"_links":{"self":[{"href":"https:\/\/www.tvnovelas.com.br\/tvnews\/wp-json\/wp\/v2\/posts\/83136","targetHints":{"allow":["GET"]}}],"collection":[{"href":"https:\/\/www.tvnovelas.com.br\/tvnews\/wp-json\/wp\/v2\/posts"}],"about":[{"href":"https:\/\/www.tvnovelas.com.br\/tvnews\/wp-json\/wp\/v2\/types\/post"}],"author":[{"embeddable":true,"href":"https:\/\/www.tvnovelas.com.br\/tvnews\/wp-json\/wp\/v2\/users\/1"}],"replies":[{"embeddable":true,"href":"https:\/\/www.tvnovelas.com.br\/tvnews\/wp-json\/wp\/v2\/comments?post=83136"}],"version-history":[{"count":1,"href":"https:\/\/www.tvnovelas.com.br\/tvnews\/wp-json\/wp\/v2\/posts\/83136\/revisions"}],"predecessor-version":[{"id":83138,"href":"https:\/\/www.tvnovelas.com.br\/tvnews\/wp-json\/wp\/v2\/posts\/83136\/revisions\/83138"}],"wp:featuredmedia":[{"embeddable":true,"href":"https:\/\/www.tvnovelas.com.br\/tvnews\/wp-json\/wp\/v2\/media\/83137"}],"wp:attachment":[{"href":"https:\/\/www.tvnovelas.com.br\/tvnews\/wp-json\/wp\/v2\/media?parent=83136"}],"wp:term":[{"taxonomy":"category","embeddable":true,"href":"https:\/\/www.tvnovelas.com.br\/tvnews\/wp-json\/wp\/v2\/categories?post=83136"},{"taxonomy":"post_tag","embeddable":true,"href":"https:\/\/www.tvnovelas.com.br\/tvnews\/wp-json\/wp\/v2\/tags?post=83136"}],"curies":[{"name":"wp","href":"https:\/\/api.w.org\/{rel}","templated":true}]}}