{"id":83145,"date":"2025-10-07T10:54:01","date_gmt":"2025-10-07T13:54:01","guid":{"rendered":"https:\/\/www.tvnovelas.com.br\/tvnews\/?p=83145"},"modified":"2025-10-07T10:54:01","modified_gmt":"2025-10-07T13:54:01","slug":"as-filhas-da-senhora-garcia-paula-se-diz-confusa-entre-artur-e-nicolau","status":"publish","type":"post","link":"https:\/\/www.tvnovelas.com.br\/tvnews\/as-filhas-da-senhora-garcia-paula-se-diz-confusa-entre-artur-e-nicolau\/","title":{"rendered":"As Filhas da Senhora Garcia: Paula se diz confusa entre Artur e Nicolau"},"content":{"rendered":"<figure id=\"attachment_83146\" aria-describedby=\"caption-attachment-83146\" style=\"width: 727px\" class=\"wp-caption alignnone\"><img data-recalc-dims=\"1\" decoding=\"async\" class=\"wp-image-83146 size-full\" title=\"(Foto: Televisa\/SBT\/As Filhas da Senhora Garcia)\" src=\"https:\/\/i0.wp.com\/www.tvnovelas.com.br\/tvnews\/wp-content\/uploads\/2025\/10\/12154.jpg?resize=727%2C408&#038;ssl=1\" alt=\"As Filhas da Senhora Garcia: Paula se diz confusa entre Artur e Nicolau\" width=\"727\" height=\"408\" srcset=\"https:\/\/i0.wp.com\/www.tvnovelas.com.br\/tvnews\/wp-content\/uploads\/2025\/10\/12154.jpg?w=727&amp;ssl=1 727w, https:\/\/i0.wp.com\/www.tvnovelas.com.br\/tvnews\/wp-content\/uploads\/2025\/10\/12154.jpg?resize=250%2C140&amp;ssl=1 250w\" sizes=\"(max-width: 727px) 100vw, 727px\" \/><figcaption id=\"caption-attachment-83146\" class=\"wp-caption-text\">As Filhas da Senhora Garcia: Paula se diz confusa entre Artur e Nicolau<\/figcaption><\/figure>\n<p>No cap\u00edtulo de As Filhas da Senhora Garcia desta ter\u00e7a, dia 7, Lu\u00eds re\u00fane Artur e Nicol\u00e1s para conversar, e ambos decidem respeitar a escolha de Val\u00e9ria sobre com quem quer ficar.<\/p>\n<p>Val\u00e9ria conta a Mar que decidiu se afastar dos dois, pois ambos s\u00e3o pessoas boas e se adoram. Ela diz a Artur que est\u00e1 confusa, pois ele a afastou de sua vida, enquanto Nicolau sempre esteve ao seu lado.<\/p>\n<p>Valeria se encontra com os irm\u00e3os e conversa com eles em particular. No final da conversa os tr\u00eas se abra\u00e7am, encerrando o tri\u00e2ngulo amoroso que os separava.<\/p>\n<p><a href=\"https:\/\/wp.me\/pdP2BO-lCz\" rel=\"noopener\" target=\"_blank\">Confira os resumos dos cap\u00edtulo finais<\/a><br \/>\n<!--FIM--><\/p>\n<h2>\u00daltimas da novela<\/h2>\n<p>[wp-rss-aggregator id=&#8221;2&#8243;]<\/p>\n<div style=\"font-size: 120%;\"><h3>Confira tamb\u00e9m<\/h3>\r\n<a href=\"https:\/\/tvnovelas.com.br\/novelas\/\" rel=\"noopener\" target=\"_blank\"><strong>Todos os resumos de novelas<\/strong><\/a><\/br>\r\n<a href=\"https:\/\/www.tvnovelas.com.br\/tvnews\/\" rel=\"noopener\" target=\"_blank\"><strong>\u00daltimas not\u00edcias das novelas<\/strong><\/a><\/br>\r\n<a href=\"https:\/\/www.tvnovelas.com.br\/filmes\/\" target=\"_blank\" rel=\"noopener noreferrer\"><strong>Programa\u00e7\u00e3o de filmes na TV aberta<\/strong><\/a><\/br>\r\n<a href=\"https:\/\/caetenews.com.br\/semana\/filmes-da-globo-na-sessao-da-tarde-desta-semana\/\" target=\"_blank\" rel=\"noopener\"><strong>Confira os filmes da semana na Sess\u00e3o da Tarde<\/strong><\/a><\/br>\r\n<a href=\"https:\/\/classindportal.mj.gov.br\/consulta-filmes\" target=\"_blank\" rel=\"noopener\"><strong>Consulte a classifica\u00e7\u00e3o indicativa dos filmes e novelas<\/strong><\/a><\/br><\/div>\n","protected":false},"excerpt":{"rendered":"<p>As Filhas da Senhora Garcia: Paula se diz confusa&#8230; No cap\u00edtulo de As Filhas da Senhora Garcia desta ter\u00e7a, dia 7, Lu\u00eds re\u00fane Artur e Nicol\u00e1s para conversar..<\/p>\n","protected":false},"author":1,"featured_media":83146,"comment_status":"closed","ping_status":"closed","sticky":false,"template":"","format":"standard","meta":{"_uf_show_specific_survey":0,"_uf_disable_surveys":false,"_jetpack_memberships_contains_paid_content":false,"footnotes":"","_wp_rev_ctl_limit":""},"categories":[930],"tags":[931,64,13],"class_list":["post-83145","post","type-post","status-publish","format-standard","has-post-thumbnail","hentry","category-as-filhas-da-senhora-garcia","tag-as-filhas-da-senhora-garcia","tag-novelas","tag-sbt","wpcat-930-id"],"aioseo_notices":[],"jetpack_featured_media_url":"https:\/\/i0.wp.com\/www.tvnovelas.com.br\/tvnews\/wp-content\/uploads\/2025\/10\/12154.jpg?fit=727%2C408&ssl=1","jetpack_shortlink":"https:\/\/wp.me\/pdP2BO-lD3","jetpack_sharing_enabled":true,"_links":{"self":[{"href":"https:\/\/www.tvnovelas.com.br\/tvnews\/wp-json\/wp\/v2\/posts\/83145","targetHints":{"allow":["GET"]}}],"collection":[{"href":"https:\/\/www.tvnovelas.com.br\/tvnews\/wp-json\/wp\/v2\/posts"}],"about":[{"href":"https:\/\/www.tvnovelas.com.br\/tvnews\/wp-json\/wp\/v2\/types\/post"}],"author":[{"embeddable":true,"href":"https:\/\/www.tvnovelas.com.br\/tvnews\/wp-json\/wp\/v2\/users\/1"}],"replies":[{"embeddable":true,"href":"https:\/\/www.tvnovelas.com.br\/tvnews\/wp-json\/wp\/v2\/comments?post=83145"}],"version-history":[{"count":2,"href":"https:\/\/www.tvnovelas.com.br\/tvnews\/wp-json\/wp\/v2\/posts\/83145\/revisions"}],"predecessor-version":[{"id":83148,"href":"https:\/\/www.tvnovelas.com.br\/tvnews\/wp-json\/wp\/v2\/posts\/83145\/revisions\/83148"}],"wp:featuredmedia":[{"embeddable":true,"href":"https:\/\/www.tvnovelas.com.br\/tvnews\/wp-json\/wp\/v2\/media\/83146"}],"wp:attachment":[{"href":"https:\/\/www.tvnovelas.com.br\/tvnews\/wp-json\/wp\/v2\/media?parent=83145"}],"wp:term":[{"taxonomy":"category","embeddable":true,"href":"https:\/\/www.tvnovelas.com.br\/tvnews\/wp-json\/wp\/v2\/categories?post=83145"},{"taxonomy":"post_tag","embeddable":true,"href":"https:\/\/www.tvnovelas.com.br\/tvnews\/wp-json\/wp\/v2\/tags?post=83145"}],"curies":[{"name":"wp","href":"https:\/\/api.w.org\/{rel}","templated":true}]}}