{"id":83208,"date":"2025-10-08T08:34:08","date_gmt":"2025-10-08T11:34:08","guid":{"rendered":"https:\/\/www.tvnovelas.com.br\/tvnews\/?p=83208"},"modified":"2025-10-08T08:34:08","modified_gmt":"2025-10-08T11:34:08","slug":"eta-mundo-melhor-estela-reaparece-pedindo-socorro","status":"publish","type":"post","link":"https:\/\/www.tvnovelas.com.br\/tvnews\/eta-mundo-melhor-estela-reaparece-pedindo-socorro\/","title":{"rendered":"\u00cata Mundo Melhor!: Estela reaparece pedindo socorro"},"content":{"rendered":"<figure id=\"attachment_83209\" aria-describedby=\"caption-attachment-83209\" style=\"width: 727px\" class=\"wp-caption alignnone\"><img data-recalc-dims=\"1\" decoding=\"async\" class=\"wp-image-83209 size-full\" title=\"(Foto: TV Globo\/\u00cata Mundo Melhor!)\" src=\"https:\/\/i0.wp.com\/www.tvnovelas.com.br\/tvnews\/wp-content\/uploads\/2025\/10\/12159.jpg?resize=727%2C410&#038;ssl=1\" alt=\"Foto em \u00cata Mundo Melhor!: Estela reaparece pedindo socorro\" width=\"727\" height=\"410\" srcset=\"https:\/\/i0.wp.com\/www.tvnovelas.com.br\/tvnews\/wp-content\/uploads\/2025\/10\/12159.jpg?w=727&amp;ssl=1 727w, https:\/\/i0.wp.com\/www.tvnovelas.com.br\/tvnews\/wp-content\/uploads\/2025\/10\/12159.jpg?resize=250%2C141&amp;ssl=1 250w\" sizes=\"(max-width: 727px) 100vw, 727px\" \/><figcaption id=\"caption-attachment-83209\" class=\"wp-caption-text\">\u00cata Mundo Melhor!: Estela reaparece pedindo socorro<\/figcaption><\/figure>\n<p>Em \u00cata Mundo Melhor!, Estela (Larissa Manoela) estava decidida a revelar a Paix\u00e3o (Henri Pagnoncelli) que Ernesto (Eriberto Le\u00e3o) n\u00e3o presta. A fim de impedir isso, o vil\u00e3o sequestra a enfermeira em um barco e a leva para o meio de um lago. O momento acaba mal para ela, que cai na \u00e1gua e desaparece.<\/p>\n<p>Estela sobreviver\u00e1 ao afogamento e pedir\u00e1 ajuda a um desconhecido.<\/p>\n<p>Na margem da lagoa, T\u00falio (Cadu Libonati) chega com seu barco de pesca. De repente, ele sente uma m\u00e3o tocar o seu ombro. \u00c9 Estela, ainda molhada da queda na \u00e1gua e exausta.<\/p>\n<p>&#8220;Me ajuda&#8230;&#8221;, implora a enfermeira.<\/p>\n<p>De repente, ela desmaia e T\u00falio a ampara em seus bra\u00e7os.<br \/>\n<!--FIM--><\/p>\n<h2>\u00daltimas da novela<\/h2>\n<p>[wp-rss-aggregator id=&#8221;7&#8243;]<\/p>\n<h2>Sobre a novela:<\/h2>\n<p><a href=\"https:\/\/tvnovelas.com.br\/page2\/arquivo\/eta-mundo-melhor-a-volta-de-candinho-e-policarpo\/&quot;\" target=\"_blank\" rel=\"noopener\">\u00cata Mundo Melhor!: A volta de Candinho e Policarpo<\/a> (Sinopse)<br \/>\n<a href=\"https:\/\/pt.wikipedia.org\/wiki\/%C3%8Ata_Mundo_Melhor!\" target=\"_blank\" rel=\"noopener\">Sobre \u00cata Mundo Melhor!, na Wikipedia<\/a><\/p>\n<div style=\"font-size: 120%;\"><h3>Confira tamb\u00e9m<\/h3>\r\n<a href=\"https:\/\/tvnovelas.com.br\/novelas\/\" rel=\"noopener\" target=\"_blank\"><strong>Todos os resumos de novelas<\/strong><\/a><\/br>\r\n<a href=\"https:\/\/www.tvnovelas.com.br\/tvnews\/\" rel=\"noopener\" target=\"_blank\"><strong>\u00daltimas not\u00edcias das novelas<\/strong><\/a><\/br>\r\n<a href=\"https:\/\/www.tvnovelas.com.br\/filmes\/\" target=\"_blank\" rel=\"noopener noreferrer\"><strong>Programa\u00e7\u00e3o de filmes na TV aberta<\/strong><\/a><\/br>\r\n<a href=\"https:\/\/caetenews.com.br\/semana\/filmes-da-globo-na-sessao-da-tarde-desta-semana\/\" target=\"_blank\" rel=\"noopener\"><strong>Confira os filmes da semana na Sess\u00e3o da Tarde<\/strong><\/a><\/br>\r\n<a href=\"https:\/\/classindportal.mj.gov.br\/consulta-filmes\" target=\"_blank\" rel=\"noopener\"><strong>Consulte a classifica\u00e7\u00e3o indicativa dos filmes e novelas<\/strong><\/a><\/br><\/div>\n","protected":false},"excerpt":{"rendered":"<p>\u00cata Mundo Melhor!: Estela reaparece&#8230; Em \u00cata Mundo Melhor!, Estela (Larissa Manoela) estava decidida a revelar a Paix\u00e3o (Henri Pagnoncelli) que Ernesto&#8230;<\/p>\n","protected":false},"author":1,"featured_media":83209,"comment_status":"closed","ping_status":"closed","sticky":false,"template":"","format":"standard","meta":{"_uf_show_specific_survey":0,"_uf_disable_surveys":false,"_jetpack_memberships_contains_paid_content":false,"footnotes":"","_wp_rev_ctl_limit":""},"categories":[920],"tags":[921,5,64],"class_list":["post-83208","post","type-post","status-publish","format-standard","has-post-thumbnail","hentry","category-eta-mundo-melhor","tag-eta-mundo-melhor","tag-globo","tag-novelas","wpcat-920-id"],"aioseo_notices":[],"jetpack_featured_media_url":"https:\/\/i0.wp.com\/www.tvnovelas.com.br\/tvnews\/wp-content\/uploads\/2025\/10\/12159.jpg?fit=727%2C410&ssl=1","jetpack_shortlink":"https:\/\/wp.me\/pdP2BO-lE4","jetpack_sharing_enabled":true,"_links":{"self":[{"href":"https:\/\/www.tvnovelas.com.br\/tvnews\/wp-json\/wp\/v2\/posts\/83208","targetHints":{"allow":["GET"]}}],"collection":[{"href":"https:\/\/www.tvnovelas.com.br\/tvnews\/wp-json\/wp\/v2\/posts"}],"about":[{"href":"https:\/\/www.tvnovelas.com.br\/tvnews\/wp-json\/wp\/v2\/types\/post"}],"author":[{"embeddable":true,"href":"https:\/\/www.tvnovelas.com.br\/tvnews\/wp-json\/wp\/v2\/users\/1"}],"replies":[{"embeddable":true,"href":"https:\/\/www.tvnovelas.com.br\/tvnews\/wp-json\/wp\/v2\/comments?post=83208"}],"version-history":[{"count":2,"href":"https:\/\/www.tvnovelas.com.br\/tvnews\/wp-json\/wp\/v2\/posts\/83208\/revisions"}],"predecessor-version":[{"id":83211,"href":"https:\/\/www.tvnovelas.com.br\/tvnews\/wp-json\/wp\/v2\/posts\/83208\/revisions\/83211"}],"wp:featuredmedia":[{"embeddable":true,"href":"https:\/\/www.tvnovelas.com.br\/tvnews\/wp-json\/wp\/v2\/media\/83209"}],"wp:attachment":[{"href":"https:\/\/www.tvnovelas.com.br\/tvnews\/wp-json\/wp\/v2\/media?parent=83208"}],"wp:term":[{"taxonomy":"category","embeddable":true,"href":"https:\/\/www.tvnovelas.com.br\/tvnews\/wp-json\/wp\/v2\/categories?post=83208"},{"taxonomy":"post_tag","embeddable":true,"href":"https:\/\/www.tvnovelas.com.br\/tvnews\/wp-json\/wp\/v2\/tags?post=83208"}],"curies":[{"name":"wp","href":"https:\/\/api.w.org\/{rel}","templated":true}]}}