{"id":83252,"date":"2025-10-08T15:23:19","date_gmt":"2025-10-08T18:23:19","guid":{"rendered":"https:\/\/www.tvnovelas.com.br\/tvnews\/?p=83252"},"modified":"2025-10-13T10:18:34","modified_gmt":"2025-10-13T13:18:34","slug":"serie-o-senhor-e-a-serva-estreia-na-record-segunda-dia-13","status":"publish","type":"post","link":"https:\/\/www.tvnovelas.com.br\/tvnews\/serie-o-senhor-e-a-serva-estreia-na-record-segunda-dia-13\/","title":{"rendered":"S\u00e9rie O Senhor e a Serva estreia na Record segunda, dia 13"},"content":{"rendered":"<figure id=\"attachment_83253\" aria-describedby=\"caption-attachment-83253\" style=\"width: 728px\" class=\"wp-caption alignnone\"><img data-recalc-dims=\"1\" decoding=\"async\" class=\"wp-image-83253 size-full\" title=\"(Foto: Divulga\u00e7\u00e3o\/Seriella Productions)\" src=\"https:\/\/i0.wp.com\/www.tvnovelas.com.br\/tvnews\/wp-content\/uploads\/2025\/10\/12165.jpg?resize=728%2C403&#038;ssl=1\" alt=\"Foto em S\u00e9rie O Senhor e a Serva estreia na Record segunda, dia 13\" width=\"728\" height=\"403\" srcset=\"https:\/\/i0.wp.com\/www.tvnovelas.com.br\/tvnews\/wp-content\/uploads\/2025\/10\/12165.jpg?w=728&amp;ssl=1 728w, https:\/\/i0.wp.com\/www.tvnovelas.com.br\/tvnews\/wp-content\/uploads\/2025\/10\/12165.jpg?resize=250%2C138&amp;ssl=1 250w\" sizes=\"(max-width: 728px) 100vw, 728px\" \/><figcaption id=\"caption-attachment-83253\" class=\"wp-caption-text\">S\u00e9rie O Senhor e a Serva estreia na Record segunda, dia 13<\/figcaption><\/figure>\n<p>S\u00e9rie O Senhor e a Serva estreia na Record na segunda-feira, dia 12, \u00e0s 21h.<\/p>\n<p>Baseada em fatos hist\u00f3ricos, O Senhor e a Serva \u00e9 a hist\u00f3ria de Elisa (Nathalia Florentino), uma jovem cuja f\u00e9 resiste aos ventos de abandono e perda, sem escolha a n\u00e3o ser servir em uma Roma impiedosa e sedenta de poder. Entregue por sua senhora Val\u00e9ria (Juliana Schalch), Elisa se torna serva na casa de Caius (Dudu Pelizzari), um her\u00f3i de guerra marcado pela dor e pelas sombras de um passado que ele pr\u00f3prio n\u00e3o ousa revisitar.<\/p>\n<p>Apenas Magnus (Rafael Sard\u00e3o), um antigo amigo, conhece o segredo que dilacerou o cora\u00e7\u00e3o de Caius e abriu um abismo entre os dois. Caius tenta ocultar seu cora\u00e7\u00e3o ferido por meio de suas muitas conquistas amorosas, usando o romance superficial como m\u00e1scara para sua pr\u00f3pria solid\u00e3o.<\/p>\n<p>Suas tr\u00eas filhas, Aelia (Giovanna Veiga), Zita (Carol Binder) e Vita (Clara Portella), moldadas pela aus\u00eancia emocional do pai, afastam com frequ\u00eancia as servas que passam pela casa, buscando, sem saber, o afeto que nunca encontraram. Mas, com a chegada de Elisa, as tr\u00eas descobrem a luz que a f\u00e9 e a bondade podem trazer, e Caius, intrigado, v\u00ea suas pr\u00f3prias barreiras ru\u00edrem diante dela. Elisa, no entanto, luta contra o amor que sente pelo homem que rejeita tudo o que ela acredita, enquanto a paix\u00e3o pulsa em sil\u00eancio.<\/p>\n<p>Roma, por sua vez, vive a inaugura\u00e7\u00e3o de seu novo monumento ao sangue: o Anfiteatro Flaviano, onde as arenas do Coliseu clamam por vidas e sacrif\u00edcios. Em cem dias de jogos, crist\u00e3os s\u00e3o lan\u00e7ados \u00e0s feras, gladiadores se enfrentam at\u00e9 o \u00faltimo suspiro, e as multid\u00f5es se embriagam de viol\u00eancia. Entre eles est\u00e1 Priscus (Carlo Porto).<\/p>\n<p>Em meio a essa arena de sombras e sobreviv\u00eancia, Elisa resiste ao peso de abandonar seu Deus, pressionada pelas crueldades de Messalina (Barbara Fran\u00e7a), noiva de Caius.<\/p>\n<p>Nesse \u00e9pico de f\u00e9 e resist\u00eancia, personagens \u00fanicos tecem a trama: Quintus (Alex Morenno), o inescrupuloso marido de Val\u00e9ria; Petronius (Caio Vegatti), o irm\u00e3o p\u00e9rfido de Messalina; Serena (Regina Remencius), a m\u00e3e doce e forte de Caius e Val\u00e9ria; e Anacleto (Marcelo Arnal), o crist\u00e3o fiel que une os irm\u00e3os de f\u00e9.<\/p>\n<p>A hist\u00f3ria entrela\u00e7a figuras hist\u00f3ricas como Titus (Thiago Amaral), o imperador reverenciado, e seu sucessor, o cruel Domiciano (Vinicius Wester), que acredita ser um deus.<br \/>\n<h3>Confira tamb\u00e9m<\/h3>\r\n<a href=\"https:\/\/tvnovelas.com.br\/novelas\/\" rel=\"noopener\" target=\"_blank\"><strong>Todos os resumos de novelas<\/strong><\/a><\/br>\r\n<a href=\"https:\/\/www.tvnovelas.com.br\/tvnews\/\" rel=\"noopener\" target=\"_blank\"><strong>\u00daltimas not\u00edcias das novelas<\/strong><\/a><\/br>\r\n<a href=\"https:\/\/www.tvnovelas.com.br\/filmes\/\" target=\"_blank\" rel=\"noopener noreferrer\"><strong>Programa\u00e7\u00e3o de filmes na TV aberta<\/strong><\/a><\/br>\r\n<a href=\"https:\/\/caetenews.com.br\/semana\/filmes-da-globo-na-sessao-da-tarde-desta-semana\/\" target=\"_blank\" rel=\"noopener\"><strong>Confira os filmes da semana na Sess\u00e3o da Tarde<\/strong><\/a><\/br>\r\n<a href=\"https:\/\/classindportal.mj.gov.br\/consulta-filmes\" target=\"_blank\" rel=\"noopener\"><strong>Consulte a classifica\u00e7\u00e3o indicativa dos filmes e novelas<\/strong><\/a><\/br><\/p>\n","protected":false},"excerpt":{"rendered":"<p>S\u00e9rie O Senhor e a Serva estreia na Record.. S\u00e9rie O Senhor e a Serva estreia na Record na segunda-feira, dia 12, \u00e0s 21h. Baseada em fatos hist\u00f3ricos&#8230;<\/p>\n","protected":false},"author":1,"featured_media":83253,"comment_status":"closed","ping_status":"closed","sticky":false,"template":"","format":"standard","meta":{"_uf_show_specific_survey":0,"_uf_disable_surveys":false,"_jetpack_memberships_contains_paid_content":false,"footnotes":"","_wp_rev_ctl_limit":""},"categories":[1015],"tags":[1005,1011,14,847],"class_list":["post-83252","post","type-post","status-publish","format-standard","has-post-thumbnail","hentry","category-o-senhor-e-a-serva","tag-noticias","tag-o-senhor-e-a-serva","tag-record","tag-series","wpcat-1015-id"],"aioseo_notices":[],"jetpack_featured_media_url":"https:\/\/i0.wp.com\/www.tvnovelas.com.br\/tvnews\/wp-content\/uploads\/2025\/10\/12165.jpg?fit=728%2C403&ssl=1","jetpack_shortlink":"https:\/\/wp.me\/pdP2BO-lEM","jetpack_sharing_enabled":true,"_links":{"self":[{"href":"https:\/\/www.tvnovelas.com.br\/tvnews\/wp-json\/wp\/v2\/posts\/83252","targetHints":{"allow":["GET"]}}],"collection":[{"href":"https:\/\/www.tvnovelas.com.br\/tvnews\/wp-json\/wp\/v2\/posts"}],"about":[{"href":"https:\/\/www.tvnovelas.com.br\/tvnews\/wp-json\/wp\/v2\/types\/post"}],"author":[{"embeddable":true,"href":"https:\/\/www.tvnovelas.com.br\/tvnews\/wp-json\/wp\/v2\/users\/1"}],"replies":[{"embeddable":true,"href":"https:\/\/www.tvnovelas.com.br\/tvnews\/wp-json\/wp\/v2\/comments?post=83252"}],"version-history":[{"count":2,"href":"https:\/\/www.tvnovelas.com.br\/tvnews\/wp-json\/wp\/v2\/posts\/83252\/revisions"}],"predecessor-version":[{"id":83255,"href":"https:\/\/www.tvnovelas.com.br\/tvnews\/wp-json\/wp\/v2\/posts\/83252\/revisions\/83255"}],"wp:featuredmedia":[{"embeddable":true,"href":"https:\/\/www.tvnovelas.com.br\/tvnews\/wp-json\/wp\/v2\/media\/83253"}],"wp:attachment":[{"href":"https:\/\/www.tvnovelas.com.br\/tvnews\/wp-json\/wp\/v2\/media?parent=83252"}],"wp:term":[{"taxonomy":"category","embeddable":true,"href":"https:\/\/www.tvnovelas.com.br\/tvnews\/wp-json\/wp\/v2\/categories?post=83252"},{"taxonomy":"post_tag","embeddable":true,"href":"https:\/\/www.tvnovelas.com.br\/tvnews\/wp-json\/wp\/v2\/tags?post=83252"}],"curies":[{"name":"wp","href":"https:\/\/api.w.org\/{rel}","templated":true}]}}