{"id":83525,"date":"2025-10-10T08:48:51","date_gmt":"2025-10-10T11:48:51","guid":{"rendered":"https:\/\/www.tvnovelas.com.br\/tvnews\/?p=83525"},"modified":"2025-10-10T08:48:51","modified_gmt":"2025-10-10T11:48:51","slug":"eta-mundo-melhor-estela-sem-memoria-tenta-fuga-no-meio-do-temporal","status":"publish","type":"post","link":"https:\/\/www.tvnovelas.com.br\/tvnews\/eta-mundo-melhor-estela-sem-memoria-tenta-fuga-no-meio-do-temporal\/","title":{"rendered":"\u00cata Mundo Melhor!: Estela sem mem\u00f3ria tenta fuga no meio do temporal"},"content":{"rendered":"<figure id=\"attachment_83526\" aria-describedby=\"caption-attachment-83526\" style=\"width: 728px\" class=\"wp-caption alignnone\"><img data-recalc-dims=\"1\" decoding=\"async\" class=\"wp-image-83526 size-full\" title=\"(Foto: TV Globo\/\u00cata Mundo Melhor!)\" src=\"https:\/\/i0.wp.com\/www.tvnovelas.com.br\/tvnews\/wp-content\/uploads\/2025\/10\/12174.jpg?resize=728%2C410&#038;ssl=1\" alt=\"Foto em \u00cata Mundo Melhor!: Estela sem mem\u00f3ria tenta fuga no meio do temporal\" width=\"728\" height=\"410\" srcset=\"https:\/\/i0.wp.com\/www.tvnovelas.com.br\/tvnews\/wp-content\/uploads\/2025\/10\/12174.jpg?w=728&amp;ssl=1 728w, https:\/\/i0.wp.com\/www.tvnovelas.com.br\/tvnews\/wp-content\/uploads\/2025\/10\/12174.jpg?resize=250%2C141&amp;ssl=1 250w\" sizes=\"(max-width: 728px) 100vw, 728px\" \/><figcaption id=\"caption-attachment-83526\" class=\"wp-caption-text\">\u00cata Mundo Melhor!: Estela sem mem\u00f3ria tenta fuga no meio do temporal<\/figcaption><\/figure>\n<p>Em \u00cata Mundo Melhor!, Estela (Larissa Manoela) ficou sumida por um tempo ap\u00f3s brigar com Ernesto (Eriberto Le\u00e3o) e cair do barco onde estava. Mas ela sobrevive \u00e0 queda no lago e \u00e9 resgatada na margem por T\u00falio (Cadu Libonati), um jovem desconhecido.<\/p>\n<p>T\u00falio leva Estela para casa e, com o apoio de sua fam\u00edlia cuida dela \u2014 principalmente agora que a enfermeira revelou que est\u00e1 sem mem\u00f3ria. Em um dia de forte temporal, o rapaz leva um susto ao entrar no quarto e ver que a sua h\u00f3spede sumiu.<\/p>\n<p>&#8220;Deve ter fugido quando fui recolher a roupa do varal por causa da chuva&#8221;, diz o pai de T\u00falio.<\/p>\n<p>&#8220;Fraca como a mo\u00e7a est\u00e1 \u00e9 at\u00e9 perigoso pegar essa chuva e esse vento frio&#8221;, preocupa-se o rapaz.<\/p>\n<p>T\u00falio sai na chuva e procura por Estela na margem do lago, onde a encontrou pela primeira vez. Ele n\u00e3o tem sucesso na busca e volta para casa, frustrado.<\/p>\n<p>T\u00falio fica bastante preocupado com o sumi\u00e7o de Estela, ainda mais, porque, nesse exato momento, cai um temporal. Ele sai de casa, procura pela mocinha na margem da lagoa, mas sem sucesso.<\/p>\n<p>Depois que volta para casa, ele lamenta para si mesmo:<\/p>\n<p>&#8220;Nunca vou me perdoar se algo acontecer com ela&#8230;&#8221;<\/p>\n<p>De repente, T\u00falio ouve um choro e entra no quarto. Para a sua surpresa, ele encontra Estela aos prantos. Ela corre para os bra\u00e7os do rapaz e o abra\u00e7a com for\u00e7a:<\/p>\n<p>&#8220;Estou com medo. Muito medo.&#8221;<\/p>\n<p>&#8220;N\u00e3o precisa ter medo! Estou com voc\u00ea!&#8221;, garante T\u00falio.<br \/>\n<!--FIM--><\/p>\n<h2>\u00daltimas da novela<\/h2>\n<p>[wp-rss-aggregator id=&#8221;7&#8243;]<\/p>\n<h2>Sobre a novela:<\/h2>\n<p><a href=\"https:\/\/tvnovelas.com.br\/page2\/arquivo\/eta-mundo-melhor-a-volta-de-candinho-e-policarpo\/&quot;\" target=\"_blank\" rel=\"noopener\">\u00cata Mundo Melhor!: A volta de Candinho e Policarpo<\/a> (Sinopse)<br \/>\n<a href=\"https:\/\/pt.wikipedia.org\/wiki\/%C3%8Ata_Mundo_Melhor!\" target=\"_blank\" rel=\"noopener\">Sobre \u00cata Mundo Melhor!, na Wikipedia<\/a><\/p>\n<div style=\"font-size: 120%;\"><h3>Confira tamb\u00e9m<\/h3>\r\n<a href=\"https:\/\/tvnovelas.com.br\/novelas\/\" rel=\"noopener\" target=\"_blank\"><strong>Todos os resumos de novelas<\/strong><\/a><\/br>\r\n<a href=\"https:\/\/www.tvnovelas.com.br\/tvnews\/\" rel=\"noopener\" target=\"_blank\"><strong>\u00daltimas not\u00edcias das novelas<\/strong><\/a><\/br>\r\n<a href=\"https:\/\/www.tvnovelas.com.br\/filmes\/\" target=\"_blank\" rel=\"noopener noreferrer\"><strong>Programa\u00e7\u00e3o de filmes na TV aberta<\/strong><\/a><\/br>\r\n<a href=\"https:\/\/caetenews.com.br\/semana\/filmes-da-globo-na-sessao-da-tarde-desta-semana\/\" target=\"_blank\" rel=\"noopener\"><strong>Confira os filmes da semana na Sess\u00e3o da Tarde<\/strong><\/a><\/br>\r\n<a href=\"https:\/\/classindportal.mj.gov.br\/consulta-filmes\" target=\"_blank\" rel=\"noopener\"><strong>Consulte a classifica\u00e7\u00e3o indicativa dos filmes e novelas<\/strong><\/a><\/br><\/div>\n","protected":false},"excerpt":{"rendered":"<p>\u00cata Mundo Melhor!: Estela sem mem\u00f3ria&#8230; Em \u00cata Mundo Melhor!, Estela (Larissa Manoela) ficou sumida por um tempo ap\u00f3s brigar com Ernesto&#8230;<\/p>\n","protected":false},"author":1,"featured_media":83526,"comment_status":"closed","ping_status":"closed","sticky":false,"template":"","format":"standard","meta":{"_uf_show_specific_survey":0,"_uf_disable_surveys":false,"_jetpack_memberships_contains_paid_content":false,"footnotes":"","_wp_rev_ctl_limit":""},"categories":[920],"tags":[921,5,64],"class_list":["post-83525","post","type-post","status-publish","format-standard","has-post-thumbnail","hentry","category-eta-mundo-melhor","tag-eta-mundo-melhor","tag-globo","tag-novelas","wpcat-920-id"],"aioseo_notices":[],"jetpack_featured_media_url":"https:\/\/i0.wp.com\/www.tvnovelas.com.br\/tvnews\/wp-content\/uploads\/2025\/10\/12174.jpg?fit=728%2C410&ssl=1","jetpack_shortlink":"https:\/\/wp.me\/pdP2BO-lJb","jetpack_sharing_enabled":true,"_links":{"self":[{"href":"https:\/\/www.tvnovelas.com.br\/tvnews\/wp-json\/wp\/v2\/posts\/83525","targetHints":{"allow":["GET"]}}],"collection":[{"href":"https:\/\/www.tvnovelas.com.br\/tvnews\/wp-json\/wp\/v2\/posts"}],"about":[{"href":"https:\/\/www.tvnovelas.com.br\/tvnews\/wp-json\/wp\/v2\/types\/post"}],"author":[{"embeddable":true,"href":"https:\/\/www.tvnovelas.com.br\/tvnews\/wp-json\/wp\/v2\/users\/1"}],"replies":[{"embeddable":true,"href":"https:\/\/www.tvnovelas.com.br\/tvnews\/wp-json\/wp\/v2\/comments?post=83525"}],"version-history":[{"count":1,"href":"https:\/\/www.tvnovelas.com.br\/tvnews\/wp-json\/wp\/v2\/posts\/83525\/revisions"}],"predecessor-version":[{"id":83527,"href":"https:\/\/www.tvnovelas.com.br\/tvnews\/wp-json\/wp\/v2\/posts\/83525\/revisions\/83527"}],"wp:featuredmedia":[{"embeddable":true,"href":"https:\/\/www.tvnovelas.com.br\/tvnews\/wp-json\/wp\/v2\/media\/83526"}],"wp:attachment":[{"href":"https:\/\/www.tvnovelas.com.br\/tvnews\/wp-json\/wp\/v2\/media?parent=83525"}],"wp:term":[{"taxonomy":"category","embeddable":true,"href":"https:\/\/www.tvnovelas.com.br\/tvnews\/wp-json\/wp\/v2\/categories?post=83525"},{"taxonomy":"post_tag","embeddable":true,"href":"https:\/\/www.tvnovelas.com.br\/tvnews\/wp-json\/wp\/v2\/tags?post=83525"}],"curies":[{"name":"wp","href":"https:\/\/api.w.org\/{rel}","templated":true}]}}