{"id":83846,"date":"2025-10-11T14:58:36","date_gmt":"2025-10-11T17:58:36","guid":{"rendered":"https:\/\/www.tvnovelas.com.br\/tvnews\/?p=83846"},"modified":"2025-10-11T15:00:51","modified_gmt":"2025-10-11T18:00:51","slug":"as-filhas-da-senhora-garcia-a-senhora-garcia-comemor","status":"publish","type":"post","link":"https:\/\/www.tvnovelas.com.br\/tvnews\/as-filhas-da-senhora-garcia-a-senhora-garcia-comemor\/","title":{"rendered":"As Filhas da Senhora Garcia: A Senhora Garcia comemor&#8230;"},"content":{"rendered":"<figure id=\"attachment_83549\" aria-describedby=\"caption-attachment-83549\" style=\"width: 728px\" class=\"wp-caption alignnone\"><img data-recalc-dims=\"1\" decoding=\"async\" class=\"wp-image-83549 size-full\" title=\"(Foto: Televisa\/SBT\/As Filhas da Senhora Garcia)\" src=\"https:\/\/i0.wp.com\/www.tvnovelas.com.br\/tvnews\/wp-content\/uploads\/2025\/10\/12177.jpg?resize=728%2C410&#038;ssl=1\" alt=\"Foto em As Filhas da Senhora Garcia: A Senhora Garcia conseguiu...\" width=\"728\" height=\"410\" srcset=\"https:\/\/i0.wp.com\/www.tvnovelas.com.br\/tvnews\/wp-content\/uploads\/2025\/10\/12177.jpg?w=728&amp;ssl=1 728w, https:\/\/i0.wp.com\/www.tvnovelas.com.br\/tvnews\/wp-content\/uploads\/2025\/10\/12177.jpg?resize=250%2C141&amp;ssl=1 250w\" sizes=\"(max-width: 728px) 100vw, 728px\" \/><figcaption id=\"caption-attachment-83549\" class=\"wp-caption-text\">As Filhas da Senhora Garcia: A Senhora Garcia conseguiu&#8230;<\/figcaption><\/figure>\n<p>Ao longo da novela se vislumbrou a imagem de que a ambi\u00e7\u00e3o de Ofelia seria maior do que o amor que ela sentia por suas filhas.<\/p>\n<p>Of\u00e9lia (Mar\u00eda Sort\u00e9), fez de tudo com o manifesto prop\u00f3sito de melhorar a qualidade de vida de Mar e Val\u00e9ria, independentemente de suas ambi\u00e7\u00f5es ou de deix\u00e1-las escolher o que realmente as fazia felizes.<\/p>\n<p>Para al\u00e9m da obsess\u00e3o de Of\u00e9lia por dinheiro, o que ela mais desejava, na verdade, era que suas filhas n\u00e3o sofressem tudo o que ela sofreu por serem pobres e se apaixonarem por um homem mau.<\/p>\n<p>Embora tenha voltado \u00e0 pobreza devido \u00e0 sua ambi\u00e7\u00e3o, Of\u00e9lia n\u00e3o ficou de bra\u00e7os cruzados e se redimiu com Val\u00e9ria e Mar. Em um momento de reflex\u00e3o Of\u00e9lia abre seu cora\u00e7\u00e3o para Valeria, contando tudo o que seu marido lhe fez. Em outro momento, ela reza pela sa\u00fade de Mar e sua neta, ent\u00e3o ela est\u00e1 determinada a corrigir seus erros e o primeiro passo \u00e9 se desculpar com Susana.<\/p>\n<p>Ela se desculpou com ambas as filhas por ter se comportado mal com elas e as for\u00e7ado a fazer coisas que n\u00e3o queriam. E como o cora\u00e7\u00e3o vence, suas filhas lhe concederam o perd\u00e3o, reunindo-as.<\/p>\n<p>&#8220;Minha querida Virgem, fiquei t\u00e3o obcecada em ter tudo que me esqueci de ver o que perderia. Sei que voc\u00ea sempre me protegeu quando pedi minhas filhas, porque sabe que fiz tudo por elas.&#8221;<\/p>\n<p>No final, quando ela j\u00e1 \u00e9 av\u00f3, Of\u00e9lia n\u00e3o se importa mais com riqueza, mas sim em manter a fam\u00edlia unida e fazer as pazes para que possam viver a vida ao m\u00e1ximo.<\/p>\n<p>As filhas n\u00e3o dependem dela e ela sente o sabor e as dores do tranco que travou.<br \/>\n<!--FIM--><br \/>\n<div class=\"pt-cv-wrapper\"><h2 class='pt-cv-heading-container heading2' data-blockid='7954238ia7'><span class='pt-cv-heading'> \u00daltimas da novela <\/span><\/h2><div class=\"pt-cv-view pt-cv-grid pt-cv-colsys\" id=\"pt-cv-view-7954238ia7\"><div data-id=\"pt-cv-page-1\" class=\"pt-cv-page\" data-cvc=\"1\"><div class=\"col-md-12 col-sm-12 col-xs-12 pt-cv-content-item pt-cv-1-col\" ><div class='pt-cv-ifield'><h4 class=\"pt-cv-title\"><a href=\"https:\/\/www.tvnovelas.com.br\/tvnews\/as-filhas-da-senhora-garcia-a-senhora-garcia-comemor\/\" class=\"_blank\" target=\"_blank\" >As Filhas da Senhora Garcia: A Senhora Garcia comemor&#8230;<\/a><\/h4><\/div><\/div>\n<div class=\"col-md-12 col-sm-12 col-xs-12 pt-cv-content-item pt-cv-1-col\" ><div class='pt-cv-ifield'><h4 class=\"pt-cv-title\"><a href=\"https:\/\/www.tvnovelas.com.br\/tvnews\/as-filhas-da-senhora-garcia-a-senhora-garcia-conseguiu\/\" class=\"_blank\" target=\"_blank\" >As Filhas da Senhora Garcia: A Senhora Garcia conseguiu&#8230;<\/a><\/h4><\/div><\/div>\n<div class=\"col-md-12 col-sm-12 col-xs-12 pt-cv-content-item pt-cv-1-col\" ><div class='pt-cv-ifield'><h4 class=\"pt-cv-title\"><a href=\"https:\/\/www.tvnovelas.com.br\/tvnews\/as-filhas-da-senhora-garcia-leonardo-visita-paula-na-prisao\/\" class=\"_blank\" target=\"_blank\" >As Filhas da Senhora Garcia: Leonardo visita Paula na pris\u00e3o<\/a><\/h4><\/div><\/div><\/div><\/div><\/div><\/p>\n<div style=\"font-size: 150%;\"><h3>Confira tamb\u00e9m<\/h3>\r\n<a href=\"https:\/\/tvnovelas.com.br\/novelas\/\" rel=\"noopener\" target=\"_blank\"><strong>Todos os resumos de novelas<\/strong><\/a><\/br>\r\n<a href=\"https:\/\/www.tvnovelas.com.br\/tvnews\/\" rel=\"noopener\" target=\"_blank\"><strong>\u00daltimas not\u00edcias das novelas<\/strong><\/a><\/br>\r\n<a href=\"https:\/\/www.tvnovelas.com.br\/filmes\/\" target=\"_blank\" rel=\"noopener noreferrer\"><strong>Programa\u00e7\u00e3o de filmes na TV aberta<\/strong><\/a><\/br>\r\n<a href=\"https:\/\/caetenews.com.br\/semana\/filmes-da-globo-na-sessao-da-tarde-desta-semana\/\" target=\"_blank\" rel=\"noopener\"><strong>Confira os filmes da semana na Sess\u00e3o da Tarde<\/strong><\/a><\/br>\r\n<a href=\"https:\/\/classindportal.mj.gov.br\/consulta-filmes\" target=\"_blank\" rel=\"noopener\"><strong>Consulte a classifica\u00e7\u00e3o indicativa dos filmes e novelas<\/strong><\/a><\/br><\/div>\n","protected":false},"excerpt":{"rendered":"<p>As Filhas da Senhora Garcia: A Senhora Garcia comemora&#8230; Ao longo da novela se vislumbrou a imagem de que a ambi\u00e7\u00e3o de Ofelia seria maior do que&#8230;<\/p>\n","protected":false},"author":1,"featured_media":0,"comment_status":"closed","ping_status":"closed","sticky":false,"template":"","format":"standard","meta":{"_uf_show_specific_survey":0,"_uf_disable_surveys":false,"_jetpack_memberships_contains_paid_content":false,"footnotes":"","_wp_rev_ctl_limit":""},"categories":[930],"tags":[931,64,13],"class_list":["post-83846","post","type-post","status-publish","format-standard","hentry","category-as-filhas-da-senhora-garcia","tag-as-filhas-da-senhora-garcia","tag-novelas","tag-sbt","wpcat-930-id"],"aioseo_notices":[],"jetpack_featured_media_url":"","jetpack_shortlink":"https:\/\/wp.me\/pdP2BO-lOm","jetpack_sharing_enabled":true,"_links":{"self":[{"href":"https:\/\/www.tvnovelas.com.br\/tvnews\/wp-json\/wp\/v2\/posts\/83846","targetHints":{"allow":["GET"]}}],"collection":[{"href":"https:\/\/www.tvnovelas.com.br\/tvnews\/wp-json\/wp\/v2\/posts"}],"about":[{"href":"https:\/\/www.tvnovelas.com.br\/tvnews\/wp-json\/wp\/v2\/types\/post"}],"author":[{"embeddable":true,"href":"https:\/\/www.tvnovelas.com.br\/tvnews\/wp-json\/wp\/v2\/users\/1"}],"replies":[{"embeddable":true,"href":"https:\/\/www.tvnovelas.com.br\/tvnews\/wp-json\/wp\/v2\/comments?post=83846"}],"version-history":[{"count":4,"href":"https:\/\/www.tvnovelas.com.br\/tvnews\/wp-json\/wp\/v2\/posts\/83846\/revisions"}],"predecessor-version":[{"id":83850,"href":"https:\/\/www.tvnovelas.com.br\/tvnews\/wp-json\/wp\/v2\/posts\/83846\/revisions\/83850"}],"wp:attachment":[{"href":"https:\/\/www.tvnovelas.com.br\/tvnews\/wp-json\/wp\/v2\/media?parent=83846"}],"wp:term":[{"taxonomy":"category","embeddable":true,"href":"https:\/\/www.tvnovelas.com.br\/tvnews\/wp-json\/wp\/v2\/categories?post=83846"},{"taxonomy":"post_tag","embeddable":true,"href":"https:\/\/www.tvnovelas.com.br\/tvnews\/wp-json\/wp\/v2\/tags?post=83846"}],"curies":[{"name":"wp","href":"https:\/\/api.w.org\/{rel}","templated":true}]}}