{"id":84013,"date":"2025-10-12T08:40:58","date_gmt":"2025-10-12T11:40:58","guid":{"rendered":"https:\/\/www.tvnovelas.com.br\/tvnews\/?p=84013"},"modified":"2025-10-12T08:40:58","modified_gmt":"2025-10-12T11:40:58","slug":"eta-mundo-melhor-celso-confessa-a-candinho-que-mentiu-sobre-sandra","status":"publish","type":"post","link":"https:\/\/www.tvnovelas.com.br\/tvnews\/eta-mundo-melhor-celso-confessa-a-candinho-que-mentiu-sobre-sandra\/","title":{"rendered":"\u00cata Mundo Melhor: Celso confessa a Candinho que mentiu sobre Sandra"},"content":{"rendered":"<figure id=\"attachment_84021\" aria-describedby=\"caption-attachment-84021\" style=\"width: 728px\" class=\"wp-caption aligncenter\"><img data-recalc-dims=\"1\" decoding=\"async\" class=\"wp-image-84021 size-full\" title=\"(Foto: TV Globo\/\u00cata Mundo Melhor!)\" src=\"https:\/\/i0.wp.com\/www.tvnovelas.com.br\/tvnews\/wp-content\/uploads\/2025\/10\/12190.jpg?resize=728%2C410&#038;ssl=1\" alt=\"Foto em \u00cata Mundo Melhor: Celso confessa a Candinho que mentiu sobre Sandra\" width=\"728\" height=\"410\" srcset=\"https:\/\/i0.wp.com\/www.tvnovelas.com.br\/tvnews\/wp-content\/uploads\/2025\/10\/12190.jpg?w=728&amp;ssl=1 728w, https:\/\/i0.wp.com\/www.tvnovelas.com.br\/tvnews\/wp-content\/uploads\/2025\/10\/12190.jpg?resize=250%2C141&amp;ssl=1 250w\" sizes=\"(max-width: 728px) 100vw, 728px\" \/><figcaption id=\"caption-attachment-84021\" class=\"wp-caption-text\">\u00cata Mundo Melhor: Celso confessa a Candinho que mentiu sobre Sandra<\/figcaption><\/figure>\n<p>Em \u00cata Mundo Melhor!, O sumi\u00e7o de Estela (Larissa Manola) est\u00e1 fazendo com que Celso (Rainer Cadete) repense a sua vida e decida ser um homem melhor. Um dos sinais dessa mudan\u00e7a \u00e9 que ele demonstra preocupa\u00e7\u00e3o com Candinho (Sergio Guiz\u00e9), que convidou Sandra (Fl\u00e1via Alessandra) para um jantar ap\u00f3s acreditar na regenera\u00e7\u00e3o da prima.<\/p>\n<p>Celso, que tamb\u00e9m foi convidada para o jantar na mans\u00e3o, chega mais cedo para dar um aviso a Candinho:<\/p>\n<p>&#8220;Sandra nunca vai se entregar, Candinho! Nunca!&#8221;<\/p>\n<p>&#8220;Como \u00e9 qui oc\u00ea sabe disso, Cerso?&#8221;, pergunta o caipira.<\/p>\n<p>\u00c9 ent\u00e3o que Celso faz uma confiss\u00e3o:<\/p>\n<p>&#8220;Menti para voc\u00ea. Me desculpe. Sandra me procurou. Queria ajuda financeira. Recusei, claro. Disse que o melhor seria ela se entregar a pol\u00edcia. Ela riu na minha cara.&#8221;<\/p>\n<p>Candinho diz que prefere correr o risco e pagar para ver se realmente Sandra vai cumprir a promessa. Celso fica receoso com a decis\u00e3o do primo, mas o dono da f\u00e1brica de biscoitos diz o que pensa:<\/p>\n<p>&#8220;Ainda acredito que Sandra vai si intreg\u00e1. Oc\u00ea precisa ter mais f\u00e9 nas pessoa, Cerso.&#8221;<br \/>\n<!--FIM--><br \/>\n<a href=\"https:\/\/tvnovelas.com.br\/novelas\/resumos-de-eta-mundo-melhor\/\" target=\"_blank\" rel=\"noopener\">Resumos dos cap\u00edtulos de \u00cata Mundo Melhor!<\/a><br \/>\n<div class=\"pt-cv-wrapper\"><h2 class='pt-cv-heading-container heading2' data-blockid='ae5b5529ra'><span class='pt-cv-heading'> \u00daltimas da novela <\/span><\/h2><div class=\"pt-cv-view pt-cv-grid pt-cv-colsys\" id=\"pt-cv-view-ae5b5529ra\"><div data-id=\"pt-cv-page-1\" class=\"pt-cv-page\" data-cvc=\"1\"><div class=\"col-md-12 col-sm-12 col-xs-12 pt-cv-content-item pt-cv-1-col\" ><div class='pt-cv-ifield'><h4 class=\"pt-cv-title\"><a href=\"https:\/\/www.tvnovelas.com.br\/tvnews\/eta-mundo-melhor-sandra-avisa-que-nao-vai-desistir-da-vinganca\/\" class=\"_blank\" target=\"_blank\" >\u00cata Mundo Melhor!: Sandra avisa que n\u00e3o vai desistir da vingan\u00e7a<\/a><\/h4><\/div><\/div>\n<div class=\"col-md-12 col-sm-12 col-xs-12 pt-cv-content-item pt-cv-1-col\" ><div class='pt-cv-ifield'><h4 class=\"pt-cv-title\"><a href=\"https:\/\/www.tvnovelas.com.br\/tvnews\/eta-mundo-melhor-celso-conta-a-candinho-o-que-sempre-escondeu-sobre-samir\/\" class=\"_blank\" target=\"_blank\" >\u00cata Mundo Melhor!: Celso conta a Candinho o que sempre escondeu sobre Samir<\/a><\/h4><\/div><\/div>\n<div class=\"col-md-12 col-sm-12 col-xs-12 pt-cv-content-item pt-cv-1-col\" ><div class='pt-cv-ifield'><h4 class=\"pt-cv-title\"><a href=\"https:\/\/www.tvnovelas.com.br\/tvnews\/eta-mundo-melhor-lourival-pede-uma-chance-a-dita-e-eles-se-beijam\/\" class=\"_blank\" target=\"_blank\" >\u00cata Mundo Melhor!: Lourival pede uma chance a Dita e eles se beijam<\/a><\/h4><\/div><\/div><\/div><\/div><\/div><br \/>\n&lt;h<\/p>\n<div style=\"font-size: 120%;\"><h3>Confira tamb\u00e9m<\/h3>\r\n<a href=\"https:\/\/tvnovelas.com.br\/novelas\/\" rel=\"noopener\" target=\"_blank\"><strong>Todos os resumos de novelas<\/strong><\/a><\/br>\r\n<a href=\"https:\/\/www.tvnovelas.com.br\/tvnews\/\" rel=\"noopener\" target=\"_blank\"><strong>\u00daltimas not\u00edcias das novelas<\/strong><\/a><\/br>\r\n<a href=\"https:\/\/www.tvnovelas.com.br\/filmes\/\" target=\"_blank\" rel=\"noopener noreferrer\"><strong>Programa\u00e7\u00e3o de filmes na TV aberta<\/strong><\/a><\/br>\r\n<a href=\"https:\/\/caetenews.com.br\/semana\/filmes-da-globo-na-sessao-da-tarde-desta-semana\/\" target=\"_blank\" rel=\"noopener\"><strong>Confira os filmes da semana na Sess\u00e3o da Tarde<\/strong><\/a><\/br>\r\n<a href=\"https:\/\/classindportal.mj.gov.br\/consulta-filmes\" target=\"_blank\" rel=\"noopener\"><strong>Consulte a classifica\u00e7\u00e3o indicativa dos filmes e novelas<\/strong><\/a><\/br><\/div>\n<h2>Sobre a novela:<\/h2>\n<p><a href=\"https:\/\/tvnovelas.com.br\/page2\/arquivo\/eta-mundo-melhor-a-volta-de-candinho-e-policarpo\/&quot;\" target=\"_blank\" rel=\"noopener\">\u00cata Mundo Melhor!: A volta de Candinho e Policarpo<\/a> (Sinopse)<br \/>\n<a href=\"https:\/\/pt.wikipedia.org\/wiki\/%C3%8Ata_Mundo_Melhor!\" target=\"_blank\" rel=\"noopener\">Sobre \u00cata Mundo Melhor!, na Wikipedia<\/a><\/p>\n","protected":false},"excerpt":{"rendered":"<p>\u00cata Mundo Melhor: Celso confessa a Candinho&#8230;  Em \u00cata Mundo Melhor!, O sumi\u00e7o de Estela (Larissa Manola) est\u00e1 fazendo com que Celso&#8230;<\/p>\n","protected":false},"author":1,"featured_media":84021,"comment_status":"closed","ping_status":"closed","sticky":false,"template":"","format":"standard","meta":{"_uf_show_specific_survey":0,"_uf_disable_surveys":false,"_jetpack_memberships_contains_paid_content":false,"footnotes":"","_wp_rev_ctl_limit":""},"categories":[920,353],"tags":[921,5,64],"class_list":["post-84013","post","type-post","status-publish","format-standard","has-post-thumbnail","hentry","category-eta-mundo-melhor","category-resumos-de-novelas","tag-eta-mundo-melhor","tag-globo","tag-novelas","wpcat-920-id","wpcat-353-id"],"aioseo_notices":[],"jetpack_featured_media_url":"https:\/\/i0.wp.com\/www.tvnovelas.com.br\/tvnews\/wp-content\/uploads\/2025\/10\/12190.jpg?fit=728%2C410&ssl=1","jetpack_shortlink":"https:\/\/wp.me\/pdP2BO-lR3","jetpack_sharing_enabled":true,"_links":{"self":[{"href":"https:\/\/www.tvnovelas.com.br\/tvnews\/wp-json\/wp\/v2\/posts\/84013","targetHints":{"allow":["GET"]}}],"collection":[{"href":"https:\/\/www.tvnovelas.com.br\/tvnews\/wp-json\/wp\/v2\/posts"}],"about":[{"href":"https:\/\/www.tvnovelas.com.br\/tvnews\/wp-json\/wp\/v2\/types\/post"}],"author":[{"embeddable":true,"href":"https:\/\/www.tvnovelas.com.br\/tvnews\/wp-json\/wp\/v2\/users\/1"}],"replies":[{"embeddable":true,"href":"https:\/\/www.tvnovelas.com.br\/tvnews\/wp-json\/wp\/v2\/comments?post=84013"}],"version-history":[{"count":2,"href":"https:\/\/www.tvnovelas.com.br\/tvnews\/wp-json\/wp\/v2\/posts\/84013\/revisions"}],"predecessor-version":[{"id":84022,"href":"https:\/\/www.tvnovelas.com.br\/tvnews\/wp-json\/wp\/v2\/posts\/84013\/revisions\/84022"}],"wp:featuredmedia":[{"embeddable":true,"href":"https:\/\/www.tvnovelas.com.br\/tvnews\/wp-json\/wp\/v2\/media\/84021"}],"wp:attachment":[{"href":"https:\/\/www.tvnovelas.com.br\/tvnews\/wp-json\/wp\/v2\/media?parent=84013"}],"wp:term":[{"taxonomy":"category","embeddable":true,"href":"https:\/\/www.tvnovelas.com.br\/tvnews\/wp-json\/wp\/v2\/categories?post=84013"},{"taxonomy":"post_tag","embeddable":true,"href":"https:\/\/www.tvnovelas.com.br\/tvnews\/wp-json\/wp\/v2\/tags?post=84013"}],"curies":[{"name":"wp","href":"https:\/\/api.w.org\/{rel}","templated":true}]}}