{"id":84024,"date":"2025-10-12T08:55:06","date_gmt":"2025-10-12T11:55:06","guid":{"rendered":"https:\/\/www.tvnovelas.com.br\/tvnews\/?p=84024"},"modified":"2025-10-12T08:55:06","modified_gmt":"2025-10-12T11:55:06","slug":"dona-de-mim-tania-foge-da-policia-e-liga-para-vanderson","status":"publish","type":"post","link":"https:\/\/www.tvnovelas.com.br\/tvnews\/dona-de-mim-tania-foge-da-policia-e-liga-para-vanderson\/","title":{"rendered":"Dona de Mim: T\u00e2nia foge da pol\u00edcia e liga para Vanderson"},"content":{"rendered":"<figure id=\"attachment_84025\" aria-describedby=\"caption-attachment-84025\" style=\"width: 728px\" class=\"wp-caption aligncenter\"><img data-recalc-dims=\"1\" decoding=\"async\" class=\"wp-image-84025 size-full\" title=\"(Foto: TV Globo\/Dona de Mim)\" src=\"https:\/\/i0.wp.com\/www.tvnovelas.com.br\/tvnews\/wp-content\/uploads\/2025\/10\/12191.jpg?resize=728%2C410&#038;ssl=1\" alt=\"Foto em Dona de Mim: T\u00e2nia foge da pol\u00edcia e liga para Vanderson\" width=\"728\" height=\"410\" srcset=\"https:\/\/i0.wp.com\/www.tvnovelas.com.br\/tvnews\/wp-content\/uploads\/2025\/10\/12191.jpg?w=728&amp;ssl=1 728w, https:\/\/i0.wp.com\/www.tvnovelas.com.br\/tvnews\/wp-content\/uploads\/2025\/10\/12191.jpg?resize=250%2C141&amp;ssl=1 250w\" sizes=\"(max-width: 728px) 100vw, 728px\" \/><figcaption id=\"caption-attachment-84025\" class=\"wp-caption-text\">Dona de Mim: T\u00e2nia foge da pol\u00edcia e liga para Vanderson<\/figcaption><\/figure>\n<p>Em Dona de Mim, T\u00e2nia (Aline Borges) algemou Ricardo (Marcos Pasquim) e fez chantagem sobre o v\u00eddeo de Jaques (Marcello Novaes) cortando os freios do carro de Abel (Tony Ramos). Mas o tiro vai sair pela culatra. Mas, Ricardo vai conseguir engan\u00e1-la e chamar \u00e0 pol\u00edcia. Sem sa\u00edda, T\u00e2nia ir\u00e1 fugir e far\u00e1 uma liga\u00e7\u00e3o surpreendente para ningu\u00e9m menos do que Vanderson (Armando Babaioff)! Entenda.<\/p>\n<p>Algemado, Ricardo fingir\u00e1 ter ca\u00eddo na chantagem de T\u00e2nia e pedir\u00e1 o seu telefone para lhe passar o v\u00eddeo que incrimina Jaques. Mas, em vez disso, ele discar\u00e1 190.<\/p>\n<p>\u201cA pol\u00edcia tem o endere\u00e7o e j\u00e1, j\u00e1 estar\u00e1 batendo aqui\u201d, avisa ele.<\/p>\n<p>\u201cVoc\u00ea me traiu! De novo!\u201d, grita ela.<\/p>\n<p>\u201cD\u00e1 tempo de escapar do flagrante. Foge, n\u00e3o deixa a pol\u00edcia te pegar\u201d, ironiza ele.<\/p>\n<p>T\u00e2nia ficar\u00e1 atordoada, pois sabe que cometeu um crime mantendo Ricardo em c\u00e1rcere privado.<\/p>\n<p>\u201cVoc\u00ea vai livrar a minha cara?\u201d, pergunta ela.<\/p>\n<p>\u201cMeu corpo est\u00e1 cheio de marcas. Olha o que voc\u00ea fez comigo\u201d, diz ele.<\/p>\n<p>Ricardo ainda ser\u00e1 ir\u00f4nico mandando T\u00e2nia sacar dinheiro para n\u00e3o deixar rastros, e ela fugir\u00e1 o deixando ainda preso \u00e0s algemas.<\/p>\n<p>\u201cMe tira daqui!\u201d, pede ele.<\/p>\n<p>\u201cPede pra pol\u00edcia. Ou liga pro Jaques, pede ajuda pra ele. Voc\u00eas se merecem\u201d, diz ela.<\/p>\n<p>Depois, T\u00e2nia estar\u00e1 afogando as m\u00e1goas em um peda\u00e7o de bolo, quando se lembrar\u00e1 que Vanderson a chamou para ir embora com ele. Ela, ent\u00e3o, n\u00e3o pensar\u00e1 duas vezes e ligar\u00e1 para o golpista.<\/p>\n<p>\u201cN\u00e3o sou mulher de falar com caixa postal, mas nem sei se esse telefone est\u00e1 com voc\u00ea. Est\u00e1 sabendo que a sua filha est\u00e1 rica? Quem sabe agora eu aceito a proposta que voc\u00ea me fez?\u201d<br \/>\n<!--FIM--><br \/>\n<a href=\"https:\/\/tvnovelas.com.br\/novelas\/resumos-de-dona-de-mim-da-proxima-semana\/\" target=\"_blank\" rel=\"noopener\">Resumos dos cap\u00edtulos de Dona de Mim<\/a><br \/>\n<div class=\"pt-cv-wrapper\"><h2 class='pt-cv-heading-container heading2' data-blockid='9b88c0b6t2'><span class='pt-cv-heading'> \u00daltimas da novela <\/span><\/h2><div class=\"pt-cv-view pt-cv-grid pt-cv-colsys\" id=\"pt-cv-view-9b88c0b6t2\"><div data-id=\"pt-cv-page-1\" class=\"pt-cv-page\" data-cvc=\"1\"><div class=\"col-md-12 col-sm-12 col-xs-12 pt-cv-content-item pt-cv-1-col\" ><div class='pt-cv-ifield'><h4 class=\"pt-cv-title\"><a href=\"https:\/\/www.tvnovelas.com.br\/tvnews\/dona-de-mim-abel-aparece-e-salva-sofia-do-incendio\/\" class=\"_blank\" target=\"_blank\" >Dona de Mim: Abel \u2018aparece&#8217; e salva Sofia do inc\u00eandio<\/a><\/h4><\/div><\/div>\n<div class=\"col-md-12 col-sm-12 col-xs-12 pt-cv-content-item pt-cv-1-col\" ><div class='pt-cv-ifield'><h4 class=\"pt-cv-title\"><a href=\"https:\/\/www.tvnovelas.com.br\/tvnews\/dona-de-mim-jaques-coloca-fogo-na-boaz\/\" class=\"_blank\" target=\"_blank\" >Dona de Mim: Jaques coloca fogo na Boaz<\/a><\/h4><\/div><\/div>\n<div class=\"col-md-12 col-sm-12 col-xs-12 pt-cv-content-item pt-cv-1-col\" ><div class='pt-cv-ifield'><h4 class=\"pt-cv-title\"><a href=\"https:\/\/www.tvnovelas.com.br\/tvnews\/dona-de-mim-davi-e-barbara-sofrem-grave-acidente\/\" class=\"_blank\" target=\"_blank\" >Dona de Mim: Davi e B\u00e1rbara sofrem grave acidente<\/a><\/h4><\/div><\/div><\/div><\/div><\/div><\/p>\n<div style=\"font-size: 150%;\"><h3>Confira tamb\u00e9m<\/h3>\r\n<a href=\"https:\/\/tvnovelas.com.br\/novelas\/\" rel=\"noopener\" target=\"_blank\"><strong>Todos os resumos de novelas<\/strong><\/a><\/br>\r\n<a href=\"https:\/\/www.tvnovelas.com.br\/tvnews\/\" rel=\"noopener\" target=\"_blank\"><strong>\u00daltimas not\u00edcias das novelas<\/strong><\/a><\/br>\r\n<a href=\"https:\/\/www.tvnovelas.com.br\/filmes\/\" target=\"_blank\" rel=\"noopener noreferrer\"><strong>Programa\u00e7\u00e3o de filmes na TV aberta<\/strong><\/a><\/br>\r\n<a href=\"https:\/\/caetenews.com.br\/semana\/filmes-da-globo-na-sessao-da-tarde-desta-semana\/\" target=\"_blank\" rel=\"noopener\"><strong>Confira os filmes da semana na Sess\u00e3o da Tarde<\/strong><\/a><\/br>\r\n<a href=\"https:\/\/classindportal.mj.gov.br\/consulta-filmes\" target=\"_blank\" rel=\"noopener\"><strong>Consulte a classifica\u00e7\u00e3o indicativa dos filmes e novelas<\/strong><\/a><\/br><\/div>\n","protected":false},"excerpt":{"rendered":"<p>Dona de Mim: T\u00e2nia foge da pol\u00edcia&#8230; Em Dona de Mim, T\u00e2nia (Aline Borges) algemou Ricardo (Marcos Pasquim) e fez chantagem sobre o v\u00eddeo de Jaques&#8230;<\/p>\n","protected":false},"author":1,"featured_media":84025,"comment_status":"closed","ping_status":"closed","sticky":false,"template":"","format":"standard","meta":{"_uf_show_specific_survey":0,"_uf_disable_surveys":false,"_jetpack_memberships_contains_paid_content":false,"footnotes":"","_wp_rev_ctl_limit":""},"categories":[884],"tags":[883,5,64],"class_list":["post-84024","post","type-post","status-publish","format-standard","has-post-thumbnail","hentry","category-dona-de-mim","tag-dona-de-mim","tag-globo","tag-novelas","wpcat-884-id"],"aioseo_notices":[],"jetpack_featured_media_url":"https:\/\/i0.wp.com\/www.tvnovelas.com.br\/tvnews\/wp-content\/uploads\/2025\/10\/12191.jpg?fit=728%2C410&ssl=1","jetpack_shortlink":"https:\/\/wp.me\/pdP2BO-lRe","jetpack_sharing_enabled":true,"_links":{"self":[{"href":"https:\/\/www.tvnovelas.com.br\/tvnews\/wp-json\/wp\/v2\/posts\/84024","targetHints":{"allow":["GET"]}}],"collection":[{"href":"https:\/\/www.tvnovelas.com.br\/tvnews\/wp-json\/wp\/v2\/posts"}],"about":[{"href":"https:\/\/www.tvnovelas.com.br\/tvnews\/wp-json\/wp\/v2\/types\/post"}],"author":[{"embeddable":true,"href":"https:\/\/www.tvnovelas.com.br\/tvnews\/wp-json\/wp\/v2\/users\/1"}],"replies":[{"embeddable":true,"href":"https:\/\/www.tvnovelas.com.br\/tvnews\/wp-json\/wp\/v2\/comments?post=84024"}],"version-history":[{"count":1,"href":"https:\/\/www.tvnovelas.com.br\/tvnews\/wp-json\/wp\/v2\/posts\/84024\/revisions"}],"predecessor-version":[{"id":84026,"href":"https:\/\/www.tvnovelas.com.br\/tvnews\/wp-json\/wp\/v2\/posts\/84024\/revisions\/84026"}],"wp:featuredmedia":[{"embeddable":true,"href":"https:\/\/www.tvnovelas.com.br\/tvnews\/wp-json\/wp\/v2\/media\/84025"}],"wp:attachment":[{"href":"https:\/\/www.tvnovelas.com.br\/tvnews\/wp-json\/wp\/v2\/media?parent=84024"}],"wp:term":[{"taxonomy":"category","embeddable":true,"href":"https:\/\/www.tvnovelas.com.br\/tvnews\/wp-json\/wp\/v2\/categories?post=84024"},{"taxonomy":"post_tag","embeddable":true,"href":"https:\/\/www.tvnovelas.com.br\/tvnews\/wp-json\/wp\/v2\/tags?post=84024"}],"curies":[{"name":"wp","href":"https:\/\/api.w.org\/{rel}","templated":true}]}}