{"id":84086,"date":"2025-10-12T14:39:43","date_gmt":"2025-10-12T17:39:43","guid":{"rendered":"https:\/\/www.tvnovelas.com.br\/tvnews\/?p=84086"},"modified":"2025-10-12T14:39:43","modified_gmt":"2025-10-12T17:39:43","slug":"novela-turca-mae-ja-tem-data-de-estreia-na-record","status":"publish","type":"post","link":"https:\/\/www.tvnovelas.com.br\/tvnews\/novela-turca-mae-ja-tem-data-de-estreia-na-record\/","title":{"rendered":"Novela turca &#8216;M\u00e3e&#8217; j\u00e1 tem data de estreia na Record"},"content":{"rendered":"<p><figure id=\"attachment_84087\" aria-describedby=\"caption-attachment-84087\" style=\"width: 728px\" class=\"wp-caption aligncenter\"><img data-recalc-dims=\"1\" decoding=\"async\" src=\"https:\/\/i0.wp.com\/www.tvnovelas.com.br\/tvnews\/wp-content\/uploads\/2025\/10\/12193.jpg?resize=728%2C408&#038;ssl=1\" alt=\"Foto em Novela turca &#039;M\u00e3e&#039; j\u00e1 tem data de estreia na Record\" width=\"728\" height=\"408\" class=\"size-full wp-image-84087\" srcset=\"https:\/\/i0.wp.com\/www.tvnovelas.com.br\/tvnews\/wp-content\/uploads\/2025\/10\/12193.jpg?w=728&amp;ssl=1 728w, https:\/\/i0.wp.com\/www.tvnovelas.com.br\/tvnews\/wp-content\/uploads\/2025\/10\/12193.jpg?resize=250%2C140&amp;ssl=1 250w\" sizes=\"(max-width: 728px) 100vw, 728px\" \/><figcaption id=\"caption-attachment-84087\" class=\"wp-caption-text\">Novela turca &#8216;M\u00e3e&#8217; j\u00e1 tem data de estreia na Record<\/figcaption><\/figure><br \/>\nA novela turca M\u00e3e estreia na Record no pr\u00f3ximo dia 27, na faixa de 21h.<br \/>\n(Foto<br \/>\nBaseada na s\u00e9rie japonesa Mother (2010), a novela M\u00e3e conta a hist\u00f3ria da jovem Zeynep G\u00fcne\u015f (Cansu Dere), que sonha se dedicar \u00e0 fotografia de aves, mas enquanto espera uma oportunidade na \u00e1rea, come\u00e7a a trabalhar em um cargo tempor\u00e1rio completamente diferente do seu perfil, como professora substituta em uma escola.<\/p>\n<p>Por l\u00e1, ela tem sua vida transformada e descobre seu lado mais sens\u00edvel ap\u00f3s conhecer a aluna Meleke (Beren G\u00f6ky\u0131ld\u0131z), de 7 anos. Alegre e inteligente, a garotinha esconde uma realidade cruel, marcada por maus-tratos e viol\u00eancia dom\u00e9stica.<\/p>\n<p>Ap\u00f3s perder o marido, a m\u00e3e de Melek, Sule Ak\u00e7ay (Gonca Vuslateri) conhece Cengiz Yildiz (Berkay Ate\u015f), que deixa claro que a presen\u00e7a da crian\u00e7a \u00e9 um estorvo para a rela\u00e7\u00e3o dos dois.<\/p>\n<p>Zeynep percebe a situa\u00e7\u00e3o e tenta ajudar a crian\u00e7a que sonha com uma vida cheia de afeto. Em Istambul, Melek faz uma nova amiga, G\u00f6n\u00fcl Aslan (Vahide Per\u00e7in), que esconde um mist\u00e9rio.<\/p>\n<p>Juntas, as tr\u00eas trilham um caminho cheio de desafios em uma hist\u00f3ria emocionante que mostra o poder do amor.<br \/>\n<h\n\n<div style=\"font-size: 120%;\">\n<h3>Confira tamb\u00e9m<\/h3>\r\n<a href=\"https:\/\/tvnovelas.com.br\/novelas\/\" rel=\"noopener\" target=\"_blank\"><strong>Todos os resumos de novelas<\/strong><\/a><\/br>\r\n<a href=\"https:\/\/www.tvnovelas.com.br\/tvnews\/\" rel=\"noopener\" target=\"_blank\"><strong>\u00daltimas not\u00edcias das novelas<\/strong><\/a><\/br>\r\n<a href=\"https:\/\/www.tvnovelas.com.br\/filmes\/\" target=\"_blank\" rel=\"noopener noreferrer\"><strong>Programa\u00e7\u00e3o de filmes na TV aberta<\/strong><\/a><\/br>\r\n<a href=\"https:\/\/caetenews.com.br\/semana\/filmes-da-globo-na-sessao-da-tarde-desta-semana\/\" target=\"_blank\" rel=\"noopener\"><strong>Confira os filmes da semana na Sess\u00e3o da Tarde<\/strong><\/a><\/br>\r\n<a href=\"https:\/\/classindportal.mj.gov.br\/consulta-filmes\" target=\"_blank\" rel=\"noopener\"><strong>Consulte a classifica\u00e7\u00e3o indicativa dos filmes e novelas<\/strong><\/a><\/br><\/div>\n","protected":false},"excerpt":{"rendered":"<p>Novela turca &#8216;M\u00e3e&#8217; j\u00e1 tem data de estreia na Record&#8230; Baseada na s\u00e9rie japonesa Mother (2010), a novela M\u00e3e conta a hist\u00f3ria da jovem Zeynep G\u00fcne\u015f&#8230;<\/p>\n","protected":false},"author":1,"featured_media":84087,"comment_status":"closed","ping_status":"closed","sticky":false,"template":"","format":"standard","meta":{"_uf_show_specific_survey":0,"_uf_disable_surveys":false,"_jetpack_memberships_contains_paid_content":false,"footnotes":"","_wp_rev_ctl_limit":""},"categories":[1012],"tags":[1014,1013,460,64,14],"class_list":["post-84086","post","type-post","status-publish","format-standard","has-post-thumbnail","hentry","category-mae","tag-cansu-dere","tag-mae","tag-novela-turca","tag-novelas","tag-record","wpcat-1012-id"],"aioseo_notices":[],"jetpack_featured_media_url":"https:\/\/i0.wp.com\/www.tvnovelas.com.br\/tvnews\/wp-content\/uploads\/2025\/10\/12193.jpg?fit=728%2C408&ssl=1","jetpack_shortlink":"https:\/\/wp.me\/pdP2BO-lSe","jetpack_sharing_enabled":true,"_links":{"self":[{"href":"https:\/\/www.tvnovelas.com.br\/tvnews\/wp-json\/wp\/v2\/posts\/84086","targetHints":{"allow":["GET"]}}],"collection":[{"href":"https:\/\/www.tvnovelas.com.br\/tvnews\/wp-json\/wp\/v2\/posts"}],"about":[{"href":"https:\/\/www.tvnovelas.com.br\/tvnews\/wp-json\/wp\/v2\/types\/post"}],"author":[{"embeddable":true,"href":"https:\/\/www.tvnovelas.com.br\/tvnews\/wp-json\/wp\/v2\/users\/1"}],"replies":[{"embeddable":true,"href":"https:\/\/www.tvnovelas.com.br\/tvnews\/wp-json\/wp\/v2\/comments?post=84086"}],"version-history":[{"count":1,"href":"https:\/\/www.tvnovelas.com.br\/tvnews\/wp-json\/wp\/v2\/posts\/84086\/revisions"}],"predecessor-version":[{"id":84091,"href":"https:\/\/www.tvnovelas.com.br\/tvnews\/wp-json\/wp\/v2\/posts\/84086\/revisions\/84091"}],"wp:featuredmedia":[{"embeddable":true,"href":"https:\/\/www.tvnovelas.com.br\/tvnews\/wp-json\/wp\/v2\/media\/84087"}],"wp:attachment":[{"href":"https:\/\/www.tvnovelas.com.br\/tvnews\/wp-json\/wp\/v2\/media?parent=84086"}],"wp:term":[{"taxonomy":"category","embeddable":true,"href":"https:\/\/www.tvnovelas.com.br\/tvnews\/wp-json\/wp\/v2\/categories?post=84086"},{"taxonomy":"post_tag","embeddable":true,"href":"https:\/\/www.tvnovelas.com.br\/tvnews\/wp-json\/wp\/v2\/tags?post=84086"}],"curies":[{"name":"wp","href":"https:\/\/api.w.org\/{rel}","templated":true}]}}