{"id":84192,"date":"2025-10-13T10:24:33","date_gmt":"2025-10-13T13:24:33","guid":{"rendered":"https:\/\/www.tvnovelas.com.br\/tvnews\/?p=84192"},"modified":"2025-10-13T10:30:44","modified_gmt":"2025-10-13T13:30:44","slug":"o-senhor-e-a-serva-estreia-na-record-nesta-nesta-segunda-13","status":"publish","type":"post","link":"https:\/\/www.tvnovelas.com.br\/tvnews\/o-senhor-e-a-serva-estreia-na-record-nesta-nesta-segunda-13\/","title":{"rendered":"O Senhor e a Serva estreia na Record nesta nesta segunda, 13"},"content":{"rendered":"<figure id=\"attachment_84193\" aria-describedby=\"caption-attachment-84193\" style=\"width: 724px\" class=\"wp-caption aligncenter\"><img data-recalc-dims=\"1\" decoding=\"async\" class=\"wp-image-84193 size-full\" title=\"(Foto: Seriella Productions)\" src=\"https:\/\/i0.wp.com\/www.tvnovelas.com.br\/tvnews\/wp-content\/uploads\/2025\/10\/12195.jpg?resize=724%2C410&#038;ssl=1\" alt=\"Foto em O Senhor e a Serva estreia na Record nesta nesta segunda, 13\" width=\"724\" height=\"410\" srcset=\"https:\/\/i0.wp.com\/www.tvnovelas.com.br\/tvnews\/wp-content\/uploads\/2025\/10\/12195.jpg?w=724&amp;ssl=1 724w, https:\/\/i0.wp.com\/www.tvnovelas.com.br\/tvnews\/wp-content\/uploads\/2025\/10\/12195.jpg?resize=250%2C142&amp;ssl=1 250w\" sizes=\"(max-width: 724px) 100vw, 724px\" \/><figcaption id=\"caption-attachment-84193\" class=\"wp-caption-text\">O Senhor e a Serva estreia na Record nesta nesta segunda, 13<\/figcaption><\/figure>\n<p>Chega nesta segunda, dia 13\/10, \u00e0 programa\u00e7\u00e3o da Record, O Senhor e a Serva. Protagonizada por Nathalia Florentino e Dudu Pelizzari, a trama, um spin-off de Paulo, O Ap\u00f3stolo, ter\u00e1 dez epis\u00f3dios com a pretens\u00e3o de acompanhar eventos relacionados \u00e0 igreja primitiva.<\/p>\n<p>O enredo acompanha Elisa (Nathalia Florentino), uma jovem que enfrenta perdas e abandono, mas mant\u00e9m sua f\u00e9 mesmo diante das dificuldades. Sem ter escolha, ela acaba se tornando serva em uma Roma dominada pela ambi\u00e7\u00e3o e a viol\u00eancia.<\/p>\n<p>Entregue por sua antiga senhora, Val\u00e9ria (Juliana Schalch), Elisa vai trabalhar na casa de Caius (Dudu Pelizzari), um guerreiro respeitado, mas atormentado por lembran\u00e7as dolorosas que ele evita enfrentar. O \u00fanico que conhece o passado de Caius \u00e9 Magnus (Rafael Sard\u00e3o), um velho amigo que guarda o segredo que separou os dois e deixou marcas profundas. Caius esconde seu sofrimento evitando se envolver de verdade e usando rela\u00e7\u00f5es rasas como forma de fugir da pr\u00f3pria solid\u00e3o.<\/p>\n<p>Suas tr\u00eas filhas \u2014 Aelia (Giovanna Veiga), Zita (Carol Binder) e Vita (Clara Portela) \u2014 cresceram com a aus\u00eancia emocional do pai e, por isso, costumam afastar as servas que passam pela casa, em busca de um carinho que nunca receberam. Mas tudo come\u00e7a a mudar com a chegada de Elisa.<\/p>\n<p>Com f\u00e9 e bondade, Elisa conquista espa\u00e7o na casa e no cora\u00e7\u00e3o das meninas. Aos poucos, Caius tamb\u00e9m se v\u00ea tocado por sua presen\u00e7a, mesmo sem entender os sentimentos que ela desperta. Elisa, por sua vez, tenta resistir ao amor que sente por ele \u2014 um homem que parece rejeitar tudo o que ela acredita \u2014 enquanto a paix\u00e3o cresce em sil\u00eancio.<br \/>\nEnquanto Roma celebra a inaugura\u00e7\u00e3o do Coliseu com cem dias de jogos sangrentos, crist\u00e3os s\u00e3o perseguidos e gladiadores lutam at\u00e9 a morte. Entre eles est\u00e1 Priscus (Carlo Porto), um guerreiro famoso que sonha com a liberdade ao lado de Isabella (Tha\u00eds Melchior). Uma jovem impulsiva que encantada pelo luxo romano decepciona seu irm\u00e3o Te\u00f3filo (Alcemar Vieira).<\/p>\n<p>Nesse cen\u00e1rio de dor e resist\u00eancia, Elisa enfrenta press\u00f5es para abandonar sua cren\u00e7a, especialmente por causa de Messalina (Barbara Fran\u00e7a), a cruel noiva de Caius. A hist\u00f3ria se desenrola com personagens marcantes como Quintus (Alex Moreno), Petronius (Caio Vegatti), Serena (Maria Regina) e Anacleto (Marcelo Arnal), al\u00e9m de figuras hist\u00f3ricas como o imperador Titus (Thiago Amaral) e seu sucessor, Domiciano (Vinicius Wester), que se v\u00ea como um deus. Uma narrativa que mistura drama, f\u00e9 e poder em uma Roma que exige sacrif\u00edcios de todos.<\/p>\n<p>A s\u00e9rie O Senhor e a Serva \u00e9 escrita por Cristiane Cardoso com dire\u00e7\u00e3o-geral de Guga Sander e estreia na noite de segunda-feira (13\/10), a partir das 21h.<br \/>\n&lt;h<\/p>\n<div style=\"font-size: 120%;\"><h3>Confira tamb\u00e9m<\/h3>\r\n<a href=\"https:\/\/tvnovelas.com.br\/novelas\/\" rel=\"noopener\" target=\"_blank\"><strong>Todos os resumos de novelas<\/strong><\/a><\/br>\r\n<a href=\"https:\/\/www.tvnovelas.com.br\/tvnews\/\" rel=\"noopener\" target=\"_blank\"><strong>\u00daltimas not\u00edcias das novelas<\/strong><\/a><\/br>\r\n<a href=\"https:\/\/www.tvnovelas.com.br\/filmes\/\" target=\"_blank\" rel=\"noopener noreferrer\"><strong>Programa\u00e7\u00e3o de filmes na TV aberta<\/strong><\/a><\/br>\r\n<a href=\"https:\/\/caetenews.com.br\/semana\/filmes-da-globo-na-sessao-da-tarde-desta-semana\/\" target=\"_blank\" rel=\"noopener\"><strong>Confira os filmes da semana na Sess\u00e3o da Tarde<\/strong><\/a><\/br>\r\n<a href=\"https:\/\/classindportal.mj.gov.br\/consulta-filmes\" target=\"_blank\" rel=\"noopener\"><strong>Consulte a classifica\u00e7\u00e3o indicativa dos filmes e novelas<\/strong><\/a><\/br><\/div>\n","protected":false},"excerpt":{"rendered":"<p>O Senhor e a Serva estreia na Record&#8230; Chega nesta segunda, dia 13\/10, \u00e0 programa\u00e7\u00e3o da Record, O Senhor e a Serva. Protagonizada&#8230;<\/p>\n","protected":false},"author":1,"featured_media":84193,"comment_status":"closed","ping_status":"closed","sticky":false,"template":"","format":"standard","meta":{"_uf_show_specific_survey":0,"_uf_disable_surveys":false,"_jetpack_memberships_contains_paid_content":false,"footnotes":"","_wp_rev_ctl_limit":""},"categories":[1015],"tags":[64,1011,14,847],"class_list":["post-84192","post","type-post","status-publish","format-standard","has-post-thumbnail","hentry","category-o-senhor-e-a-serva","tag-novelas","tag-o-senhor-e-a-serva","tag-record","tag-series","wpcat-1015-id"],"aioseo_notices":[],"jetpack_featured_media_url":"https:\/\/i0.wp.com\/www.tvnovelas.com.br\/tvnews\/wp-content\/uploads\/2025\/10\/12195.jpg?fit=724%2C410&ssl=1","jetpack_shortlink":"https:\/\/wp.me\/pdP2BO-lTW","jetpack_sharing_enabled":true,"_links":{"self":[{"href":"https:\/\/www.tvnovelas.com.br\/tvnews\/wp-json\/wp\/v2\/posts\/84192","targetHints":{"allow":["GET"]}}],"collection":[{"href":"https:\/\/www.tvnovelas.com.br\/tvnews\/wp-json\/wp\/v2\/posts"}],"about":[{"href":"https:\/\/www.tvnovelas.com.br\/tvnews\/wp-json\/wp\/v2\/types\/post"}],"author":[{"embeddable":true,"href":"https:\/\/www.tvnovelas.com.br\/tvnews\/wp-json\/wp\/v2\/users\/1"}],"replies":[{"embeddable":true,"href":"https:\/\/www.tvnovelas.com.br\/tvnews\/wp-json\/wp\/v2\/comments?post=84192"}],"version-history":[{"count":2,"href":"https:\/\/www.tvnovelas.com.br\/tvnews\/wp-json\/wp\/v2\/posts\/84192\/revisions"}],"predecessor-version":[{"id":84195,"href":"https:\/\/www.tvnovelas.com.br\/tvnews\/wp-json\/wp\/v2\/posts\/84192\/revisions\/84195"}],"wp:featuredmedia":[{"embeddable":true,"href":"https:\/\/www.tvnovelas.com.br\/tvnews\/wp-json\/wp\/v2\/media\/84193"}],"wp:attachment":[{"href":"https:\/\/www.tvnovelas.com.br\/tvnews\/wp-json\/wp\/v2\/media?parent=84192"}],"wp:term":[{"taxonomy":"category","embeddable":true,"href":"https:\/\/www.tvnovelas.com.br\/tvnews\/wp-json\/wp\/v2\/categories?post=84192"},{"taxonomy":"post_tag","embeddable":true,"href":"https:\/\/www.tvnovelas.com.br\/tvnews\/wp-json\/wp\/v2\/tags?post=84192"}],"curies":[{"name":"wp","href":"https:\/\/api.w.org\/{rel}","templated":true}]}}