{"id":84256,"date":"2025-10-14T11:52:19","date_gmt":"2025-10-14T14:52:19","guid":{"rendered":"https:\/\/www.tvnovelas.com.br\/tvnews\/?p=84256"},"modified":"2025-10-14T11:52:19","modified_gmt":"2025-10-14T14:52:19","slug":"a-mar-estrela-diz-a-fabian-que-foi-o-tubarao-quem-rasgou-suas-redes","status":"publish","type":"post","link":"https:\/\/www.tvnovelas.com.br\/tvnews\/a-mar-estrela-diz-a-fabian-que-foi-o-tubarao-quem-rasgou-suas-redes\/","title":{"rendered":"A.Mar: Estrela diz a Fabian que foi o Tubar\u00e3o quem rasgou suas redes"},"content":{"rendered":"<figure id=\"attachment_84257\" aria-describedby=\"caption-attachment-84257\" style=\"width: 728px\" class=\"wp-caption aligncenter\"><img data-recalc-dims=\"1\" decoding=\"async\" class=\"wp-image-84257 size-full\" title=\"(Foto: SBT\/Televisa\/A.Mar)\" src=\"https:\/\/i0.wp.com\/www.tvnovelas.com.br\/tvnews\/wp-content\/uploads\/2025\/10\/12202.jpg?resize=728%2C410&#038;ssl=1\" alt=\"Foto em A.Mar: Estrela diz a Fabian que foi o Tubar\u00e3o quem rasgou suas redes\" width=\"728\" height=\"410\" srcset=\"https:\/\/i0.wp.com\/www.tvnovelas.com.br\/tvnews\/wp-content\/uploads\/2025\/10\/12202.jpg?w=728&amp;ssl=1 728w, https:\/\/i0.wp.com\/www.tvnovelas.com.br\/tvnews\/wp-content\/uploads\/2025\/10\/12202.jpg?resize=250%2C141&amp;ssl=1 250w\" sizes=\"(max-width: 728px) 100vw, 728px\" \/><figcaption id=\"caption-attachment-84257\" class=\"wp-caption-text\">A.Mar: Estrela diz a Fabian que foi o Tubar\u00e3o quem rasgou suas redes<\/figcaption><\/figure>\n<p>No cap\u00edtulo de A.Mar desta ter\u00e7a, dia 14, Estrela diz a Fabian que foi o Tubar\u00e3o quem rasgou suas redes e, por isso, ele perdeu um grande neg\u00f3cio.<\/p>\n<p>Ela tamb\u00e9m diz a Tubar\u00e3o que, se ele se acha t\u00e3o valente, deve assumir a responsabilidade por seus atos.<\/p>\n<p>Confira o resumo do cap\u00edtulo de hoje:<\/p>\n<h2 style=\"color: #9e1c60;\">Resumo de ter\u00e7a-feira, 14 de outubro<\/h2>\n<p>O Tubar\u00e3o conta a Nem\u00e9sio que foi ele quem rasgou as redes de Fabian para coloc\u00e1-lo contra Estrela, e que o plano deu certo, j\u00e1 que Fabian lhes oferece melhor pagamento pelo trabalho e n\u00e3o quer Estrela como capit\u00e3. Nem\u00e9sio revela a Estrela que o Tubar\u00e3o foi o respons\u00e1vel pelo ocorrido. Fabian oferece trabalho aos pescadores, mas alguns aceitam trabalhar com Estrela. Brisa faz Gabriel acreditar que vai ajud\u00e1-lo a encontrar a fam\u00edlia de Marina, mas, na verdade, quer convencer Marina de que ela \u00e9 um estorvo na vida de Gabriel e que deve ir embora. No entanto, \u00c9der est\u00e1 se afei\u00e7oando a Marina. \u00c9rika prop\u00f5e a Yasmin que oculte detalhes de sua vida, como sua depend\u00eancia de drogas, em troca de dizer ao pai, Fabian, que foi ela a respons\u00e1vel por restabelecer a harmonia entre eles. Estrela diz a Fabian que foi o Tubar\u00e3o quem rasgou suas redes e, por isso, ele perdeu um grande neg\u00f3cio. Estrela responde a Tubar\u00e3o que, se ele se acha t\u00e3o valente, deve assumir a responsabilidade por seus atos. Teresinha comenta com \u00c9rika que, desde que Fabian terminou com ela, n\u00e3o a via t\u00e3o contente. \u00c9rika responde que Fabian ainda vai descobrir que ela \u00e9 a mulher que ele precisa ao seu lado. Gabriel e Marina se abra\u00e7am; \u00c9der flagra e Gabriel tenta explicar, mas o menino diz que n\u00e3o precisa, pois viu como ele olha para Marina e tem certeza de que ela lhe agrada.<\/p>\n<p><!--FIM--><br \/>\n<a href=\"https:\/\/tvnovelas.com.br\/novelas\/resumo-de-novelas-a-mar\/\" target=\"_blank\" rel=\"noopener\">Resumos dos cap\u00edtulos de A.Mar<\/a><\/p>\n<div style=\"font-size: 120%;\"><h3>Confira tamb\u00e9m<\/h3>\r\n<a href=\"https:\/\/tvnovelas.com.br\/novelas\/\" rel=\"noopener\" target=\"_blank\"><strong>Todos os resumos de novelas<\/strong><\/a><\/br>\r\n<a href=\"https:\/\/www.tvnovelas.com.br\/tvnews\/\" rel=\"noopener\" target=\"_blank\"><strong>\u00daltimas not\u00edcias das novelas<\/strong><\/a><\/br>\r\n<a href=\"https:\/\/www.tvnovelas.com.br\/filmes\/\" target=\"_blank\" rel=\"noopener noreferrer\"><strong>Programa\u00e7\u00e3o de filmes na TV aberta<\/strong><\/a><\/br>\r\n<a href=\"https:\/\/caetenews.com.br\/semana\/filmes-da-globo-na-sessao-da-tarde-desta-semana\/\" target=\"_blank\" rel=\"noopener\"><strong>Confira os filmes da semana na Sess\u00e3o da Tarde<\/strong><\/a><\/br>\r\n<a href=\"https:\/\/classindportal.mj.gov.br\/consulta-filmes\" target=\"_blank\" rel=\"noopener\"><strong>Consulte a classifica\u00e7\u00e3o indicativa dos filmes e novelas<\/strong><\/a><\/br><\/div>\n<p><a href=\"https:\/\/tvnovelas.com.br\/page2\/arquivo\/a-mar-conflitos-tragedia-e-drama-na-historia-de-estrela\/\" target=\"_blank\" rel=\"noopener\">A.Mar: Conhe\u00e7a a hist\u00f3ria completa<\/a><\/p>\n","protected":false},"excerpt":{"rendered":"<p>A.Mar: Estrela diz a Fabian que foi o Tubar\u00e3o&#8230; No cap\u00edtulo de A.Mar desta ter\u00e7a, dia 14, Estrela diz a Fabian que foi o Tubar\u00e3o quem rasgou,&#8230;<\/p>\n","protected":false},"author":1,"featured_media":84257,"comment_status":"closed","ping_status":"closed","sticky":false,"template":"","format":"standard","meta":{"_uf_show_specific_survey":0,"_uf_disable_surveys":false,"_jetpack_memberships_contains_paid_content":false,"footnotes":"","_wp_rev_ctl_limit":""},"categories":[1003],"tags":[1004,64,13],"class_list":["post-84256","post","type-post","status-publish","format-standard","has-post-thumbnail","hentry","category-a-mar","tag-a-mar","tag-novelas","tag-sbt","wpcat-1003-id"],"aioseo_notices":[],"jetpack_featured_media_url":"https:\/\/i0.wp.com\/www.tvnovelas.com.br\/tvnews\/wp-content\/uploads\/2025\/10\/12202.jpg?fit=728%2C410&ssl=1","jetpack_shortlink":"https:\/\/wp.me\/pdP2BO-lUY","jetpack_sharing_enabled":true,"_links":{"self":[{"href":"https:\/\/www.tvnovelas.com.br\/tvnews\/wp-json\/wp\/v2\/posts\/84256","targetHints":{"allow":["GET"]}}],"collection":[{"href":"https:\/\/www.tvnovelas.com.br\/tvnews\/wp-json\/wp\/v2\/posts"}],"about":[{"href":"https:\/\/www.tvnovelas.com.br\/tvnews\/wp-json\/wp\/v2\/types\/post"}],"author":[{"embeddable":true,"href":"https:\/\/www.tvnovelas.com.br\/tvnews\/wp-json\/wp\/v2\/users\/1"}],"replies":[{"embeddable":true,"href":"https:\/\/www.tvnovelas.com.br\/tvnews\/wp-json\/wp\/v2\/comments?post=84256"}],"version-history":[{"count":1,"href":"https:\/\/www.tvnovelas.com.br\/tvnews\/wp-json\/wp\/v2\/posts\/84256\/revisions"}],"predecessor-version":[{"id":84258,"href":"https:\/\/www.tvnovelas.com.br\/tvnews\/wp-json\/wp\/v2\/posts\/84256\/revisions\/84258"}],"wp:featuredmedia":[{"embeddable":true,"href":"https:\/\/www.tvnovelas.com.br\/tvnews\/wp-json\/wp\/v2\/media\/84257"}],"wp:attachment":[{"href":"https:\/\/www.tvnovelas.com.br\/tvnews\/wp-json\/wp\/v2\/media?parent=84256"}],"wp:term":[{"taxonomy":"category","embeddable":true,"href":"https:\/\/www.tvnovelas.com.br\/tvnews\/wp-json\/wp\/v2\/categories?post=84256"},{"taxonomy":"post_tag","embeddable":true,"href":"https:\/\/www.tvnovelas.com.br\/tvnews\/wp-json\/wp\/v2\/tags?post=84256"}],"curies":[{"name":"wp","href":"https:\/\/api.w.org\/{rel}","templated":true}]}}