{"id":84262,"date":"2025-10-14T12:30:20","date_gmt":"2025-10-14T15:30:20","guid":{"rendered":"https:\/\/www.tvnovelas.com.br\/tvnews\/?p=84262"},"modified":"2025-10-15T11:45:35","modified_gmt":"2025-10-15T14:45:35","slug":"a-escrava-isaura-rosa-e-confrontada-por-malvina","status":"publish","type":"post","link":"https:\/\/www.tvnovelas.com.br\/tvnews\/a-escrava-isaura-rosa-e-confrontada-por-malvina\/","title":{"rendered":"A Escrava Isaura: Rosa \u00e9 confrontada por Malvina"},"content":{"rendered":"<p><figure id=\"attachment_84263\" aria-describedby=\"caption-attachment-84263\" style=\"width: 726px\" class=\"wp-caption aligncenter\"><img data-recalc-dims=\"1\" decoding=\"async\" src=\"https:\/\/i0.wp.com\/www.tvnovelas.com.br\/tvnews\/wp-content\/uploads\/2025\/10\/12204.jpg?resize=726%2C408&#038;ssl=1\" alt=\"Foto em A Escrava Isaura: Rosa \u00e9 confrontada por Malvina\" width=\"726\" height=\"408\" class=\"size-full wp-image-84263\" srcset=\"https:\/\/i0.wp.com\/www.tvnovelas.com.br\/tvnews\/wp-content\/uploads\/2025\/10\/12204.jpg?w=726&amp;ssl=1 726w, https:\/\/i0.wp.com\/www.tvnovelas.com.br\/tvnews\/wp-content\/uploads\/2025\/10\/12204.jpg?resize=250%2C140&amp;ssl=1 250w\" sizes=\"(max-width: 726px) 100vw, 726px\" \/><figcaption id=\"caption-attachment-84263\" class=\"wp-caption-text\">A Escrava Isaura: Rosa \u00e9 confrontada por Malvina<\/figcaption><\/figure><br \/>\n(Foto: Record\/A Escrava Isaura)<br \/>\nEm A Escrava Isaura no cap\u00edtulo desta ter\u00e7a, dia 14, Rosa \u00e9 confrontada por Malvina e pode pagar caro pelos seus erros . Confira o resumo do cap\u00edtulo de hoje:<\/p>\n<h2 style=\"color: #3B0270;\">Resumo de ter\u00e7a-feira, 14 de outubro<\/h2>\n<p>Isaura vai ao encontro do pai no celeiro da fazenda. Le\u00f4ncio implora para que Malvina acredite nele. Almeida volta de viagem ainda muito doente. Tom\u00e1sia se anima com a vingan\u00e7a contra Le\u00f4ncio. Almeida diz que se sente fraco. Malvina confronta Rosa. Le\u00f4ncio diz que seria capaz de se separar de Malvina para ficar com Isaura. Rosa conta para Malvina sobre a obsess\u00e3o de Le\u00f4ncio por Isaura. Irado, o fazendeiro manda Rosa para o tronco. Malvina questiona Isaura sobre Le\u00f4ncio. Dr. Paulo diz que o estado de sa\u00fade do comendador \u00e9 muito grave. Bernardo e Gabriel espalham a praga na planta\u00e7\u00e3o dos Almeida.<br \/>\n<!--FIM--><\/p>\n<h2>Saiba mais<\/h2>\n<p><a href=\"https:\/\/tvnovelas.com.br\/novelas\/resumos-da-novela-a-escrava-isaura\/\" rel=\"noopener\" target=\"_blank\">Escrava Isaura: Resumos dos cap\u00edtulos da semana<\/a><br \/>\n<a href=\"https:\/\/wp.me\/pfspD2-Jf\" rel=\"noopener\" target=\"_blank\">Escrava Isaura: o sonho da liberdade<\/a><\/p>\n<div style=\"font-size: 120%;\">\n<h3>Confira tamb\u00e9m<\/h3>\r\n<a href=\"https:\/\/tvnovelas.com.br\/novelas\/\" rel=\"noopener\" target=\"_blank\"><strong>Todos os resumos de novelas<\/strong><\/a><\/br>\r\n<a href=\"https:\/\/www.tvnovelas.com.br\/tvnews\/\" rel=\"noopener\" target=\"_blank\"><strong>\u00daltimas not\u00edcias das novelas<\/strong><\/a><\/br>\r\n<a href=\"https:\/\/www.tvnovelas.com.br\/filmes\/\" target=\"_blank\" rel=\"noopener noreferrer\"><strong>Programa\u00e7\u00e3o de filmes na TV aberta<\/strong><\/a><\/br>\r\n<a href=\"https:\/\/caetenews.com.br\/semana\/filmes-da-globo-na-sessao-da-tarde-desta-semana\/\" target=\"_blank\" rel=\"noopener\"><strong>Confira os filmes da semana na Sess\u00e3o da Tarde<\/strong><\/a><\/br>\r\n<a href=\"https:\/\/classindportal.mj.gov.br\/consulta-filmes\" target=\"_blank\" rel=\"noopener\"><strong>Consulte a classifica\u00e7\u00e3o indicativa dos filmes e novelas<\/strong><\/a><\/br>\n<\/div>\n","protected":false},"excerpt":{"rendered":"<p>A Escrava Isaura: Rosa \u00e9 confrontada&#8230; Em A Escrava Isaura no cap\u00edtulo desta ter\u00e7a, dia 14, Rosa \u00e9 confrontada por Malvina. Confira o resumo do cap\u00edtulo de hoje:<\/p>\n","protected":false},"author":1,"featured_media":84263,"comment_status":"closed","ping_status":"closed","sticky":false,"template":"","format":"standard","meta":{"_uf_show_specific_survey":0,"_uf_disable_surveys":false,"_jetpack_memberships_contains_paid_content":false,"footnotes":"","_wp_rev_ctl_limit":""},"categories":[984],"tags":[985,64,14],"class_list":["post-84262","post","type-post","status-publish","format-standard","has-post-thumbnail","hentry","category-a-escrava-isaura","tag-a-escrava-isaura","tag-novelas","tag-record","wpcat-984-id"],"aioseo_notices":[],"jetpack_featured_media_url":"https:\/\/i0.wp.com\/www.tvnovelas.com.br\/tvnews\/wp-content\/uploads\/2025\/10\/12204.jpg?fit=726%2C408&ssl=1","jetpack_shortlink":"https:\/\/wp.me\/pdP2BO-lV4","jetpack_sharing_enabled":true,"_links":{"self":[{"href":"https:\/\/www.tvnovelas.com.br\/tvnews\/wp-json\/wp\/v2\/posts\/84262","targetHints":{"allow":["GET"]}}],"collection":[{"href":"https:\/\/www.tvnovelas.com.br\/tvnews\/wp-json\/wp\/v2\/posts"}],"about":[{"href":"https:\/\/www.tvnovelas.com.br\/tvnews\/wp-json\/wp\/v2\/types\/post"}],"author":[{"embeddable":true,"href":"https:\/\/www.tvnovelas.com.br\/tvnews\/wp-json\/wp\/v2\/users\/1"}],"replies":[{"embeddable":true,"href":"https:\/\/www.tvnovelas.com.br\/tvnews\/wp-json\/wp\/v2\/comments?post=84262"}],"version-history":[{"count":3,"href":"https:\/\/www.tvnovelas.com.br\/tvnews\/wp-json\/wp\/v2\/posts\/84262\/revisions"}],"predecessor-version":[{"id":84313,"href":"https:\/\/www.tvnovelas.com.br\/tvnews\/wp-json\/wp\/v2\/posts\/84262\/revisions\/84313"}],"wp:featuredmedia":[{"embeddable":true,"href":"https:\/\/www.tvnovelas.com.br\/tvnews\/wp-json\/wp\/v2\/media\/84263"}],"wp:attachment":[{"href":"https:\/\/www.tvnovelas.com.br\/tvnews\/wp-json\/wp\/v2\/media?parent=84262"}],"wp:term":[{"taxonomy":"category","embeddable":true,"href":"https:\/\/www.tvnovelas.com.br\/tvnews\/wp-json\/wp\/v2\/categories?post=84262"},{"taxonomy":"post_tag","embeddable":true,"href":"https:\/\/www.tvnovelas.com.br\/tvnews\/wp-json\/wp\/v2\/tags?post=84262"}],"curies":[{"name":"wp","href":"https:\/\/api.w.org\/{rel}","templated":true}]}}