{"id":84333,"date":"2025-10-16T09:23:31","date_gmt":"2025-10-16T12:23:31","guid":{"rendered":"https:\/\/www.tvnovelas.com.br\/tvnews\/?p=84333"},"modified":"2025-10-16T09:23:31","modified_gmt":"2025-10-16T12:23:31","slug":"a-escrava-isaura-malvina-desabafa-com-isaura","status":"publish","type":"post","link":"https:\/\/www.tvnovelas.com.br\/tvnews\/a-escrava-isaura-malvina-desabafa-com-isaura\/","title":{"rendered":"A Escrava Isaura: Malvina desabafa com Isaura"},"content":{"rendered":"<figure id=\"attachment_84334\" aria-describedby=\"caption-attachment-84334\" style=\"width: 728px\" class=\"wp-caption aligncenter\"><img data-recalc-dims=\"1\" decoding=\"async\" class=\"wp-image-84334 size-full\" title=\"(Foto: Record\/A Escrava Isaura)\" src=\"https:\/\/i0.wp.com\/www.tvnovelas.com.br\/tvnews\/wp-content\/uploads\/2025\/10\/12214.jpg?resize=728%2C410&#038;ssl=1\" alt=\"Foto em A Escrava Isaura: Malvina desabafa com Isaura\" width=\"728\" height=\"410\" srcset=\"https:\/\/i0.wp.com\/www.tvnovelas.com.br\/tvnews\/wp-content\/uploads\/2025\/10\/12214.jpg?w=728&amp;ssl=1 728w, https:\/\/i0.wp.com\/www.tvnovelas.com.br\/tvnews\/wp-content\/uploads\/2025\/10\/12214.jpg?resize=250%2C141&amp;ssl=1 250w\" sizes=\"(max-width: 728px) 100vw, 728px\" \/><figcaption id=\"caption-attachment-84334\" class=\"wp-caption-text\">A Escrava Isaura: Malvina desabafa com Isaura<\/figcaption><\/figure>\n<p>Em A Escrava Isaura no cap\u00edtulo desta quinta, dia 16, Malvina, visivelmente abalada, procura Isaura para desabafar sobre o sofrimento que a consome h\u00e1 tempos. A esposa do fazendeiro n\u00e3o consegue mais esconder a dor de viver ao lado de um homem que dedica todas as suas aten\u00e7\u00f5es e sentimentos \u00e0 escrava.<\/p>\n<p>Em meio \u00e0s l\u00e1grimas, Malvina revela a Isaura que se sente humilhada e tra\u00edda, lamentando profundamente o fato de Le\u00f4ncio ser apaixonado pela jovem cativa. Apesar da posi\u00e7\u00e3o de senhora da casa, ela demonstra uma vulnerabilidade incomum, confessando que j\u00e1 n\u00e3o sabe como lidar com o desprezo do marido.<\/p>\n<p>Isaura, por sua vez, tenta consolar Malvina com palavras gentis e humildes, deixando claro que jamais retribuiria os sentimentos de Le\u00f4ncio.<br \/>\nConfira o resumo do cap\u00edtulo de hoje:<\/p>\n<h2 style=\"color: #3b0270;\">Resumo de quinta-feira, 16 de outubro<\/h2>\n<p>Sebasti\u00e3o confirma para Malvina, Helena e Henrique que Rosa \u00e9 filha dele. Isaura presenteia Rosa com um vestido. Belchior aconselha Isaura a fugir com seu pai. Sebasti\u00e3o diz que cuidar\u00e1 de Rosa, e Malvina fica indignada. O coronel consegue convencer Almeida a libertar Isaura. Gabriel fica interessado em saber sobre o garimpo de diamantes com Bernardo. O comendador pede que Le\u00f4ncio cuide dos neg\u00f3cios, e exige que Isaura seja alforriada. Malvina desabafa com Isaura e, muito abalada, lamenta que o marido seja apaixonado pela jovem escrava.<br \/>\n<!--FIM--><\/p>\n<h2>Saiba mais<\/h2>\n<p><a href=\"https:\/\/tvnovelas.com.br\/novelas\/resumos-da-novela-a-escrava-isaura\/\" target=\"_blank\" rel=\"noopener\">Escrava Isaura: Resumos dos cap\u00edtulos da semana<\/a><br \/>\n<a href=\"https:\/\/wp.me\/pfspD2-Jf\" target=\"_blank\" rel=\"noopener\">Escrava Isaura: o sonho da liberdade<\/a><\/p>\n<div style=\"font-size: 120%;\"><h3>Confira tamb\u00e9m<\/h3>\r\n<a href=\"https:\/\/tvnovelas.com.br\/novelas\/\" rel=\"noopener\" target=\"_blank\"><strong>Todos os resumos de novelas<\/strong><\/a><\/br>\r\n<a href=\"https:\/\/www.tvnovelas.com.br\/tvnews\/\" rel=\"noopener\" target=\"_blank\"><strong>\u00daltimas not\u00edcias das novelas<\/strong><\/a><\/br>\r\n<a href=\"https:\/\/www.tvnovelas.com.br\/filmes\/\" target=\"_blank\" rel=\"noopener noreferrer\"><strong>Programa\u00e7\u00e3o de filmes na TV aberta<\/strong><\/a><\/br>\r\n<a href=\"https:\/\/caetenews.com.br\/semana\/filmes-da-globo-na-sessao-da-tarde-desta-semana\/\" target=\"_blank\" rel=\"noopener\"><strong>Confira os filmes da semana na Sess\u00e3o da Tarde<\/strong><\/a><\/br>\r\n<a href=\"https:\/\/classindportal.mj.gov.br\/consulta-filmes\" target=\"_blank\" rel=\"noopener\"><strong>Consulte a classifica\u00e7\u00e3o indicativa dos filmes e novelas<\/strong><\/a><\/br><\/div>\n","protected":false},"excerpt":{"rendered":"<p>A Escrava Isaura: Malvina desabafa com Isaura&#8230; Em A Escrava Isaura no cap\u00edtulo desta quinta, dia 16, Malvina, visivelmente abalada, procura Isaura&#8230;<\/p>\n","protected":false},"author":1,"featured_media":84334,"comment_status":"closed","ping_status":"closed","sticky":false,"template":"","format":"standard","meta":{"_uf_show_specific_survey":0,"_uf_disable_surveys":false,"_jetpack_memberships_contains_paid_content":false,"footnotes":"","_wp_rev_ctl_limit":""},"categories":[984],"tags":[985,64,14],"class_list":["post-84333","post","type-post","status-publish","format-standard","has-post-thumbnail","hentry","category-a-escrava-isaura","tag-a-escrava-isaura","tag-novelas","tag-record","wpcat-984-id"],"aioseo_notices":[],"jetpack_featured_media_url":"https:\/\/i0.wp.com\/www.tvnovelas.com.br\/tvnews\/wp-content\/uploads\/2025\/10\/12214.jpg?fit=728%2C410&ssl=1","jetpack_shortlink":"https:\/\/wp.me\/pdP2BO-lWd","jetpack_sharing_enabled":true,"_links":{"self":[{"href":"https:\/\/www.tvnovelas.com.br\/tvnews\/wp-json\/wp\/v2\/posts\/84333","targetHints":{"allow":["GET"]}}],"collection":[{"href":"https:\/\/www.tvnovelas.com.br\/tvnews\/wp-json\/wp\/v2\/posts"}],"about":[{"href":"https:\/\/www.tvnovelas.com.br\/tvnews\/wp-json\/wp\/v2\/types\/post"}],"author":[{"embeddable":true,"href":"https:\/\/www.tvnovelas.com.br\/tvnews\/wp-json\/wp\/v2\/users\/1"}],"replies":[{"embeddable":true,"href":"https:\/\/www.tvnovelas.com.br\/tvnews\/wp-json\/wp\/v2\/comments?post=84333"}],"version-history":[{"count":1,"href":"https:\/\/www.tvnovelas.com.br\/tvnews\/wp-json\/wp\/v2\/posts\/84333\/revisions"}],"predecessor-version":[{"id":84335,"href":"https:\/\/www.tvnovelas.com.br\/tvnews\/wp-json\/wp\/v2\/posts\/84333\/revisions\/84335"}],"wp:featuredmedia":[{"embeddable":true,"href":"https:\/\/www.tvnovelas.com.br\/tvnews\/wp-json\/wp\/v2\/media\/84334"}],"wp:attachment":[{"href":"https:\/\/www.tvnovelas.com.br\/tvnews\/wp-json\/wp\/v2\/media?parent=84333"}],"wp:term":[{"taxonomy":"category","embeddable":true,"href":"https:\/\/www.tvnovelas.com.br\/tvnews\/wp-json\/wp\/v2\/categories?post=84333"},{"taxonomy":"post_tag","embeddable":true,"href":"https:\/\/www.tvnovelas.com.br\/tvnews\/wp-json\/wp\/v2\/tags?post=84333"}],"curies":[{"name":"wp","href":"https:\/\/api.w.org\/{rel}","templated":true}]}}