{"id":84337,"date":"2025-10-16T15:00:35","date_gmt":"2025-10-16T18:00:35","guid":{"rendered":"https:\/\/www.tvnovelas.com.br\/tvnews\/?p=84337"},"modified":"2025-10-16T15:23:37","modified_gmt":"2025-10-16T18:23:37","slug":"a-mar-tubarao-e-encontrado-morto","status":"publish","type":"post","link":"https:\/\/www.tvnovelas.com.br\/tvnews\/a-mar-tubarao-e-encontrado-morto\/","title":{"rendered":"A.Mar: Tubar\u00e3o \u00e9 encontrado morto"},"content":{"rendered":"<figure id=\"attachment_84338\" aria-describedby=\"caption-attachment-84338\" style=\"width: 728px\" class=\"wp-caption aligncenter\"><img data-recalc-dims=\"1\" decoding=\"async\" class=\"wp-image-84338 size-full\" title=\"(Foto: SBT\/Televisa\/A.Mar)\" src=\"https:\/\/i0.wp.com\/www.tvnovelas.com.br\/tvnews\/wp-content\/uploads\/2025\/10\/12215.jpg?resize=728%2C410&#038;ssl=1\" alt=\"Foto em A.Mar: Tubar\u00e3o \u00e9 encontrado morto\" width=\"728\" height=\"410\" srcset=\"https:\/\/i0.wp.com\/www.tvnovelas.com.br\/tvnews\/wp-content\/uploads\/2025\/10\/12215.jpg?w=728&amp;ssl=1 728w, https:\/\/i0.wp.com\/www.tvnovelas.com.br\/tvnews\/wp-content\/uploads\/2025\/10\/12215.jpg?resize=250%2C141&amp;ssl=1 250w\" sizes=\"(max-width: 728px) 100vw, 728px\" \/><figcaption id=\"caption-attachment-84338\" class=\"wp-caption-text\">A.Mar: Tubar\u00e3o \u00e9 encontrado morto<\/figcaption><\/figure>\n<p>No cap\u00edtulo de A.Mar desta quinta, dia 16, Tubar\u00e3o amea\u00e7a Perla com uma faca para obrig\u00e1-la a ir com ele, mas Mercedes e suas filhas a defendem.<br \/>\nEnt\u00e3o, Perla revela que foi violentada por Tubar\u00e3o. Mercedes abra\u00e7a Perla, enquanto o agressor foge correndo, embarca em um bote e segue mar adentro em meio \u00e0 agita\u00e7\u00e3o das ondas.<\/p>\n<p>Estrela diz que ela precisa denunciar Tubar\u00e3o; chorando, Perla afirma que nunca deu motivo algum a ele e promete que far\u00e1 a den\u00fancia para impedir que ele fa\u00e7a o mesmo com outras mulheres.<\/p>\n<p>Na sequ\u00eancia, a policial Matilde confirma a Fabi\u00e1n que o tubar\u00e3o morreu. Estrela ouve a not\u00edcia e conta a Perla que seu agressor foi encontrado morto na praia.<\/p>\n<p>Confira o resumo do cap\u00edtulo de hoje:<\/p>\n<h2 style=\"color: #9e1c60;\">Resumo de quinta-feira, 16 de outubro<\/h2>\n<p>Tubar\u00e3o amea\u00e7a Perla com uma faca para obrig\u00e1-la a ir com ele, mas Mercedes e suas filhas a defendem. Ent\u00e3o, Perla revela que foi violentada por Tubar\u00e3o. Mercedes abra\u00e7a Perla, enquanto o agressor foge correndo, embarca em um bote e segue mar adentro em meio \u00e0 agita\u00e7\u00e3o das ondas. A oficial Matilde e a psic\u00f3loga chegam \u00e0 casa de Mercedes para oferecer apoio a Perla. Estrela diz que ela precisa denunciar Tubar\u00e3o; chorando, Perla afirma que nunca deu motivo algum a ele. A psic\u00f3loga a tranquiliza, dizendo que ela n\u00e3o \u00e9 culpada, e Perla responde que far\u00e1 a den\u00fancia para impedir que ele fa\u00e7a o mesmo com outras mulheres. \u00c9rika pressiona Yasmin para convencer o pai de que ela \u00e9 a mulher de que ele precisa, lembrando que ainda guarda o segredo sobre o problema dela com as drogas e, portanto, Yasmin deve cumprir sua parte do acordo. Valentim conta a Estrela que encontraram o corpo de Tubar\u00e3o no mar. Fabian revela a Estrela que, oficialmente, ela, suas irm\u00e3s e sua m\u00e3e agora fazem parte do sindicato dos pescadores. \u00c9rika acusa Estrela de querer roubar seu namorado. Estrela explica que Tubar\u00e3o tentou atac\u00e1-la e que Fabian a defendeu. Ela acrescenta que ficou t\u00e3o abalada com tudo o que tem vivido que acabou chorando, e Fabian apenas a abra\u00e7ou. A pedido de Brisa, Azul tenta convencer \u00c9der a aceitar que a tia se case com seu pai, dizendo que ela \u00e9 uma boa pessoa. \u00c9der responde que Brisa n\u00e3o se importa com ele e est\u00e1 sempre de cara fechada. Azul comenta com Brisa que \u00c9der tem raz\u00e3o ao dizer que ela n\u00e3o gosta dele.<br \/>\n<!--FIM--><br \/>\n<a href=\"https:\/\/tvnovelas.com.br\/novelas\/resumo-de-novelas-a-mar\/\" target=\"_blank\" rel=\"noopener\">Resumos dos cap\u00edtulos da semana de A.Mar<\/a><br \/>\n<div class=\"pt-cv-wrapper\"><h2 class='pt-cv-heading-container heading2' data-blockid='ab488fdp2g'><span class='pt-cv-heading'> \u00daltimas da Novela <\/span><\/h2><div class=\"pt-cv-view pt-cv-grid pt-cv-colsys\" id=\"pt-cv-view-ab488fdp2g\"><div data-id=\"pt-cv-page-1\" class=\"pt-cv-page\" data-cvc=\"1\"><div class=\"col-md-12 col-sm-12 col-xs-12 pt-cv-content-item pt-cv-1-col\" ><div class='pt-cv-ifield'><h4 class=\"pt-cv-title\"><a href=\"https:\/\/www.tvnovelas.com.br\/tvnews\/a-mar-estrela-reune-moradores-para-barrar-maquinario-de-sergio\/\" class=\"_self\" target=\"_self\" >A.Mar: Estrela re\u00fane moradores para barrar m\u00e1quin\u00e1rio de S\u00e9rgio<\/a><\/h4><\/div><\/div>\n<div class=\"col-md-12 col-sm-12 col-xs-12 pt-cv-content-item pt-cv-1-col\" ><div class='pt-cv-ifield'><h4 class=\"pt-cv-title\"><a href=\"https:\/\/www.tvnovelas.com.br\/tvnews\/a-mar-erika-inocenta-fabian-e-ulises\/\" class=\"_self\" target=\"_self\" >A.Mar: \u00c9rika inocenta Fabian e Ulises<\/a><\/h4><\/div><\/div>\n<div class=\"col-md-12 col-sm-12 col-xs-12 pt-cv-content-item pt-cv-1-col\" ><div class='pt-cv-ifield'><h4 class=\"pt-cv-title\"><a href=\"https:\/\/www.tvnovelas.com.br\/tvnews\/a-mar-erika-confessa-a-fabian-que-mentiu-sobre-gravidez\/\" class=\"_self\" target=\"_self\" >A.Mar: \u00c9rika confessa a Fabian que mentiu sobre gravidez<\/a><\/h4><\/div><\/div><\/div><\/div><\/div><\/p>\n<div style=\"font-size: 120%;\"><h3>Confira tamb\u00e9m<\/h3>\r\n<a href=\"https:\/\/tvnovelas.com.br\/novelas\/\" rel=\"noopener\" target=\"_blank\"><strong>Todos os resumos de novelas<\/strong><\/a><\/br>\r\n<a href=\"https:\/\/www.tvnovelas.com.br\/tvnews\/\" rel=\"noopener\" target=\"_blank\"><strong>\u00daltimas not\u00edcias das novelas<\/strong><\/a><\/br>\r\n<a href=\"https:\/\/www.tvnovelas.com.br\/filmes\/\" target=\"_blank\" rel=\"noopener noreferrer\"><strong>Programa\u00e7\u00e3o de filmes na TV aberta<\/strong><\/a><\/br>\r\n<a href=\"https:\/\/caetenews.com.br\/semana\/filmes-da-globo-na-sessao-da-tarde-desta-semana\/\" target=\"_blank\" rel=\"noopener\"><strong>Confira os filmes da semana na Sess\u00e3o da Tarde<\/strong><\/a><\/br>\r\n<a href=\"https:\/\/classindportal.mj.gov.br\/consulta-filmes\" target=\"_blank\" rel=\"noopener\"><strong>Consulte a classifica\u00e7\u00e3o indicativa dos filmes e novelas<\/strong><\/a><\/br><\/div>\n<p><a href=\"https:\/\/tvnovelas.com.br\/page2\/arquivo\/a-mar-conflitos-tragedia-e-drama-na-historia-de-estrela\/\" target=\"_blank\" rel=\"noopener\">A.Mar: Conhe\u00e7a a hist\u00f3ria da novela<\/a><\/p>\n","protected":false},"excerpt":{"rendered":"<p>A.Mar: Tubar\u00e3o \u00e9 encontrado morto&#8230; No cap\u00edtulo de A.Mar desta quinta, dia 16, Tubar\u00e3o amea\u00e7a Perla com uma faca para obrig\u00e1-la a ir com ele&#8230;.<\/p>\n","protected":false},"author":1,"featured_media":84338,"comment_status":"closed","ping_status":"closed","sticky":false,"template":"","format":"standard","meta":{"_uf_show_specific_survey":0,"_uf_disable_surveys":false,"_jetpack_memberships_contains_paid_content":false,"footnotes":"","_wp_rev_ctl_limit":""},"categories":[1003],"tags":[1004,64,13],"class_list":["post-84337","post","type-post","status-publish","format-standard","has-post-thumbnail","hentry","category-a-mar","tag-a-mar","tag-novelas","tag-sbt","wpcat-1003-id"],"aioseo_notices":[],"jetpack_featured_media_url":"https:\/\/i0.wp.com\/www.tvnovelas.com.br\/tvnews\/wp-content\/uploads\/2025\/10\/12215.jpg?fit=728%2C410&ssl=1","jetpack_shortlink":"https:\/\/wp.me\/pdP2BO-lWh","jetpack_sharing_enabled":true,"_links":{"self":[{"href":"https:\/\/www.tvnovelas.com.br\/tvnews\/wp-json\/wp\/v2\/posts\/84337","targetHints":{"allow":["GET"]}}],"collection":[{"href":"https:\/\/www.tvnovelas.com.br\/tvnews\/wp-json\/wp\/v2\/posts"}],"about":[{"href":"https:\/\/www.tvnovelas.com.br\/tvnews\/wp-json\/wp\/v2\/types\/post"}],"author":[{"embeddable":true,"href":"https:\/\/www.tvnovelas.com.br\/tvnews\/wp-json\/wp\/v2\/users\/1"}],"replies":[{"embeddable":true,"href":"https:\/\/www.tvnovelas.com.br\/tvnews\/wp-json\/wp\/v2\/comments?post=84337"}],"version-history":[{"count":4,"href":"https:\/\/www.tvnovelas.com.br\/tvnews\/wp-json\/wp\/v2\/posts\/84337\/revisions"}],"predecessor-version":[{"id":84340,"href":"https:\/\/www.tvnovelas.com.br\/tvnews\/wp-json\/wp\/v2\/posts\/84337\/revisions\/84340"}],"wp:featuredmedia":[{"embeddable":true,"href":"https:\/\/www.tvnovelas.com.br\/tvnews\/wp-json\/wp\/v2\/media\/84338"}],"wp:attachment":[{"href":"https:\/\/www.tvnovelas.com.br\/tvnews\/wp-json\/wp\/v2\/media?parent=84337"}],"wp:term":[{"taxonomy":"category","embeddable":true,"href":"https:\/\/www.tvnovelas.com.br\/tvnews\/wp-json\/wp\/v2\/categories?post=84337"},{"taxonomy":"post_tag","embeddable":true,"href":"https:\/\/www.tvnovelas.com.br\/tvnews\/wp-json\/wp\/v2\/tags?post=84337"}],"curies":[{"name":"wp","href":"https:\/\/api.w.org\/{rel}","templated":true}]}}