{"id":84350,"date":"2025-10-17T08:48:33","date_gmt":"2025-10-17T11:48:33","guid":{"rendered":"https:\/\/www.tvnovelas.com.br\/tvnews\/?p=84350"},"modified":"2025-10-17T08:48:33","modified_gmt":"2025-10-17T11:48:33","slug":"dona-de-mim-samuel-soca-a-cara-de-jaques-na-frente-da-familia","status":"publish","type":"post","link":"https:\/\/www.tvnovelas.com.br\/tvnews\/dona-de-mim-samuel-soca-a-cara-de-jaques-na-frente-da-familia\/","title":{"rendered":"Dona de Mim: Samuel soca a cara de Jaques na frente da fam\u00edlia"},"content":{"rendered":"<figure id=\"attachment_84351\" aria-describedby=\"caption-attachment-84351\" style=\"width: 726px\" class=\"wp-caption aligncenter\"><img data-recalc-dims=\"1\" decoding=\"async\" class=\"wp-image-84351 size-full\" title=\"(Foto: TV Globo\/Dona de Mim)\" src=\"https:\/\/i0.wp.com\/www.tvnovelas.com.br\/tvnews\/wp-content\/uploads\/2025\/10\/12217.jpg?resize=726%2C410&#038;ssl=1\" alt=\"Foto em Dona de Mim: Samuel soca a cara de Jaques na frente da fam\u00edlia\" width=\"726\" height=\"410\" srcset=\"https:\/\/i0.wp.com\/www.tvnovelas.com.br\/tvnews\/wp-content\/uploads\/2025\/10\/12217.jpg?w=726&amp;ssl=1 726w, https:\/\/i0.wp.com\/www.tvnovelas.com.br\/tvnews\/wp-content\/uploads\/2025\/10\/12217.jpg?resize=250%2C141&amp;ssl=1 250w\" sizes=\"(max-width: 726px) 100vw, 726px\" \/><figcaption id=\"caption-attachment-84351\" class=\"wp-caption-text\">Dona de Mim: Samuel soca a cara de Jaques na frente da fam\u00edlia<\/figcaption><\/figure>\n<p>Em Dona de Mim, A not\u00edcia \u00e9 boa: Sofia (Elis Cabral) vai voltar a ter o sobrenome Boaz por decis\u00e3o da Justi\u00e7a. Mas ela vai desencadear uma briga feia na mesa do caf\u00e9 da manh\u00e3 na mans\u00e3o.<\/p>\n<p>Jaques (Marcello Novaes) vai anunciar que Filipa (Cl\u00e1udia Abreu) ir\u00e1 pedir a guarda de Sofia. Samuel (Juan Paiva), ent\u00e3o, vai perder a cabe\u00e7a e dar um soco na cara do tio na frente da fam\u00edlia.<\/p>\n<p>\u201cOs Desembargadores reformaram a decis\u00e3o e reconheceram a paternidade s\u00f3cio-afetiva do seu Abel Boaz\u201d, afirma a advogada \u00e0 fam\u00edlia.<\/p>\n<p>Jaques n\u00e3o vai perder tempo e vai anunciar para todos o que j\u00e1 havia conversado com Filipa.<\/p>\n<p>\u201cFilipa, agora sim, n\u00f3s j\u00e1 podemos entrar com o pedido de guarda da Sofia\u201d, diz ele.<\/p>\n<p>A rea\u00e7\u00e3o de Samuel ser\u00e1 imediata.<\/p>\n<p>\u201cNunca! Eu que vou entrar com o pedido. Eu vou pedir a guarda! Sou irm\u00e3o da Sofia!\u201d, grita Samuel.<\/p>\n<p>E a coisa vai piorar quando Jaques tocar no nome de Abel (Tony Ramos)&#8230;<\/p>\n<p>\u201cE a Filipa \u00e9 madrasta! Tem mais direito aqui que n\u00f3s todos juntos! Tenho certeza que seria a vontade do Abel.\u201d<\/p>\n<p>Ao ouvir o nome do pai falecido, Samuel se levantar\u00e1, partir\u00e1 em dire\u00e7\u00e3o a Jaques e dar\u00e1 um soco na cara do tio na frente de todos.<\/p>\n<p>\u201cTira o nome do meu pai da tua boca!\u201d, grita Samuel.<br \/>\n<!--FIM--><br \/>\n<a href=\"https:\/\/tvnovelas.com.br\/novelas\/resumos-de-dona-de-mim-da-proxima-semana\/\" target=\"_blank\" rel=\"noopener\">Resumos dos cap\u00edtulos de Dona de Mim<\/a><br \/>\n<div class=\"pt-cv-wrapper\"><h2 class='pt-cv-heading-container heading2' data-blockid='9b88c0b6t2'><span class='pt-cv-heading'> \u00daltimas da novela <\/span><\/h2><div class=\"pt-cv-view pt-cv-grid pt-cv-colsys\" id=\"pt-cv-view-9b88c0b6t2\"><div data-id=\"pt-cv-page-1\" class=\"pt-cv-page\" data-cvc=\"1\"><div class=\"col-md-12 col-sm-12 col-xs-12 pt-cv-content-item pt-cv-1-col\" ><div class='pt-cv-ifield'><h4 class=\"pt-cv-title\"><a href=\"https:\/\/www.tvnovelas.com.br\/tvnews\/dona-de-mim-abel-aparece-e-salva-sofia-do-incendio\/\" class=\"_blank\" target=\"_blank\" >Dona de Mim: Abel \u2018aparece&#8217; e salva Sofia do inc\u00eandio<\/a><\/h4><\/div><\/div>\n<div class=\"col-md-12 col-sm-12 col-xs-12 pt-cv-content-item pt-cv-1-col\" ><div class='pt-cv-ifield'><h4 class=\"pt-cv-title\"><a href=\"https:\/\/www.tvnovelas.com.br\/tvnews\/dona-de-mim-jaques-coloca-fogo-na-boaz\/\" class=\"_blank\" target=\"_blank\" >Dona de Mim: Jaques coloca fogo na Boaz<\/a><\/h4><\/div><\/div>\n<div class=\"col-md-12 col-sm-12 col-xs-12 pt-cv-content-item pt-cv-1-col\" ><div class='pt-cv-ifield'><h4 class=\"pt-cv-title\"><a href=\"https:\/\/www.tvnovelas.com.br\/tvnews\/dona-de-mim-davi-e-barbara-sofrem-grave-acidente\/\" class=\"_blank\" target=\"_blank\" >Dona de Mim: Davi e B\u00e1rbara sofrem grave acidente<\/a><\/h4><\/div><\/div><\/div><\/div><\/div><\/p>\n<div style=\"font-size: 150%;\"><h3>Confira tamb\u00e9m<\/h3>\r\n<a href=\"https:\/\/tvnovelas.com.br\/novelas\/\" rel=\"noopener\" target=\"_blank\"><strong>Todos os resumos de novelas<\/strong><\/a><\/br>\r\n<a href=\"https:\/\/www.tvnovelas.com.br\/tvnews\/\" rel=\"noopener\" target=\"_blank\"><strong>\u00daltimas not\u00edcias das novelas<\/strong><\/a><\/br>\r\n<a href=\"https:\/\/www.tvnovelas.com.br\/filmes\/\" target=\"_blank\" rel=\"noopener noreferrer\"><strong>Programa\u00e7\u00e3o de filmes na TV aberta<\/strong><\/a><\/br>\r\n<a href=\"https:\/\/caetenews.com.br\/semana\/filmes-da-globo-na-sessao-da-tarde-desta-semana\/\" target=\"_blank\" rel=\"noopener\"><strong>Confira os filmes da semana na Sess\u00e3o da Tarde<\/strong><\/a><\/br>\r\n<a href=\"https:\/\/classindportal.mj.gov.br\/consulta-filmes\" target=\"_blank\" rel=\"noopener\"><strong>Consulte a classifica\u00e7\u00e3o indicativa dos filmes e novelas<\/strong><\/a><\/br><\/div>\n","protected":false},"excerpt":{"rendered":"<p>Dona de Mim: Samuel soca a cara de Jaques&#8230; Em Dona de Mim, A not\u00edcia \u00e9 boa: Sofia (Elis Cabral) vai voltar a ter o sobrenome Boaz por decis\u00e3o da Justi\u00e7a&#8230;<\/p>\n","protected":false},"author":1,"featured_media":84351,"comment_status":"closed","ping_status":"closed","sticky":false,"template":"","format":"standard","meta":{"_uf_show_specific_survey":0,"_uf_disable_surveys":false,"_jetpack_memberships_contains_paid_content":false,"footnotes":"","_wp_rev_ctl_limit":""},"categories":[884],"tags":[883,5,64],"class_list":["post-84350","post","type-post","status-publish","format-standard","has-post-thumbnail","hentry","category-dona-de-mim","tag-dona-de-mim","tag-globo","tag-novelas","wpcat-884-id"],"aioseo_notices":[],"jetpack_featured_media_url":"https:\/\/i0.wp.com\/www.tvnovelas.com.br\/tvnews\/wp-content\/uploads\/2025\/10\/12217.jpg?fit=726%2C410&ssl=1","jetpack_shortlink":"https:\/\/wp.me\/pdP2BO-lWu","jetpack_sharing_enabled":true,"_links":{"self":[{"href":"https:\/\/www.tvnovelas.com.br\/tvnews\/wp-json\/wp\/v2\/posts\/84350","targetHints":{"allow":["GET"]}}],"collection":[{"href":"https:\/\/www.tvnovelas.com.br\/tvnews\/wp-json\/wp\/v2\/posts"}],"about":[{"href":"https:\/\/www.tvnovelas.com.br\/tvnews\/wp-json\/wp\/v2\/types\/post"}],"author":[{"embeddable":true,"href":"https:\/\/www.tvnovelas.com.br\/tvnews\/wp-json\/wp\/v2\/users\/1"}],"replies":[{"embeddable":true,"href":"https:\/\/www.tvnovelas.com.br\/tvnews\/wp-json\/wp\/v2\/comments?post=84350"}],"version-history":[{"count":1,"href":"https:\/\/www.tvnovelas.com.br\/tvnews\/wp-json\/wp\/v2\/posts\/84350\/revisions"}],"predecessor-version":[{"id":84352,"href":"https:\/\/www.tvnovelas.com.br\/tvnews\/wp-json\/wp\/v2\/posts\/84350\/revisions\/84352"}],"wp:featuredmedia":[{"embeddable":true,"href":"https:\/\/www.tvnovelas.com.br\/tvnews\/wp-json\/wp\/v2\/media\/84351"}],"wp:attachment":[{"href":"https:\/\/www.tvnovelas.com.br\/tvnews\/wp-json\/wp\/v2\/media?parent=84350"}],"wp:term":[{"taxonomy":"category","embeddable":true,"href":"https:\/\/www.tvnovelas.com.br\/tvnews\/wp-json\/wp\/v2\/categories?post=84350"},{"taxonomy":"post_tag","embeddable":true,"href":"https:\/\/www.tvnovelas.com.br\/tvnews\/wp-json\/wp\/v2\/tags?post=84350"}],"curies":[{"name":"wp","href":"https:\/\/api.w.org\/{rel}","templated":true}]}}