{"id":84355,"date":"2025-10-17T09:31:14","date_gmt":"2025-10-17T12:31:14","guid":{"rendered":"https:\/\/www.tvnovelas.com.br\/tvnews\/?p=84355"},"modified":"2025-10-17T09:31:14","modified_gmt":"2025-10-17T12:31:14","slug":"vale-tudo-casamento-de-raquel-e-ivan-entre-os-finais","status":"publish","type":"post","link":"https:\/\/www.tvnovelas.com.br\/tvnews\/vale-tudo-casamento-de-raquel-e-ivan-entre-os-finais\/","title":{"rendered":"Vale Tudo: Casamento de Raquel e Ivan entre os finais"},"content":{"rendered":"<figure id=\"attachment_84356\" aria-describedby=\"caption-attachment-84356\" style=\"width: 728px\" class=\"wp-caption aligncenter\"><img data-recalc-dims=\"1\" decoding=\"async\" class=\"wp-image-84356 size-full\" title=\"(Foto: TV Globo\/Vale Tudo)\" src=\"https:\/\/i0.wp.com\/www.tvnovelas.com.br\/tvnews\/wp-content\/uploads\/2025\/10\/12218.jpg?resize=728%2C410&#038;ssl=1\" alt=\"Foto em Vale Tudo: Casamento de Raquel e Ivan entre os finais\" width=\"728\" height=\"410\" srcset=\"https:\/\/i0.wp.com\/www.tvnovelas.com.br\/tvnews\/wp-content\/uploads\/2025\/10\/12218.jpg?w=728&amp;ssl=1 728w, https:\/\/i0.wp.com\/www.tvnovelas.com.br\/tvnews\/wp-content\/uploads\/2025\/10\/12218.jpg?resize=250%2C141&amp;ssl=1 250w\" sizes=\"(max-width: 728px) 100vw, 728px\" \/><figcaption id=\"caption-attachment-84356\" class=\"wp-caption-text\">Vale Tudo: Casamento de Raquel e Ivan entre os finais<\/figcaption><\/figure>\n<p>Em Vale Tudo, em meio \u00e0s surpresas finais, a emo\u00e7\u00e3o toma conta com o casamento de Raquel (Ta\u00eds Araujo) e Ivan (Renato G\u00f3es). A cerim\u00f4nia re\u00fane familiares e amigos de Vila Isabel e da Paladar, entre eles, Poliana (Matheus Nachtergaele), Alde\u00edde (Karine Telles), Marisa (Rejane Faria), Pascoal (Leandro Leo), Gilda (Let\u00edcia Vieira) e Bartolomeu (Lu\u00eds Melo).<\/p>\n<p>Enquanto Ivan aguarda, visivelmente emocionado, Raquel surge deslumbrante em seu vestido de noiva. Ap\u00f3s a troca de alian\u00e7as, a uni\u00e3o do casal \u00e9 celebrada com muita alegria. A festa fica por conta do grupo Os Garotin, que anima os convidados com seus sucessos e coloca todo mundo para dan\u00e7ar.<\/p>\n<h2>Maria de F\u00e1tima<\/h2>\n<figure id=\"attachment_84358\" aria-describedby=\"caption-attachment-84358\" style=\"width: 728px\" class=\"wp-caption aligncenter\"><img data-recalc-dims=\"1\" decoding=\"async\" class=\"wp-image-84358 size-full\" title=\"(Foto: TV Globo\/Vale Tudo)\" src=\"https:\/\/i0.wp.com\/www.tvnovelas.com.br\/tvnews\/wp-content\/uploads\/2025\/10\/12218b.jpg?resize=728%2C410&#038;ssl=1\" alt=\"Foto em Vale Tudo: Maria de F\u00e1tima conhece rica\u00e7o\" width=\"728\" height=\"410\" srcset=\"https:\/\/i0.wp.com\/www.tvnovelas.com.br\/tvnews\/wp-content\/uploads\/2025\/10\/12218b.jpg?w=728&amp;ssl=1 728w, https:\/\/i0.wp.com\/www.tvnovelas.com.br\/tvnews\/wp-content\/uploads\/2025\/10\/12218b.jpg?resize=250%2C141&amp;ssl=1 250w\" sizes=\"(max-width: 728px) 100vw, 728px\" \/><figcaption id=\"caption-attachment-84358\" class=\"wp-caption-text\">Vale Tudo: Maria de F\u00e1tima conhece rica\u00e7o<\/figcaption><\/figure>\n<p>F\u00e1tima (Bella Campos) passou por um momento de adapta\u00e7\u00e3o, diga-se de passagem. A alpinista social, que havia conquistado uma vida de riqueza, passou os \u00faltimos meses trabalhando, pela primeira vez, como CLT, no balc\u00e3o de uma padaria. Mas, as coisas ir\u00e3o mudar para a mo\u00e7a.<\/p>\n<p>Ap\u00f3s dar \u00e0 luz a Salvadorzinho e entregar o filho para a m\u00e3e, Raquel (Ta\u00eds Araujo), criar, F\u00e1tima retornar\u00e1 a trabalhar na padaria e ser\u00e1 surpreendida ao conhecer um rica\u00e7o, interpretado por Leopoldo Pacheco.<\/p>\n<p>\u201cOi, boa tarde\u201d, cumprimentar\u00e1 ela, cheias de segundas inten\u00e7\u00f5es, que ser\u00e3o correspondidas.<\/p>\n<h2>Marco Aur\u00e9lio<\/h2>\n<figure id=\"attachment_84357\" aria-describedby=\"caption-attachment-84357\" style=\"width: 728px\" class=\"wp-caption aligncenter\"><img data-recalc-dims=\"1\" decoding=\"async\" class=\"wp-image-84357 size-full\" title=\"(Foto: TV Globo\/Vale Tudo)\" src=\"https:\/\/i0.wp.com\/www.tvnovelas.com.br\/tvnews\/wp-content\/uploads\/2025\/10\/12218a.jpg?resize=728%2C409&#038;ssl=1\" alt=\"Foto em Vale Tudo: Marco Aur\u00e9lio se Leila s\u00e3o presos\" width=\"728\" height=\"409\" srcset=\"https:\/\/i0.wp.com\/www.tvnovelas.com.br\/tvnews\/wp-content\/uploads\/2025\/10\/12218a.jpg?w=728&amp;ssl=1 728w, https:\/\/i0.wp.com\/www.tvnovelas.com.br\/tvnews\/wp-content\/uploads\/2025\/10\/12218a.jpg?resize=250%2C140&amp;ssl=1 250w\" sizes=\"(max-width: 728px) 100vw, 728px\" \/><figcaption id=\"caption-attachment-84357\" class=\"wp-caption-text\">Vale Tudo: Marco Aur\u00e9lio se Leila s\u00e3o presos<\/figcaption><\/figure>\n<p>Marco Aur\u00e9lio (Alexandre Nero) at\u00e9 deu uma banana para o Brasil, mas acontece que, desta vez, as autoridades ir\u00e3o alcan\u00e7ar o bandido. Ap\u00f3s a Pol\u00edcia Federal tomar ci\u00eancia dos crimes, o executivo e a esposa, Leila (Carolina Dieckmann) fugiram \u00e0s pressas.<\/p>\n<p>Com direito a uma persegui\u00e7\u00e3o de viaturas, por pouco, o casal n\u00e3o conseguiu embarcar no jatinho que os esperava j\u00e1 na pista para partir. E a aeronave at\u00e9 decolou, mas uma pane no sistema obrigar\u00e1 o piloto a fazer um pouso for\u00e7ado.<\/p>\n<p>Desta forma, assim que o avi\u00e3o encostar no ch\u00e3o, policiais j\u00e1 v\u00e3o estar \u00e0 espera de Marco Aur\u00e9lio e Leila, para levar o casal rumo ao xilindr\u00f3.<br \/>\n<!--FIM--><br \/>\n<a href=\"https:\/\/tvnovelas.com.br\/novelas\/resumos-de-vale-tudo\/\" target=\"_blank\" rel=\"noopener\">Resumos dos cap\u00edtulos de Vale Tudo<\/a><br \/>\n<div class=\"pt-cv-wrapper\"><h2 class='pt-cv-heading-container heading2' data-blockid='d7366c1g0j'><span class='pt-cv-heading'> \u00daltimas da novela <\/span><\/h2><div class=\"pt-cv-view pt-cv-grid pt-cv-colsys\" id=\"pt-cv-view-d7366c1g0j\"><div data-id=\"pt-cv-page-1\" class=\"pt-cv-page\" data-cvc=\"1\"><div class=\"col-md-12 col-sm-12 col-xs-12 pt-cv-content-item pt-cv-1-col\" ><div class='pt-cv-ifield'><h4 class=\"pt-cv-title\"><a href=\"https:\/\/www.tvnovelas.com.br\/tvnews\/vale-tudo-casamento-de-raquel-e-ivan-entre-os-finais\/\" class=\"_self\" target=\"_self\" >Vale Tudo: Casamento de Raquel e Ivan entre os finais<\/a><\/h4><\/div><\/div>\n<div class=\"col-md-12 col-sm-12 col-xs-12 pt-cv-content-item pt-cv-1-col\" ><div class='pt-cv-ifield'><h4 class=\"pt-cv-title\"><a href=\"https:\/\/www.tvnovelas.com.br\/tvnews\/vale-tudo-fatima-decide-entregar-o-filho-para-a-adocao\/\" class=\"_self\" target=\"_self\" >Vale Tudo: F\u00e1tima decide entregar o filho para a ado\u00e7\u00e3o<\/a><\/h4><\/div><\/div>\n<div class=\"col-md-12 col-sm-12 col-xs-12 pt-cv-content-item pt-cv-1-col\" ><div class='pt-cv-ifield'><h4 class=\"pt-cv-title\"><a href=\"https:\/\/www.tvnovelas.com.br\/tvnews\/vale-tudo-cesar-e-fatima-se-reencontram\/\" class=\"_self\" target=\"_self\" >Vale Tudo: C\u00e9sar e F\u00e1tima se reencontram<\/a><\/h4><\/div><\/div><\/div><\/div><\/div><\/p>\n<div style=\"font-size: 150%;\"><h3>Confira tamb\u00e9m<\/h3>\r\n<a href=\"https:\/\/tvnovelas.com.br\/novelas\/\" rel=\"noopener\" target=\"_blank\"><strong>Todos os resumos de novelas<\/strong><\/a><\/br>\r\n<a href=\"https:\/\/www.tvnovelas.com.br\/tvnews\/\" rel=\"noopener\" target=\"_blank\"><strong>\u00daltimas not\u00edcias das novelas<\/strong><\/a><\/br>\r\n<a href=\"https:\/\/www.tvnovelas.com.br\/filmes\/\" target=\"_blank\" rel=\"noopener noreferrer\"><strong>Programa\u00e7\u00e3o de filmes na TV aberta<\/strong><\/a><\/br>\r\n<a href=\"https:\/\/caetenews.com.br\/semana\/filmes-da-globo-na-sessao-da-tarde-desta-semana\/\" target=\"_blank\" rel=\"noopener\"><strong>Confira os filmes da semana na Sess\u00e3o da Tarde<\/strong><\/a><\/br>\r\n<a href=\"https:\/\/classindportal.mj.gov.br\/consulta-filmes\" target=\"_blank\" rel=\"noopener\"><strong>Consulte a classifica\u00e7\u00e3o indicativa dos filmes e novelas<\/strong><\/a><\/br><\/div>\n","protected":false},"excerpt":{"rendered":"<p>Vale Tudo: Casamento de Raquel e Ivan entre os finais&#8230;. Em Vale Tudo, em meio \u00e0s surpresas finais, a emo\u00e7\u00e3o toma conta com o casamento de Raquel&#8230;<\/p>\n","protected":false},"author":1,"featured_media":84356,"comment_status":"closed","ping_status":"closed","sticky":false,"template":"","format":"standard","meta":{"_uf_show_specific_survey":0,"_uf_disable_surveys":false,"_jetpack_memberships_contains_paid_content":false,"footnotes":"","_wp_rev_ctl_limit":""},"categories":[871],"tags":[5,64,801],"class_list":["post-84355","post","type-post","status-publish","format-standard","has-post-thumbnail","hentry","category-vale-tudo","tag-globo","tag-novelas","tag-vale-tudo","wpcat-871-id"],"aioseo_notices":[],"jetpack_featured_media_url":"https:\/\/i0.wp.com\/www.tvnovelas.com.br\/tvnews\/wp-content\/uploads\/2025\/10\/12218.jpg?fit=728%2C410&ssl=1","jetpack_shortlink":"https:\/\/wp.me\/pdP2BO-lWz","jetpack_sharing_enabled":true,"_links":{"self":[{"href":"https:\/\/www.tvnovelas.com.br\/tvnews\/wp-json\/wp\/v2\/posts\/84355","targetHints":{"allow":["GET"]}}],"collection":[{"href":"https:\/\/www.tvnovelas.com.br\/tvnews\/wp-json\/wp\/v2\/posts"}],"about":[{"href":"https:\/\/www.tvnovelas.com.br\/tvnews\/wp-json\/wp\/v2\/types\/post"}],"author":[{"embeddable":true,"href":"https:\/\/www.tvnovelas.com.br\/tvnews\/wp-json\/wp\/v2\/users\/1"}],"replies":[{"embeddable":true,"href":"https:\/\/www.tvnovelas.com.br\/tvnews\/wp-json\/wp\/v2\/comments?post=84355"}],"version-history":[{"count":1,"href":"https:\/\/www.tvnovelas.com.br\/tvnews\/wp-json\/wp\/v2\/posts\/84355\/revisions"}],"predecessor-version":[{"id":84359,"href":"https:\/\/www.tvnovelas.com.br\/tvnews\/wp-json\/wp\/v2\/posts\/84355\/revisions\/84359"}],"wp:featuredmedia":[{"embeddable":true,"href":"https:\/\/www.tvnovelas.com.br\/tvnews\/wp-json\/wp\/v2\/media\/84356"}],"wp:attachment":[{"href":"https:\/\/www.tvnovelas.com.br\/tvnews\/wp-json\/wp\/v2\/media?parent=84355"}],"wp:term":[{"taxonomy":"category","embeddable":true,"href":"https:\/\/www.tvnovelas.com.br\/tvnews\/wp-json\/wp\/v2\/categories?post=84355"},{"taxonomy":"post_tag","embeddable":true,"href":"https:\/\/www.tvnovelas.com.br\/tvnews\/wp-json\/wp\/v2\/tags?post=84355"}],"curies":[{"name":"wp","href":"https:\/\/api.w.org\/{rel}","templated":true}]}}