{"id":84368,"date":"2025-10-17T11:30:15","date_gmt":"2025-10-17T14:30:15","guid":{"rendered":"https:\/\/www.tvnovelas.com.br\/tvnews\/?p=84368"},"modified":"2025-10-17T21:52:29","modified_gmt":"2025-10-18T00:52:29","slug":"a-mar-fabian-corta-pretensoes-de-erika","status":"publish","type":"post","link":"https:\/\/www.tvnovelas.com.br\/tvnews\/a-mar-fabian-corta-pretensoes-de-erika\/","title":{"rendered":"A.Mar: Fabian corta pretens\u00f5es de \u00c9rika"},"content":{"rendered":"<figure id=\"attachment_84369\" aria-describedby=\"caption-attachment-84369\" style=\"width: 728px\" class=\"wp-caption aligncenter\"><img data-recalc-dims=\"1\" decoding=\"async\" class=\"wp-image-84369 size-full\" title=\"(Foto: SBT\/Televisa\/A.Mar)\" src=\"https:\/\/i0.wp.com\/www.tvnovelas.com.br\/tvnews\/wp-content\/uploads\/2025\/10\/12220.jpg?resize=728%2C410&#038;ssl=1\" alt=\"Foto em A.Mar: Fabian corta pretens\u00f5es de \u00c9rika\" width=\"728\" height=\"410\" srcset=\"https:\/\/i0.wp.com\/www.tvnovelas.com.br\/tvnews\/wp-content\/uploads\/2025\/10\/12220.jpg?w=728&amp;ssl=1 728w, https:\/\/i0.wp.com\/www.tvnovelas.com.br\/tvnews\/wp-content\/uploads\/2025\/10\/12220.jpg?resize=250%2C141&amp;ssl=1 250w\" sizes=\"(max-width: 728px) 100vw, 728px\" \/><figcaption id=\"caption-attachment-84369\" class=\"wp-caption-text\">A.Mar: Fabian corta pretens\u00f5es de \u00c9rika<\/figcaption><\/figure>\n<p>No cap\u00edtulo de A.Mar desta sexta, dia 17, Fabian diz a \u00c9rika que \u00e9 grato pelo que ela tem feito por sua filha, Yasmin, mas pede que n\u00e3o alimente falsas esperan\u00e7as, pois jamais voltar\u00e3o a ser namorados.<\/p>\n<p>\u00c9 que \u00c9rika insiste em reatar o relacionamento, mostrando arrependimento e tentando convenc\u00ea-lo de que ainda podem ser felizes juntos. No entanto, Fabi\u00e1n, cansado das idas e vindas e das feridas emocionais que o v\u00ednculo com ela deixou, decide colocar um ponto final definitivo.<\/p>\n<p>Confira o resumo do cap\u00edtulo de hoje:<\/p>\n<h2 style=\"color: #9e1c60;\">Resumo de sexta-feira, 17 de outubro<\/h2>\n<p>Feliz, Marina conta a Gabriel que \u00c9rika realmente vai lhe dar um emprego. \u00c9der e Azul correm para abra\u00e7\u00e1-la. Brisa reclama com Azul, dizendo que ela deveria estar do seu lado, e a menina responde que, para agradar a \u00c9der, teria que ser uma sereia como Marina. Perla chora quando Valentim lhe diz que Marina \u00e9 a mulher dos seus sonhos. \u00c9rika comenta com Yasmin que ela n\u00e3o tem feito nada para que o pai volte a procur\u00e1-la. Yasmin responde que conversou com ele e at\u00e9 disse que n\u00e3o se oporia a que tivesse um relacionamento com ela. Fabian diz a \u00c9rika que \u00e9 grato pelo que ela tem feito por sua filha, Yasmin, mas pede que n\u00e3o alimente falsas esperan\u00e7as, pois jamais voltar\u00e3o a ser namorados. Gabriel flagra Brisa agredindo Marina e diz que est\u00e1 decepcionado com sua atitude. Brisa desabafa com Estrela, dizendo que, desde que Marina apareceu, seu relacionamento com Gabriel tem se complicado. Estrela responde que ela deveria ser mais solid\u00e1ria com Marina, j\u00e1 que a mo\u00e7a n\u00e3o tem nada nem ningu\u00e9m, e lembra que a pr\u00f3pria Brisa disse ter se apaixonado por Gabriel por causa de sua bondade. Yasmin diz a \u00c9rika que est\u00e1 tentando ajud\u00e1-la, mas que Fabian torna tudo imposs\u00edvel, e a adverte que, ao completar dezoito anos, ir\u00e1 embora para sempre. \u00c9rika responde que, at\u00e9 l\u00e1, Yasmin deve fazer o pai acreditar que, se ele a afastar de sua vida, vai perd\u00ea-la como filha para sempre. Marina diz a Gabriel que, assim que receber seu primeiro sal\u00e1rio, sair\u00e1 de sua casa, porque n\u00e3o quer causar mais problemas com Brisa. Gabriel comenta com Fabian que \u00c9der est\u00e1 muito triste porque Marina vai morar em outro lugar. Ele tamb\u00e9m confessa que est\u00e1 pensando em se casar com Brisa.<br \/>\n<!--FIM--><br \/>\n<a href=\"https:\/\/tvnovelas.com.br\/novelas\/resumo-de-novelas-a-mar\/\" target=\"_blank\" rel=\"noopener\">Resumos dos cap\u00edtulos da semana de A.Mar<\/a><br \/>\n<div class=\"pt-cv-wrapper\"><h2 class='pt-cv-heading-container heading2' data-blockid='ab488fdp2g'><span class='pt-cv-heading'> \u00daltimas da Novela <\/span><\/h2><div class=\"pt-cv-view pt-cv-grid pt-cv-colsys\" id=\"pt-cv-view-ab488fdp2g\"><div data-id=\"pt-cv-page-1\" class=\"pt-cv-page\" data-cvc=\"1\"><div class=\"col-md-12 col-sm-12 col-xs-12 pt-cv-content-item pt-cv-1-col\" ><div class='pt-cv-ifield'><h4 class=\"pt-cv-title\"><a href=\"https:\/\/www.tvnovelas.com.br\/tvnews\/a-mar-estrela-reune-moradores-para-barrar-maquinario-de-sergio\/\" class=\"_self\" target=\"_self\" >A.Mar: Estrela re\u00fane moradores para barrar m\u00e1quin\u00e1rio de S\u00e9rgio<\/a><\/h4><\/div><\/div>\n<div class=\"col-md-12 col-sm-12 col-xs-12 pt-cv-content-item pt-cv-1-col\" ><div class='pt-cv-ifield'><h4 class=\"pt-cv-title\"><a href=\"https:\/\/www.tvnovelas.com.br\/tvnews\/a-mar-erika-inocenta-fabian-e-ulises\/\" class=\"_self\" target=\"_self\" >A.Mar: \u00c9rika inocenta Fabian e Ulises<\/a><\/h4><\/div><\/div>\n<div class=\"col-md-12 col-sm-12 col-xs-12 pt-cv-content-item pt-cv-1-col\" ><div class='pt-cv-ifield'><h4 class=\"pt-cv-title\"><a href=\"https:\/\/www.tvnovelas.com.br\/tvnews\/a-mar-erika-confessa-a-fabian-que-mentiu-sobre-gravidez\/\" class=\"_self\" target=\"_self\" >A.Mar: \u00c9rika confessa a Fabian que mentiu sobre gravidez<\/a><\/h4><\/div><\/div><\/div><\/div><\/div><\/p>\n<div style=\"font-size: 120%;\"><h3>Confira tamb\u00e9m<\/h3>\r\n<a href=\"https:\/\/tvnovelas.com.br\/novelas\/\" rel=\"noopener\" target=\"_blank\"><strong>Todos os resumos de novelas<\/strong><\/a><\/br>\r\n<a href=\"https:\/\/www.tvnovelas.com.br\/tvnews\/\" rel=\"noopener\" target=\"_blank\"><strong>\u00daltimas not\u00edcias das novelas<\/strong><\/a><\/br>\r\n<a href=\"https:\/\/www.tvnovelas.com.br\/filmes\/\" target=\"_blank\" rel=\"noopener noreferrer\"><strong>Programa\u00e7\u00e3o de filmes na TV aberta<\/strong><\/a><\/br>\r\n<a href=\"https:\/\/caetenews.com.br\/semana\/filmes-da-globo-na-sessao-da-tarde-desta-semana\/\" target=\"_blank\" rel=\"noopener\"><strong>Confira os filmes da semana na Sess\u00e3o da Tarde<\/strong><\/a><\/br>\r\n<a href=\"https:\/\/classindportal.mj.gov.br\/consulta-filmes\" target=\"_blank\" rel=\"noopener\"><strong>Consulte a classifica\u00e7\u00e3o indicativa dos filmes e novelas<\/strong><\/a><\/br><\/div>\n<p><a href=\"https:\/\/tvnovelas.com.br\/page2\/arquivo\/a-mar-conflitos-tragedia-e-drama-na-historia-de-estrela\/\" target=\"_blank\" rel=\"noopener\">A.Mar: Conhe\u00e7a a hist\u00f3ria da novela<\/a><\/p>\n","protected":false},"excerpt":{"rendered":"<p>A.Mar: Fabian corta pretens\u00f5es de \u00c9rika&#8230;. No cap\u00edtulo de A.Mar desta sexta, dia 17, Fabian diz a \u00c9rika que \u00e9 grato pelo que ela tem feito por sua filha&#8230;.<\/p>\n","protected":false},"author":1,"featured_media":84369,"comment_status":"closed","ping_status":"closed","sticky":false,"template":"","format":"standard","meta":{"_uf_show_specific_survey":0,"_uf_disable_surveys":false,"_jetpack_memberships_contains_paid_content":false,"footnotes":"","_wp_rev_ctl_limit":""},"categories":[1003],"tags":[1004,1016,64,13],"class_list":["post-84368","post","type-post","status-publish","format-standard","has-post-thumbnail","hentry","category-a-mar","tag-a-mar","tag-brisa","tag-novelas","tag-sbt","wpcat-1003-id"],"aioseo_notices":[],"jetpack_featured_media_url":"https:\/\/i0.wp.com\/www.tvnovelas.com.br\/tvnews\/wp-content\/uploads\/2025\/10\/12220.jpg?fit=728%2C410&ssl=1","jetpack_shortlink":"https:\/\/wp.me\/pdP2BO-lWM","jetpack_sharing_enabled":true,"_links":{"self":[{"href":"https:\/\/www.tvnovelas.com.br\/tvnews\/wp-json\/wp\/v2\/posts\/84368","targetHints":{"allow":["GET"]}}],"collection":[{"href":"https:\/\/www.tvnovelas.com.br\/tvnews\/wp-json\/wp\/v2\/posts"}],"about":[{"href":"https:\/\/www.tvnovelas.com.br\/tvnews\/wp-json\/wp\/v2\/types\/post"}],"author":[{"embeddable":true,"href":"https:\/\/www.tvnovelas.com.br\/tvnews\/wp-json\/wp\/v2\/users\/1"}],"replies":[{"embeddable":true,"href":"https:\/\/www.tvnovelas.com.br\/tvnews\/wp-json\/wp\/v2\/comments?post=84368"}],"version-history":[{"count":1,"href":"https:\/\/www.tvnovelas.com.br\/tvnews\/wp-json\/wp\/v2\/posts\/84368\/revisions"}],"predecessor-version":[{"id":84370,"href":"https:\/\/www.tvnovelas.com.br\/tvnews\/wp-json\/wp\/v2\/posts\/84368\/revisions\/84370"}],"wp:featuredmedia":[{"embeddable":true,"href":"https:\/\/www.tvnovelas.com.br\/tvnews\/wp-json\/wp\/v2\/media\/84369"}],"wp:attachment":[{"href":"https:\/\/www.tvnovelas.com.br\/tvnews\/wp-json\/wp\/v2\/media?parent=84368"}],"wp:term":[{"taxonomy":"category","embeddable":true,"href":"https:\/\/www.tvnovelas.com.br\/tvnews\/wp-json\/wp\/v2\/categories?post=84368"},{"taxonomy":"post_tag","embeddable":true,"href":"https:\/\/www.tvnovelas.com.br\/tvnews\/wp-json\/wp\/v2\/tags?post=84368"}],"curies":[{"name":"wp","href":"https:\/\/api.w.org\/{rel}","templated":true}]}}