{"id":84372,"date":"2025-10-17T12:39:02","date_gmt":"2025-10-17T15:39:02","guid":{"rendered":"https:\/\/www.tvnovelas.com.br\/tvnews\/?p=84372"},"modified":"2025-10-17T12:39:02","modified_gmt":"2025-10-17T15:39:02","slug":"a-escrava-isaura-gabriel-queima-as-sacas-de-cafe-de-leoncio","status":"publish","type":"post","link":"https:\/\/www.tvnovelas.com.br\/tvnews\/a-escrava-isaura-gabriel-queima-as-sacas-de-cafe-de-leoncio\/","title":{"rendered":"A Escrava Isaura: Gabriel queima as sacas de caf\u00e9 de Le\u00f4ncio"},"content":{"rendered":"<figure id=\"attachment_84373\" aria-describedby=\"caption-attachment-84373\" style=\"width: 728px\" class=\"wp-caption aligncenter\"><img data-recalc-dims=\"1\" decoding=\"async\" class=\"wp-image-84373 size-full\" title=\"(Foto: Record\/A Escrava Isaura)\" src=\"https:\/\/i0.wp.com\/www.tvnovelas.com.br\/tvnews\/wp-content\/uploads\/2025\/10\/12221.jpg?resize=728%2C410&#038;ssl=1\" alt=\"Foto em A Escrava Isaura: Gabriel queima as sacas de caf\u00e9 de Le\u00f4ncio\" width=\"728\" height=\"410\" srcset=\"https:\/\/i0.wp.com\/www.tvnovelas.com.br\/tvnews\/wp-content\/uploads\/2025\/10\/12221.jpg?w=728&amp;ssl=1 728w, https:\/\/i0.wp.com\/www.tvnovelas.com.br\/tvnews\/wp-content\/uploads\/2025\/10\/12221.jpg?resize=250%2C141&amp;ssl=1 250w\" sizes=\"(max-width: 728px) 100vw, 728px\" \/><figcaption id=\"caption-attachment-84373\" class=\"wp-caption-text\">A Escrava Isaura: Gabriel queima as sacas de caf\u00e9 de Le\u00f4ncio<\/figcaption><\/figure>\n<p>Em A Escrava Isaura no cap\u00edtulo desta sexta, dia 17. Gabriel queima as sacas de caf\u00e9 de Le\u00f4ncio. A destrui\u00e7\u00e3o das sacas de caf\u00e9 \u2014 principal fonte de riqueza e poder de Le\u00f4ncio \u2014 simboliza n\u00e3o apenas um ato de vingan\u00e7a, mas tamb\u00e9m a quebra simb\u00f3lica das correntes da submiss\u00e3o.<\/p>\n<p>Esse gesto \u00e9 movido por um profundo senso de indigna\u00e7\u00e3o diante do sofrimento de Isaura e dos outros escravos. Gabriel n\u00e3o aceita a opress\u00e3o silenciosa e decide agir, mesmo sabendo das poss\u00edveis consequ\u00eancias fatais de sua atitude. Ao atear fogo nas sacas, ele atinge diretamente o orgulho e o bolso de Le\u00f4ncio, mostrando que a resist\u00eancia, ainda que arriscada, \u00e9 poss\u00edvel.<\/p>\n<h2 style=\"color: #3b0270;\">Resumo de sexta-feira, 17 de outubro<\/h2>\n<p>Gabriel \u00e9 flagrado no cafezal e luta com o capataz. Bernardo coloca fogo nas sacas de caf\u00e9. Almeida se desespera ao ver a safra incendiada. O capataz diz que era o irm\u00e3o da condessa que estava no cafezal, e Le\u00f4ncio confirma suas suspeitas sobre Tom\u00e1sia. Malvina vai ao quarto de Isaura. Le\u00f4ncio manda Chico comprar o tabeli\u00e3o para evitar que ele v\u00e1 \u00e0 fazenda no dia seguinte. Malvina surpreende Le\u00f4ncio no quarto de Isaura e parte para cima do marido, enfurecida. Le\u00f4ncio faz uma den\u00fancia contra Gabriel pelo inc\u00eandio nas sacas de caf\u00e9. Malvina se preocupa com a demora do tabeli\u00e3o e desconfia de Le\u00f4ncio.<br \/>\n<!--FIM--><\/p>\n<h2>Saiba mais<\/h2>\n<p><a href=\"https:\/\/tvnovelas.com.br\/novelas\/resumos-da-novela-a-escrava-isaura\/\" target=\"_blank\" rel=\"noopener\">Escrava Isaura: Resumos dos cap\u00edtulos da semana<\/a><br \/>\n<a href=\"https:\/\/wp.me\/pfspD2-Jf\" target=\"_blank\" rel=\"noopener\">Escrava Isaura: o sonho da liberdade<\/a><\/p>\n<div style=\"font-size: 120%;\"><h3>Confira tamb\u00e9m<\/h3>\r\n<a href=\"https:\/\/tvnovelas.com.br\/novelas\/\" rel=\"noopener\" target=\"_blank\"><strong>Todos os resumos de novelas<\/strong><\/a><\/br>\r\n<a href=\"https:\/\/www.tvnovelas.com.br\/tvnews\/\" rel=\"noopener\" target=\"_blank\"><strong>\u00daltimas not\u00edcias das novelas<\/strong><\/a><\/br>\r\n<a href=\"https:\/\/www.tvnovelas.com.br\/filmes\/\" target=\"_blank\" rel=\"noopener noreferrer\"><strong>Programa\u00e7\u00e3o de filmes na TV aberta<\/strong><\/a><\/br>\r\n<a href=\"https:\/\/caetenews.com.br\/semana\/filmes-da-globo-na-sessao-da-tarde-desta-semana\/\" target=\"_blank\" rel=\"noopener\"><strong>Confira os filmes da semana na Sess\u00e3o da Tarde<\/strong><\/a><\/br>\r\n<a href=\"https:\/\/classindportal.mj.gov.br\/consulta-filmes\" target=\"_blank\" rel=\"noopener\"><strong>Consulte a classifica\u00e7\u00e3o indicativa dos filmes e novelas<\/strong><\/a><\/br><\/div>\n","protected":false},"excerpt":{"rendered":"<p>A Escrava Isaura: Gabriel queima&#8230;  Em A Escrava Isaura no cap\u00edtulo desta sexta, dia 17. Gabriel queima as sacas de caf\u00e9 de Le\u00f4ncio. A destrui\u00e7\u00e3o das sacas<\/p>\n","protected":false},"author":1,"featured_media":84373,"comment_status":"closed","ping_status":"closed","sticky":false,"template":"","format":"standard","meta":{"_uf_show_specific_survey":0,"_uf_disable_surveys":false,"_jetpack_memberships_contains_paid_content":false,"footnotes":"","_wp_rev_ctl_limit":""},"categories":[984],"tags":[985,64,14],"class_list":["post-84372","post","type-post","status-publish","format-standard","has-post-thumbnail","hentry","category-a-escrava-isaura","tag-a-escrava-isaura","tag-novelas","tag-record","wpcat-984-id"],"aioseo_notices":[],"jetpack_featured_media_url":"https:\/\/i0.wp.com\/www.tvnovelas.com.br\/tvnews\/wp-content\/uploads\/2025\/10\/12221.jpg?fit=728%2C410&ssl=1","jetpack_shortlink":"https:\/\/wp.me\/pdP2BO-lWQ","jetpack_sharing_enabled":true,"_links":{"self":[{"href":"https:\/\/www.tvnovelas.com.br\/tvnews\/wp-json\/wp\/v2\/posts\/84372","targetHints":{"allow":["GET"]}}],"collection":[{"href":"https:\/\/www.tvnovelas.com.br\/tvnews\/wp-json\/wp\/v2\/posts"}],"about":[{"href":"https:\/\/www.tvnovelas.com.br\/tvnews\/wp-json\/wp\/v2\/types\/post"}],"author":[{"embeddable":true,"href":"https:\/\/www.tvnovelas.com.br\/tvnews\/wp-json\/wp\/v2\/users\/1"}],"replies":[{"embeddable":true,"href":"https:\/\/www.tvnovelas.com.br\/tvnews\/wp-json\/wp\/v2\/comments?post=84372"}],"version-history":[{"count":1,"href":"https:\/\/www.tvnovelas.com.br\/tvnews\/wp-json\/wp\/v2\/posts\/84372\/revisions"}],"predecessor-version":[{"id":84374,"href":"https:\/\/www.tvnovelas.com.br\/tvnews\/wp-json\/wp\/v2\/posts\/84372\/revisions\/84374"}],"wp:featuredmedia":[{"embeddable":true,"href":"https:\/\/www.tvnovelas.com.br\/tvnews\/wp-json\/wp\/v2\/media\/84373"}],"wp:attachment":[{"href":"https:\/\/www.tvnovelas.com.br\/tvnews\/wp-json\/wp\/v2\/media?parent=84372"}],"wp:term":[{"taxonomy":"category","embeddable":true,"href":"https:\/\/www.tvnovelas.com.br\/tvnews\/wp-json\/wp\/v2\/categories?post=84372"},{"taxonomy":"post_tag","embeddable":true,"href":"https:\/\/www.tvnovelas.com.br\/tvnews\/wp-json\/wp\/v2\/tags?post=84372"}],"curies":[{"name":"wp","href":"https:\/\/api.w.org\/{rel}","templated":true}]}}