{"id":84421,"date":"2025-10-19T11:12:17","date_gmt":"2025-10-19T14:12:17","guid":{"rendered":"https:\/\/www.tvnovelas.com.br\/tvnews\/?p=84421"},"modified":"2025-10-19T11:12:17","modified_gmt":"2025-10-19T14:12:17","slug":"valor-da-vida-na-proxima-semana","status":"publish","type":"post","link":"https:\/\/www.tvnovelas.com.br\/tvnews\/valor-da-vida-na-proxima-semana\/","title":{"rendered":"Valor da Vida na pr\u00f3xima semana"},"content":{"rendered":"<figure id=\"attachment_84422\" aria-describedby=\"caption-attachment-84422\" style=\"width: 728px\" class=\"wp-caption aligncenter\"><img data-recalc-dims=\"1\" decoding=\"async\" class=\"wp-image-84422 size-full\" title=\"(Foto: Reprodu\u00e7\u00e3o\/Band\/Valor da Vida)\" src=\"https:\/\/i0.wp.com\/www.tvnovelas.com.br\/tvnews\/wp-content\/uploads\/2025\/10\/12230.jpg?resize=728%2C410&#038;ssl=1\" alt=\"Foto em Valor da Vida na pr\u00f3xima semana\" width=\"728\" height=\"410\" srcset=\"https:\/\/i0.wp.com\/www.tvnovelas.com.br\/tvnews\/wp-content\/uploads\/2025\/10\/12230.jpg?w=728&amp;ssl=1 728w, https:\/\/i0.wp.com\/www.tvnovelas.com.br\/tvnews\/wp-content\/uploads\/2025\/10\/12230.jpg?resize=250%2C141&amp;ssl=1 250w\" sizes=\"(max-width: 728px) 100vw, 728px\" \/><figcaption id=\"caption-attachment-84422\" class=\"wp-caption-text\">Valor da Vida na pr\u00f3xima semana<\/figcaption><\/figure>\n<p>Nos pr\u00f3ximos cap\u00edtulos de Valor da Vida Solange descobre que Aisha fugiu para o L\u00edbano, enquanto Camilla \u00e9 surpreendida com a chegada de Dalva, que quer deixar seu beb\u00ea sob seus cuidados. Sara insiste que Diana \u00e9 filha de Vasco, provocando o rompimento entre os dois.<\/p>\n<p>Artur enfrenta o peso de ter sido usado como cobaia e desconfia de que algo foi feito com seu DNA, deixando Carolina preocupada. Enquanto Manuel tenta escapar de seus segredos, Alexandre se aproxima de Michelle, que confessa que seu namoro com Camilla \u00e9 uma farsa.<br \/>\n<!--FIM--><\/p>\n<div style=\"font-size: 150%;\"><h3>Confira tamb\u00e9m<\/h3>\r\n<a href=\"https:\/\/tvnovelas.com.br\/novelas\/\" rel=\"noopener\" target=\"_blank\"><strong>Todos os resumos de novelas<\/strong><\/a><\/br>\r\n<a href=\"https:\/\/www.tvnovelas.com.br\/tvnews\/\" rel=\"noopener\" target=\"_blank\"><strong>\u00daltimas not\u00edcias das novelas<\/strong><\/a><\/br>\r\n<a href=\"https:\/\/www.tvnovelas.com.br\/filmes\/\" target=\"_blank\" rel=\"noopener noreferrer\"><strong>Programa\u00e7\u00e3o de filmes na TV aberta<\/strong><\/a><\/br>\r\n<a href=\"https:\/\/caetenews.com.br\/semana\/filmes-da-globo-na-sessao-da-tarde-desta-semana\/\" target=\"_blank\" rel=\"noopener\"><strong>Confira os filmes da semana na Sess\u00e3o da Tarde<\/strong><\/a><\/br>\r\n<a href=\"https:\/\/classindportal.mj.gov.br\/consulta-filmes\" target=\"_blank\" rel=\"noopener\"><strong>Consulte a classifica\u00e7\u00e3o indicativa dos filmes e novelas<\/strong><\/a><\/br><\/div>\n","protected":false},"excerpt":{"rendered":"<p>Valor da Vida na pr\u00f3xima semana&#8230; Nos pr\u00f3ximos cap\u00edtulos de Valor da Vida Solange descobre que Aisha fugiu para o L\u00edbano, enquanto Camilla&#8230;<\/p>\n","protected":false},"author":1,"featured_media":84422,"comment_status":"closed","ping_status":"closed","sticky":false,"template":"","format":"standard","meta":{"_uf_show_specific_survey":0,"_uf_disable_surveys":false,"_jetpack_memberships_contains_paid_content":false,"footnotes":"","_wp_rev_ctl_limit":""},"categories":[368],"tags":[43,64,371],"class_list":["post-84421","post","type-post","status-publish","format-standard","has-post-thumbnail","hentry","category-band","tag-band","tag-novelas","tag-valor-da-vida","wpcat-368-id"],"aioseo_notices":[],"jetpack_featured_media_url":"https:\/\/i0.wp.com\/www.tvnovelas.com.br\/tvnews\/wp-content\/uploads\/2025\/10\/12230.jpg?fit=728%2C410&ssl=1","jetpack_shortlink":"https:\/\/wp.me\/pdP2BO-lXD","jetpack_sharing_enabled":true,"_links":{"self":[{"href":"https:\/\/www.tvnovelas.com.br\/tvnews\/wp-json\/wp\/v2\/posts\/84421","targetHints":{"allow":["GET"]}}],"collection":[{"href":"https:\/\/www.tvnovelas.com.br\/tvnews\/wp-json\/wp\/v2\/posts"}],"about":[{"href":"https:\/\/www.tvnovelas.com.br\/tvnews\/wp-json\/wp\/v2\/types\/post"}],"author":[{"embeddable":true,"href":"https:\/\/www.tvnovelas.com.br\/tvnews\/wp-json\/wp\/v2\/users\/1"}],"replies":[{"embeddable":true,"href":"https:\/\/www.tvnovelas.com.br\/tvnews\/wp-json\/wp\/v2\/comments?post=84421"}],"version-history":[{"count":1,"href":"https:\/\/www.tvnovelas.com.br\/tvnews\/wp-json\/wp\/v2\/posts\/84421\/revisions"}],"predecessor-version":[{"id":84423,"href":"https:\/\/www.tvnovelas.com.br\/tvnews\/wp-json\/wp\/v2\/posts\/84421\/revisions\/84423"}],"wp:featuredmedia":[{"embeddable":true,"href":"https:\/\/www.tvnovelas.com.br\/tvnews\/wp-json\/wp\/v2\/media\/84422"}],"wp:attachment":[{"href":"https:\/\/www.tvnovelas.com.br\/tvnews\/wp-json\/wp\/v2\/media?parent=84421"}],"wp:term":[{"taxonomy":"category","embeddable":true,"href":"https:\/\/www.tvnovelas.com.br\/tvnews\/wp-json\/wp\/v2\/categories?post=84421"},{"taxonomy":"post_tag","embeddable":true,"href":"https:\/\/www.tvnovelas.com.br\/tvnews\/wp-json\/wp\/v2\/tags?post=84421"}],"curies":[{"name":"wp","href":"https:\/\/api.w.org\/{rel}","templated":true}]}}