{"id":84463,"date":"2025-10-21T10:38:11","date_gmt":"2025-10-21T13:38:11","guid":{"rendered":"https:\/\/www.tvnovelas.com.br\/tvnews\/?p=84463"},"modified":"2025-10-21T10:44:34","modified_gmt":"2025-10-21T13:44:34","slug":"a-mar-eder-diz-ao-pai-que-apoia-ele-se-casar","status":"publish","type":"post","link":"https:\/\/www.tvnovelas.com.br\/tvnews\/a-mar-eder-diz-ao-pai-que-apoia-ele-se-casar\/","title":{"rendered":"A.Mar: Eder diz ao pai que apoia ele se casar"},"content":{"rendered":"<figure id=\"attachment_84464\" aria-describedby=\"caption-attachment-84464\" style=\"width: 727px\" class=\"wp-caption aligncenter\"><img data-recalc-dims=\"1\" decoding=\"async\" class=\"wp-image-84464 size-full\" title=\"(Foto: SBT\/Televisa\/A.Mar)\" src=\"https:\/\/i0.wp.com\/www.tvnovelas.com.br\/tvnews\/wp-content\/uploads\/2025\/10\/12240.jpg?resize=727%2C410&#038;ssl=1\" alt=\"Foto em A.Mar: Eder diz ao pai que apoia se ele quiser se casar\" width=\"727\" height=\"410\" srcset=\"https:\/\/i0.wp.com\/www.tvnovelas.com.br\/tvnews\/wp-content\/uploads\/2025\/10\/12240.jpg?w=727&amp;ssl=1 727w, https:\/\/i0.wp.com\/www.tvnovelas.com.br\/tvnews\/wp-content\/uploads\/2025\/10\/12240.jpg?resize=250%2C141&amp;ssl=1 250w\" sizes=\"(max-width: 727px) 100vw, 727px\" \/><figcaption id=\"caption-attachment-84464\" class=\"wp-caption-text\">A.Mar: Eder diz ao pai que apoia se ele quiser se casar<\/figcaption><\/figure>\n<p>No cap\u00edtulo de A.Mar desta ter\u00e7a, 21, Eder diz ao pai que Brisa contou que eles v\u00e3o se casar e que ele n\u00e3o quer, mas que, se ainda assim ele quiser se casar, o apoiar\u00e1. <\/p>\n<p>Mais: Fabi\u00e1n est\u00e1 decepcionado com Estrella por ter tirado dele um importante neg\u00f3cio. Os inimigos da fam\u00edlia de Estrella querem arruinar seus planos. Fabi\u00e1n confessa que est\u00e1 apaixonado por Estrella. Brisa est\u00e1 animada com seu casamento com Gabriel.<\/p>\n<p>Confira o resumo do cap\u00edtulo de hoje:<\/p>\n<h2 style=\"color: #6b3f69;\">Resumo de ter\u00e7a-feira, 21 de outubro<\/h2>\n<p>Xavier diz a Yasmin que ela n\u00e3o deveria confiar tanto em \u00c9rika, e Yasmin responde que aquela mulher s\u00f3 est\u00e1 usando-a para se aproximar de seu pai. \u00c9rika descobre que o Sr. Gerardo quer fazer neg\u00f3cios com Estrela e tenta convenc\u00ea-la a aceitar, apenas para fazer Fabian acreditar que ela est\u00e1 o traindo, mas Estrela n\u00e3o aceita. Eder diz ao pai que Brisa contou que eles v\u00e3o se casar e que ele n\u00e3o quer, mas que, se ainda assim ele quiser se casar, o apoiar\u00e1. \u00c9rika diz a Fabian que as Contreras est\u00e3o muito felizes porque far\u00e3o um grande neg\u00f3cio com o dono de uma rede de restaurantes, o Sr. Gerardo. Fabian se enfurece e vai tirar satisfa\u00e7\u00f5es com Estrela. Ela tenta explicar que foi ideia da m\u00e3e, mas Fabian a acusa de trai\u00e7\u00e3o. Fabian acusa Estrela de t\u00ea-lo tra\u00eddo ao tirar dele seu maior comprador. Ela responde que foi sua m\u00e3e quem tomou essa decis\u00e3o, que o Sr. Gerardo disse que aquele neg\u00f3cio j\u00e1 havia sido combinado com seu pai e que, al\u00e9m disso, precisam pagar uma enorme d\u00edvida e sustentar a fam\u00edlia; portanto, n\u00e3o t\u00eam outra op\u00e7\u00e3o. Marina, feliz, conta a Eder que se lembrou de quando sentiu algo no ventre e ficou contente porque ia ser m\u00e3e. Perlita diz a Pascual que aceita sair com ele, mas apenas como amigos, para que ele n\u00e3o crie ilus\u00f5es. Fabian reclama com o pai que Estrela o traiu, e o Sr. Gonzalo diz que o culpado por ele n\u00e3o ter conseguido cumprir o acordo com Gerardo foi o Tubar\u00e3o; que Gerardo estava em seu direito de negociar com outra pessoa, e melhor ainda que tenha sido com as Contreras. Rosalba diz a Porf\u00edrio que ele precisa fazer algo para que Mercedes se d\u00ea mal. Porf\u00edrio avisa a Estrela que haver\u00e1 uma tempestade e que, como capit\u00e3o, tem a obriga\u00e7\u00e3o de impedir que saiam para pescar. Estrela, furiosa, diz a Fabian que aquilo certamente \u00e9 uma forma dele se vingar.<\/p>\n<p><!--FIM--><br \/>\n<a href=\"https:\/\/tvnovelas.com.br\/novelas\/resumo-de-novelas-a-mar\/\" target=\"_blank\" rel=\"noopener\">Resumos dos cap\u00edtulos da semana de A.Mar<\/a><br \/>\n<div class=\"pt-cv-wrapper\"><h2 class='pt-cv-heading-container heading2' data-blockid='ab488fdp2g'><span class='pt-cv-heading'> \u00daltimas da Novela <\/span><\/h2><div class=\"pt-cv-view pt-cv-grid pt-cv-colsys\" id=\"pt-cv-view-ab488fdp2g\"><div data-id=\"pt-cv-page-1\" class=\"pt-cv-page\" data-cvc=\"1\"><div class=\"col-md-12 col-sm-12 col-xs-12 pt-cv-content-item pt-cv-1-col\" ><div class='pt-cv-ifield'><h4 class=\"pt-cv-title\"><a href=\"https:\/\/www.tvnovelas.com.br\/tvnews\/a-mar-estrela-reune-moradores-para-barrar-maquinario-de-sergio\/\" class=\"_self\" target=\"_self\" >A.Mar: Estrela re\u00fane moradores para barrar m\u00e1quin\u00e1rio de S\u00e9rgio<\/a><\/h4><\/div><\/div>\n<div class=\"col-md-12 col-sm-12 col-xs-12 pt-cv-content-item pt-cv-1-col\" ><div class='pt-cv-ifield'><h4 class=\"pt-cv-title\"><a href=\"https:\/\/www.tvnovelas.com.br\/tvnews\/a-mar-erika-inocenta-fabian-e-ulises\/\" class=\"_self\" target=\"_self\" >A.Mar: \u00c9rika inocenta Fabian e Ulises<\/a><\/h4><\/div><\/div>\n<div class=\"col-md-12 col-sm-12 col-xs-12 pt-cv-content-item pt-cv-1-col\" ><div class='pt-cv-ifield'><h4 class=\"pt-cv-title\"><a href=\"https:\/\/www.tvnovelas.com.br\/tvnews\/a-mar-erika-confessa-a-fabian-que-mentiu-sobre-gravidez\/\" class=\"_self\" target=\"_self\" >A.Mar: \u00c9rika confessa a Fabian que mentiu sobre gravidez<\/a><\/h4><\/div><\/div><\/div><\/div><\/div><\/p>\n<div style=\"font-size: 120%;\"><h3>Confira tamb\u00e9m<\/h3>\r\n<a href=\"https:\/\/tvnovelas.com.br\/novelas\/\" rel=\"noopener\" target=\"_blank\"><strong>Todos os resumos de novelas<\/strong><\/a><\/br>\r\n<a href=\"https:\/\/www.tvnovelas.com.br\/tvnews\/\" rel=\"noopener\" target=\"_blank\"><strong>\u00daltimas not\u00edcias das novelas<\/strong><\/a><\/br>\r\n<a href=\"https:\/\/www.tvnovelas.com.br\/filmes\/\" target=\"_blank\" rel=\"noopener noreferrer\"><strong>Programa\u00e7\u00e3o de filmes na TV aberta<\/strong><\/a><\/br>\r\n<a href=\"https:\/\/caetenews.com.br\/semana\/filmes-da-globo-na-sessao-da-tarde-desta-semana\/\" target=\"_blank\" rel=\"noopener\"><strong>Confira os filmes da semana na Sess\u00e3o da Tarde<\/strong><\/a><\/br>\r\n<a href=\"https:\/\/classindportal.mj.gov.br\/consulta-filmes\" target=\"_blank\" rel=\"noopener\"><strong>Consulte a classifica\u00e7\u00e3o indicativa dos filmes e novelas<\/strong><\/a><\/br><\/div>\n<p><a href=\"https:\/\/tvnovelas.com.br\/page2\/arquivo\/a-mar-conflitos-tragedia-e-drama-na-historia-de-estrela\/\" target=\"_blank\" rel=\"noopener\">A.Mar: Conhe\u00e7a a hist\u00f3ria da novela<\/a><\/p>\n","protected":false},"excerpt":{"rendered":"<p>A.Mar: Eder diz ao pai que apoia&#8230; No cap\u00edtulo de A.Mar desta ter\u00e7a, 21, Eder diz ao pai que Brisa contou que eles v\u00e3o se casar.. Confira o resumo do cap\u00edtulo de hoje:<\/p>\n","protected":false},"author":1,"featured_media":84464,"comment_status":"closed","ping_status":"closed","sticky":false,"template":"","format":"standard","meta":{"_uf_show_specific_survey":0,"_uf_disable_surveys":false,"_jetpack_memberships_contains_paid_content":false,"footnotes":"","_wp_rev_ctl_limit":""},"categories":[1003],"tags":[1004,64,13],"class_list":["post-84463","post","type-post","status-publish","format-standard","has-post-thumbnail","hentry","category-a-mar","tag-a-mar","tag-novelas","tag-sbt","wpcat-1003-id"],"aioseo_notices":[],"jetpack_featured_media_url":"https:\/\/i0.wp.com\/www.tvnovelas.com.br\/tvnews\/wp-content\/uploads\/2025\/10\/12240.jpg?fit=727%2C410&ssl=1","jetpack_shortlink":"https:\/\/wp.me\/pdP2BO-lYj","jetpack_sharing_enabled":true,"_links":{"self":[{"href":"https:\/\/www.tvnovelas.com.br\/tvnews\/wp-json\/wp\/v2\/posts\/84463","targetHints":{"allow":["GET"]}}],"collection":[{"href":"https:\/\/www.tvnovelas.com.br\/tvnews\/wp-json\/wp\/v2\/posts"}],"about":[{"href":"https:\/\/www.tvnovelas.com.br\/tvnews\/wp-json\/wp\/v2\/types\/post"}],"author":[{"embeddable":true,"href":"https:\/\/www.tvnovelas.com.br\/tvnews\/wp-json\/wp\/v2\/users\/1"}],"replies":[{"embeddable":true,"href":"https:\/\/www.tvnovelas.com.br\/tvnews\/wp-json\/wp\/v2\/comments?post=84463"}],"version-history":[{"count":3,"href":"https:\/\/www.tvnovelas.com.br\/tvnews\/wp-json\/wp\/v2\/posts\/84463\/revisions"}],"predecessor-version":[{"id":84467,"href":"https:\/\/www.tvnovelas.com.br\/tvnews\/wp-json\/wp\/v2\/posts\/84463\/revisions\/84467"}],"wp:featuredmedia":[{"embeddable":true,"href":"https:\/\/www.tvnovelas.com.br\/tvnews\/wp-json\/wp\/v2\/media\/84464"}],"wp:attachment":[{"href":"https:\/\/www.tvnovelas.com.br\/tvnews\/wp-json\/wp\/v2\/media?parent=84463"}],"wp:term":[{"taxonomy":"category","embeddable":true,"href":"https:\/\/www.tvnovelas.com.br\/tvnews\/wp-json\/wp\/v2\/categories?post=84463"},{"taxonomy":"post_tag","embeddable":true,"href":"https:\/\/www.tvnovelas.com.br\/tvnews\/wp-json\/wp\/v2\/tags?post=84463"}],"curies":[{"name":"wp","href":"https:\/\/api.w.org\/{rel}","templated":true}]}}