{"id":84487,"date":"2025-10-22T09:45:45","date_gmt":"2025-10-22T12:45:45","guid":{"rendered":"https:\/\/www.tvnovelas.com.br\/tvnews\/?p=84487"},"modified":"2025-10-22T10:24:06","modified_gmt":"2025-10-22T13:24:06","slug":"a-mar-fabian-admite-paixao-por-estrela","status":"publish","type":"post","link":"https:\/\/www.tvnovelas.com.br\/tvnews\/a-mar-fabian-admite-paixao-por-estrela\/","title":{"rendered":"A.Mar: Fabian admite paix\u00e3o por Estrela"},"content":{"rendered":"<figure id=\"attachment_84488\" aria-describedby=\"caption-attachment-84488\" style=\"width: 728px\" class=\"wp-caption aligncenter\"><img data-recalc-dims=\"1\" decoding=\"async\" class=\"wp-image-84488 size-full\" title=\"(Foto: SBT\/Televisa\/A.Mar)\" src=\"https:\/\/i0.wp.com\/www.tvnovelas.com.br\/tvnews\/wp-content\/uploads\/2025\/10\/12244.jpg?resize=728%2C409&#038;ssl=1\" alt=\"Foto em A.Mar: Fabian admite paix\u00e3o por Estrela\" width=\"728\" height=\"409\" srcset=\"https:\/\/i0.wp.com\/www.tvnovelas.com.br\/tvnews\/wp-content\/uploads\/2025\/10\/12244.jpg?w=728&amp;ssl=1 728w, https:\/\/i0.wp.com\/www.tvnovelas.com.br\/tvnews\/wp-content\/uploads\/2025\/10\/12244.jpg?resize=250%2C140&amp;ssl=1 250w\" sizes=\"(max-width: 728px) 100vw, 728px\" \/><figcaption id=\"caption-attachment-84488\" class=\"wp-caption-text\">A.Mar: Fabian admite paix\u00e3o por Estrela<\/figcaption><\/figure>\n<p>No cap\u00edtulo de A.Mar desta quarta, dia 22, Gonzalo e Gabriel dizem a Fabian que ele precisa reconhecer que Estrela n\u00e3o apenas o atrai, mas que tamb\u00e9m est\u00e1 se apaixonando por ela. Fabian admite que eles t\u00eam raz\u00e3o.<\/p>\n<p>No mesmo cap\u00edtulo, Fabi\u00e1n admira a coragem de Estrella e confessa que n\u00e3o consegue parar de pensar nela.<\/p>\n<p>Confira o resumo do cap\u00edtulo de hoje:<\/p>\n<h2 style=\"color: #6b3f69;\">Resumo de quarta-feira, 22 de outubro<\/h2>\n<p>Gonzalo e Gabriel dizem a Fabian que ele precisa reconhecer que Estrela n\u00e3o apenas o atrai, mas que tamb\u00e9m est\u00e1 se apaixonando por ela. Fabian admite que eles t\u00eam raz\u00e3o. Mercedes diz a Brisa que, quando se casar com Gabriel, deve tamb\u00e9m ser uma boa m\u00e3e para Eder, porque o menino faz parte do \u201cpacote\u201d e que nunca deve deixar de acreditar no amor. Oliver diz a Nem\u00e9sio que est\u00e1 triste porque o Sr. Gonzalo acha que ele n\u00e3o est\u00e1 \u00e0 altura de Yasmin e que Fabian provavelmente pensa o mesmo. Estrela est\u00e1 preocupada porque Nem\u00e9sio e Oliver beberam demais e n\u00e3o est\u00e3o em condi\u00e7\u00f5es de sair para pescar, ent\u00e3o diz a Brisa e a Perla que ter\u00e3o que ir elas mesmas, j\u00e1 que o Sr. Gerardo est\u00e1 esperando o pedido. Marina comenta com Teresinha que as Contreras precisam de ajuda. Fabian pergunta a Porf\u00edrio por que nenhum homem ajuda as Contreras, e ele responde que proibiu todos porque elas desobedeceram a uma ordem e, por isso, aplicar\u00e1 uma multa. Estrela diz a Fabian que vai pagar a multa e tamb\u00e9m o dinheiro que ele emprestou para ajudar sua m\u00e3e. Fabian confessa a Estrela que n\u00e3o consegue parar de pensar nela, e ela responde que isso \u00e9 problema dele. Gabriel planeja levar Marina a uma praia para ver se ela recupera lembran\u00e7as da sua vida, mas Brisa fica com ci\u00fames. Gabriel garante que n\u00e3o h\u00e1 nada entre ele e Marina, que s\u00f3 quer ajud\u00e1-la. Irritada, \u00c9rika pergunta \u00e0 m\u00e3e por que ela voltou para casa. Rosalba responde que sentia saudade, e \u00c9rika diz que ela s\u00f3 sente falta quando um homem a deixa ou quando precisa de dinheiro. Pergunta quanto tempo vai ficar, e Rosalba responde que o necess\u00e1rio para resolver alguns assuntos. Valentim diz a Perla que ela \u00e9 uma mo\u00e7a especial. Brisa, furiosa, adverte Marina para parar de flertar com seu noivo ou se arrepender\u00e1. Marina responde que as amea\u00e7as dela s\u00f3 a fazem parecer insegura. Perla agradece a Pascual pelas flores, e ele a chama para outro encontro. Brisa se enfurece porque quer um casamento grandioso, e Estrela diz que n\u00e3o est\u00e3o em condi\u00e7\u00f5es de gastar muito. Azul v\u00ea a foto de S\u00e9rgio Falcon em uma revista e diz \u00e0 m\u00e3e que poderiam procur\u00e1-lo. Estrela responde que o pai dela decidiu se afastar antes que ela nascesse e nunca tentou procur\u00e1-las, ent\u00e3o n\u00e3o podem for\u00e7\u00e1-lo a fazer parte de suas vidas. Rosalba diz a Porf\u00edrio que lhe entregue seu dinheiro e que ela ir\u00e1 embora; ele responde que vai dar o dinheiro aos poucos, para que ela n\u00e3o gaste demais e n\u00e3o levante suspeitas.<br \/>\n<!--FIM--><br \/>\n<a href=\"https:\/\/tvnovelas.com.br\/novelas\/resumo-de-novelas-a-mar\/\" target=\"_blank\" rel=\"noopener\">Resumos dos cap\u00edtulos da semana de A.Mar<\/a><br \/>\n<div class=\"pt-cv-wrapper\"><h2 class='pt-cv-heading-container heading2' data-blockid='ab488fdp2g'><span class='pt-cv-heading'> \u00daltimas da Novela <\/span><\/h2><div class=\"pt-cv-view pt-cv-grid pt-cv-colsys\" id=\"pt-cv-view-ab488fdp2g\"><div data-id=\"pt-cv-page-1\" class=\"pt-cv-page\" data-cvc=\"1\"><div class=\"col-md-12 col-sm-12 col-xs-12 pt-cv-content-item pt-cv-1-col\" ><div class='pt-cv-ifield'><h4 class=\"pt-cv-title\"><a href=\"https:\/\/www.tvnovelas.com.br\/tvnews\/a-mar-estrela-reune-moradores-para-barrar-maquinario-de-sergio\/\" class=\"_self\" target=\"_self\" >A.Mar: Estrela re\u00fane moradores para barrar m\u00e1quin\u00e1rio de S\u00e9rgio<\/a><\/h4><\/div><\/div>\n<div class=\"col-md-12 col-sm-12 col-xs-12 pt-cv-content-item pt-cv-1-col\" ><div class='pt-cv-ifield'><h4 class=\"pt-cv-title\"><a href=\"https:\/\/www.tvnovelas.com.br\/tvnews\/a-mar-erika-inocenta-fabian-e-ulises\/\" class=\"_self\" target=\"_self\" >A.Mar: \u00c9rika inocenta Fabian e Ulises<\/a><\/h4><\/div><\/div>\n<div class=\"col-md-12 col-sm-12 col-xs-12 pt-cv-content-item pt-cv-1-col\" ><div class='pt-cv-ifield'><h4 class=\"pt-cv-title\"><a href=\"https:\/\/www.tvnovelas.com.br\/tvnews\/a-mar-erika-confessa-a-fabian-que-mentiu-sobre-gravidez\/\" class=\"_self\" target=\"_self\" >A.Mar: \u00c9rika confessa a Fabian que mentiu sobre gravidez<\/a><\/h4><\/div><\/div><\/div><\/div><\/div><\/p>\n<div style=\"font-size: 120%;\"><h3>Confira tamb\u00e9m<\/h3>\r\n<a href=\"https:\/\/tvnovelas.com.br\/novelas\/\" rel=\"noopener\" target=\"_blank\"><strong>Todos os resumos de novelas<\/strong><\/a><\/br>\r\n<a href=\"https:\/\/www.tvnovelas.com.br\/tvnews\/\" rel=\"noopener\" target=\"_blank\"><strong>\u00daltimas not\u00edcias das novelas<\/strong><\/a><\/br>\r\n<a href=\"https:\/\/www.tvnovelas.com.br\/filmes\/\" target=\"_blank\" rel=\"noopener noreferrer\"><strong>Programa\u00e7\u00e3o de filmes na TV aberta<\/strong><\/a><\/br>\r\n<a href=\"https:\/\/caetenews.com.br\/semana\/filmes-da-globo-na-sessao-da-tarde-desta-semana\/\" target=\"_blank\" rel=\"noopener\"><strong>Confira os filmes da semana na Sess\u00e3o da Tarde<\/strong><\/a><\/br>\r\n<a href=\"https:\/\/classindportal.mj.gov.br\/consulta-filmes\" target=\"_blank\" rel=\"noopener\"><strong>Consulte a classifica\u00e7\u00e3o indicativa dos filmes e novelas<\/strong><\/a><\/br><\/div>\n<p><a href=\"https:\/\/tvnovelas.com.br\/page2\/arquivo\/a-mar-conflitos-tragedia-e-drama-na-historia-de-estrela\/\" target=\"_blank\" rel=\"noopener\">A.Mar: Conhe\u00e7a a hist\u00f3ria da novela<\/a><\/p>\n","protected":false},"excerpt":{"rendered":"<p>A.Mar: Fabian admite paix\u00e3o por Estrela&#8230; No cap\u00edtulo de A.Mar desta quarta, dia 22, Gonzalo e Gabriel dizem a Fabian que ele precisa reconhecer&#8230;<\/p>\n","protected":false},"author":1,"featured_media":84488,"comment_status":"closed","ping_status":"closed","sticky":false,"template":"","format":"standard","meta":{"_uf_show_specific_survey":0,"_uf_disable_surveys":false,"_jetpack_memberships_contains_paid_content":false,"footnotes":"","_wp_rev_ctl_limit":""},"categories":[1003],"tags":[1004,64,13],"class_list":["post-84487","post","type-post","status-publish","format-standard","has-post-thumbnail","hentry","category-a-mar","tag-a-mar","tag-novelas","tag-sbt","wpcat-1003-id"],"aioseo_notices":[],"jetpack_featured_media_url":"https:\/\/i0.wp.com\/www.tvnovelas.com.br\/tvnews\/wp-content\/uploads\/2025\/10\/12244.jpg?fit=728%2C409&ssl=1","jetpack_shortlink":"https:\/\/wp.me\/pdP2BO-lYH","jetpack_sharing_enabled":true,"_links":{"self":[{"href":"https:\/\/www.tvnovelas.com.br\/tvnews\/wp-json\/wp\/v2\/posts\/84487","targetHints":{"allow":["GET"]}}],"collection":[{"href":"https:\/\/www.tvnovelas.com.br\/tvnews\/wp-json\/wp\/v2\/posts"}],"about":[{"href":"https:\/\/www.tvnovelas.com.br\/tvnews\/wp-json\/wp\/v2\/types\/post"}],"author":[{"embeddable":true,"href":"https:\/\/www.tvnovelas.com.br\/tvnews\/wp-json\/wp\/v2\/users\/1"}],"replies":[{"embeddable":true,"href":"https:\/\/www.tvnovelas.com.br\/tvnews\/wp-json\/wp\/v2\/comments?post=84487"}],"version-history":[{"count":4,"href":"https:\/\/www.tvnovelas.com.br\/tvnews\/wp-json\/wp\/v2\/posts\/84487\/revisions"}],"predecessor-version":[{"id":84492,"href":"https:\/\/www.tvnovelas.com.br\/tvnews\/wp-json\/wp\/v2\/posts\/84487\/revisions\/84492"}],"wp:featuredmedia":[{"embeddable":true,"href":"https:\/\/www.tvnovelas.com.br\/tvnews\/wp-json\/wp\/v2\/media\/84488"}],"wp:attachment":[{"href":"https:\/\/www.tvnovelas.com.br\/tvnews\/wp-json\/wp\/v2\/media?parent=84487"}],"wp:term":[{"taxonomy":"category","embeddable":true,"href":"https:\/\/www.tvnovelas.com.br\/tvnews\/wp-json\/wp\/v2\/categories?post=84487"},{"taxonomy":"post_tag","embeddable":true,"href":"https:\/\/www.tvnovelas.com.br\/tvnews\/wp-json\/wp\/v2\/tags?post=84487"}],"curies":[{"name":"wp","href":"https:\/\/api.w.org\/{rel}","templated":true}]}}