{"id":84503,"date":"2025-10-23T09:53:23","date_gmt":"2025-10-23T12:53:23","guid":{"rendered":"https:\/\/www.tvnovelas.com.br\/tvnews\/?p=84503"},"modified":"2025-10-23T10:38:45","modified_gmt":"2025-10-23T13:38:45","slug":"cruel-istambul-nedim-e-reconhecido-pelo-dono-da-hospedagem","status":"publish","type":"post","link":"https:\/\/www.tvnovelas.com.br\/tvnews\/cruel-istambul-nedim-e-reconhecido-pelo-dono-da-hospedagem\/","title":{"rendered":"Cruel Istambul: Nedim \u00e9 reconhecido pelo dono da hospedagem"},"content":{"rendered":"<figure id=\"attachment_84504\" aria-describedby=\"caption-attachment-84504\" style=\"width: 728px\" class=\"wp-caption aligncenter\"><img data-recalc-dims=\"1\" decoding=\"async\" class=\"wp-image-84504 size-full\" title=\"(Foto: Reprodu\u00e7\u00e3o\/Band\/Cruel Istambul)\" src=\"https:\/\/i0.wp.com\/www.tvnovelas.com.br\/tvnews\/wp-content\/uploads\/2025\/10\/12247.jpg?resize=728%2C410&#038;ssl=1\" alt=\"Foto em Cruel Istambul: Nedim \u00e9 reconhecido pelo dono da hospedagem\" width=\"728\" height=\"410\" srcset=\"https:\/\/i0.wp.com\/www.tvnovelas.com.br\/tvnews\/wp-content\/uploads\/2025\/10\/12247.jpg?w=728&amp;ssl=1 728w, https:\/\/i0.wp.com\/www.tvnovelas.com.br\/tvnews\/wp-content\/uploads\/2025\/10\/12247.jpg?resize=250%2C141&amp;ssl=1 250w\" sizes=\"(max-width: 728px) 100vw, 728px\" \/><figcaption id=\"caption-attachment-84504\" class=\"wp-caption-text\">Cruel Istambul: Nedim \u00e9 reconhecido pelo dono da hospedagem<\/figcaption><\/figure>\n<p>No cap\u00edtulo de Cruel Istambul desta quinta, 23, Nedim \u00e9 reconhecido pelo dono do estabelecimento em que est\u00e3o hospedados.<\/p>\n<p>Ap\u00f3s conseguir se refugiar em um estabelecimento ao lado de Cemre, Nedim acredita estar a salvo das persegui\u00e7\u00f5es e do controle da fam\u00edlia Karacay. No entanto, o clima de tranquilidade dura pouco.<\/p>\n<p>Durante a estadia, o dono do local come\u00e7a a desconfiar da identidade de Nedim. Observando seu comportamento reservado e reconhecendo seu rosto de not\u00edcias antigas, o homem acaba se lembrando de quem ele \u00e9: o herdeiro da poderosa fam\u00edlia envolvida em um esc\u00e2ndalo em Istambul.<\/p>\n<p>O reconhecimento deixa Nedim e Cemre em p\u00e2nico, pois o segredo de sua fuga corre o risco de ser descoberto. Com medo de serem denunciados, os dois precisam agir rapidamente para decidir se continuar\u00e3o escondidos ou se buscar\u00e3o outro lugar para se abrigar.<\/p>\n<p>Confira o resumo do cap\u00edtulo de hoje:<\/p>\n<h2 style=\"color: #9e1c60;\">Resumo de quinta-feira, 23 de outubro<\/h2>\n<p>Cemre vive instantes de tens\u00e3o, temendo ser localizada. Agah acusa Civan de ajudar na fuga. Diante dos policiais, Ceren responsabiliza Seher por acobertar o suposto sequestro. Damla defende Civan perante Agah. Nedim \u00e9 reconhecido pelo dono do estabelecimento em que est\u00e3o hospedados. Cenk encontra Cemre, que se esfor\u00e7a para escapar. O perigo aumenta quando Nedim \u00e9 roubado. Arrependida de ter mentido em rela\u00e7\u00e3o a Seher, Ceren se recusa a comer.<\/p>\n<p><!--FIM--><a href=\"https:\/\/wp.me\/p8dmjy-cmp\" target=\"_blank\" rel=\"noopener\">Resumos dos cap\u00edtulos de Cruel Istambul<\/a><br \/>\n<div class=\"pt-cv-wrapper\"><h2 class='pt-cv-heading-container heading2' data-blockid='b265921794'><span class='pt-cv-heading'> \u00daltimas da Novela <\/span><\/h2><div class=\"pt-cv-view pt-cv-grid pt-cv-colsys\" id=\"pt-cv-view-b265921794\"><div data-id=\"pt-cv-page-1\" class=\"pt-cv-page\" data-cvc=\"1\"><div class=\"col-md-12 col-sm-12 col-xs-12 pt-cv-content-item pt-cv-1-col\" ><div class='pt-cv-ifield'><h4 class=\"pt-cv-title\"><a href=\"https:\/\/www.tvnovelas.com.br\/tvnews\/cruel-istambul-os-ultimos-momentos-de-cenk\/\" class=\"_blank\" target=\"_blank\" >Cruel Istambul: Os \u00faltimos momentos de Cenk<\/a><\/h4><\/div><\/div>\n<div class=\"col-md-12 col-sm-12 col-xs-12 pt-cv-content-item pt-cv-1-col\" ><div class='pt-cv-ifield'><h4 class=\"pt-cv-title\"><a href=\"https:\/\/www.tvnovelas.com.br\/tvnews\/cruel-istambul-cemre-se-encontra-com-o-pai\/\" class=\"_blank\" target=\"_blank\" >Cruel Istambul: Cemre se encontra com o pai<\/a><\/h4><\/div><\/div>\n<div class=\"col-md-12 col-sm-12 col-xs-12 pt-cv-content-item pt-cv-1-col\" ><div class='pt-cv-ifield'><h4 class=\"pt-cv-title\"><a href=\"https:\/\/www.tvnovelas.com.br\/tvnews\/cruel-istambul-cemre-quer-saber-quem-e-seu-pai\/\" class=\"_blank\" target=\"_blank\" >Cruel Istambul: Cemre quer saber quem \u00e9 seu pai!<\/a><\/h4><\/div><\/div>\n<div class=\"col-md-12 col-sm-12 col-xs-12 pt-cv-content-item pt-cv-1-col\" ><div class='pt-cv-ifield'><h4 class=\"pt-cv-title\"><a href=\"https:\/\/www.tvnovelas.com.br\/tvnews\/cruel-istambul-cenk-confronta-seniz\/\" class=\"_blank\" target=\"_blank\" >Cruel Istambul: Cenk confronta Seniz<\/a><\/h4><\/div><\/div>\n<div class=\"col-md-12 col-sm-12 col-xs-12 pt-cv-content-item pt-cv-1-col\" ><div class='pt-cv-ifield'><h4 class=\"pt-cv-title\"><a href=\"https:\/\/www.tvnovelas.com.br\/tvnews\/cruel-istambul-o-estrago-de-ceren-tres-mortes-na-mansao\/\" class=\"_blank\" target=\"_blank\" >Cruel Istambul: O estrago de Ceren: tr\u00eas mortes na mans\u00e3o<\/a><\/h4><\/div><\/div><\/div><\/div><\/div><\/p>\n<div style=\"font-size: 150%;\"><h3>Confira tamb\u00e9m<\/h3>\r\n<a href=\"https:\/\/tvnovelas.com.br\/novelas\/\" rel=\"noopener\" target=\"_blank\"><strong>Todos os resumos de novelas<\/strong><\/a><\/br>\r\n<a href=\"https:\/\/www.tvnovelas.com.br\/tvnews\/\" rel=\"noopener\" target=\"_blank\"><strong>\u00daltimas not\u00edcias das novelas<\/strong><\/a><\/br>\r\n<a href=\"https:\/\/www.tvnovelas.com.br\/filmes\/\" target=\"_blank\" rel=\"noopener noreferrer\"><strong>Programa\u00e7\u00e3o de filmes na TV aberta<\/strong><\/a><\/br>\r\n<a href=\"https:\/\/caetenews.com.br\/semana\/filmes-da-globo-na-sessao-da-tarde-desta-semana\/\" target=\"_blank\" rel=\"noopener\"><strong>Confira os filmes da semana na Sess\u00e3o da Tarde<\/strong><\/a><\/br>\r\n<a href=\"https:\/\/classindportal.mj.gov.br\/consulta-filmes\" target=\"_blank\" rel=\"noopener\"><strong>Consulte a classifica\u00e7\u00e3o indicativa dos filmes e novelas<\/strong><\/a><\/br><\/div>\n","protected":false},"excerpt":{"rendered":"<p>Cruel Istambul: Nedim \u00e9 reconhecido&#8230;  No cap\u00edtulo de Cruel Istambul desta quinta, 23, Nedim \u00e9 reconhecido pelo dono do estabelecimento&#8230;<\/p>\n","protected":false},"author":1,"featured_media":84504,"comment_status":"closed","ping_status":"closed","sticky":false,"template":"","format":"standard","meta":{"_uf_show_specific_survey":0,"_uf_disable_surveys":false,"_jetpack_memberships_contains_paid_content":false,"footnotes":"","_wp_rev_ctl_limit":""},"categories":[990],"tags":[43,991,64],"class_list":["post-84503","post","type-post","status-publish","format-standard","has-post-thumbnail","hentry","category-cruel-istambul","tag-band","tag-cruel-istambul","tag-novelas","wpcat-990-id"],"aioseo_notices":[],"jetpack_featured_media_url":"https:\/\/i0.wp.com\/www.tvnovelas.com.br\/tvnews\/wp-content\/uploads\/2025\/10\/12247.jpg?fit=728%2C410&ssl=1","jetpack_shortlink":"https:\/\/wp.me\/pdP2BO-lYX","jetpack_sharing_enabled":true,"_links":{"self":[{"href":"https:\/\/www.tvnovelas.com.br\/tvnews\/wp-json\/wp\/v2\/posts\/84503","targetHints":{"allow":["GET"]}}],"collection":[{"href":"https:\/\/www.tvnovelas.com.br\/tvnews\/wp-json\/wp\/v2\/posts"}],"about":[{"href":"https:\/\/www.tvnovelas.com.br\/tvnews\/wp-json\/wp\/v2\/types\/post"}],"author":[{"embeddable":true,"href":"https:\/\/www.tvnovelas.com.br\/tvnews\/wp-json\/wp\/v2\/users\/1"}],"replies":[{"embeddable":true,"href":"https:\/\/www.tvnovelas.com.br\/tvnews\/wp-json\/wp\/v2\/comments?post=84503"}],"version-history":[{"count":2,"href":"https:\/\/www.tvnovelas.com.br\/tvnews\/wp-json\/wp\/v2\/posts\/84503\/revisions"}],"predecessor-version":[{"id":84506,"href":"https:\/\/www.tvnovelas.com.br\/tvnews\/wp-json\/wp\/v2\/posts\/84503\/revisions\/84506"}],"wp:featuredmedia":[{"embeddable":true,"href":"https:\/\/www.tvnovelas.com.br\/tvnews\/wp-json\/wp\/v2\/media\/84504"}],"wp:attachment":[{"href":"https:\/\/www.tvnovelas.com.br\/tvnews\/wp-json\/wp\/v2\/media?parent=84503"}],"wp:term":[{"taxonomy":"category","embeddable":true,"href":"https:\/\/www.tvnovelas.com.br\/tvnews\/wp-json\/wp\/v2\/categories?post=84503"},{"taxonomy":"post_tag","embeddable":true,"href":"https:\/\/www.tvnovelas.com.br\/tvnews\/wp-json\/wp\/v2\/tags?post=84503"}],"curies":[{"name":"wp","href":"https:\/\/api.w.org\/{rel}","templated":true}]}}