{"id":84508,"date":"2025-10-23T10:41:39","date_gmt":"2025-10-23T13:41:39","guid":{"rendered":"https:\/\/www.tvnovelas.com.br\/tvnews\/?p=84508"},"modified":"2025-10-23T10:41:39","modified_gmt":"2025-10-23T13:41:39","slug":"a-mar-fabian-rompe-de-vez-com-erika","status":"publish","type":"post","link":"https:\/\/www.tvnovelas.com.br\/tvnews\/a-mar-fabian-rompe-de-vez-com-erika\/","title":{"rendered":"A.Mar: Fabian rompe de vez com \u00c9rika"},"content":{"rendered":"<figure id=\"attachment_84509\" aria-describedby=\"caption-attachment-84509\" style=\"width: 728px\" class=\"wp-caption aligncenter\"><img data-recalc-dims=\"1\" decoding=\"async\" class=\"wp-image-84509 size-full\" title=\"(Foto: SBT\/Televisa\/A.Mar)\" src=\"https:\/\/i0.wp.com\/www.tvnovelas.com.br\/tvnews\/wp-content\/uploads\/2025\/10\/12248.jpg?resize=728%2C409&#038;ssl=1\" alt=\"Foto em A.Mar: Fabian rompe de vez com \u00c9rika\" width=\"728\" height=\"409\" srcset=\"https:\/\/i0.wp.com\/www.tvnovelas.com.br\/tvnews\/wp-content\/uploads\/2025\/10\/12248.jpg?w=728&amp;ssl=1 728w, https:\/\/i0.wp.com\/www.tvnovelas.com.br\/tvnews\/wp-content\/uploads\/2025\/10\/12248.jpg?resize=250%2C140&amp;ssl=1 250w\" sizes=\"(max-width: 728px) 100vw, 728px\" \/><figcaption id=\"caption-attachment-84509\" class=\"wp-caption-text\">A.Mar: Fabian rompe de vez com \u00c9rika<\/figcaption><\/figure>\n<p>No cap\u00edtulo de A.Mar desta quinta, dia 23, Fabian agradece a \u00c9rika por tudo o que faz por sua filha, mas deixa claro que n\u00e3o a ama e que nunca voltar\u00e3o a ser um casal.<\/p>\n<p>Erika, visivelmente afetada, se recusa a aceitar a decis\u00e3o dele e o relembra dos momentos que compartilharam juntos, mas Fabi\u00e1n permanece firme. Segundo ele, o relacionamento deles pertence ao passado e n\u00e3o h\u00e1 como recuperar o que foi perdido.<\/p>\n<p>Depois, \u00c9rika diz a Estrela que, sem Fabian, prefere tirar a pr\u00f3pria vida. Estrela responde que a vida dela n\u00e3o deve girar em torno de um homem.<\/p>\n<p>Estrela fala com Fabian que ele deveria reconsiderar a rela\u00e7\u00e3o com \u00c9rika e n\u00e3o terminar por uma confus\u00e3o. Fabian responde que disse a verdade, que n\u00e3o para de pensar em Estrela e que tem certeza de que ela sente o mesmo, embora negue. Estrela responde que \u00c9rika \u00e9 sua amiga e que jamais se interessaria por ele.<\/p>\n<p>Confira o resumo do cap\u00edtulo de hoje:<\/p>\n<h2 style=\"color: #6b3f69;\">Resumo de quinta-feira, 23 de outubro<\/h2>\n<p>S\u00e9rgio diz ao pai que vai se casar com Beatriz em uma semana, que adiantaram o casamento porque v\u00e3o ser pais. Lorenzo, feliz, diz que assim que o neto nascer deixar\u00e1 a empresa nas m\u00e3os de S\u00e9rgio e se aposentar\u00e1 para aproveitar o neto. Fabian agradece a \u00c9rika por tudo o que faz por sua filha, mas deixa claro que n\u00e3o a ama e que nunca voltar\u00e3o a ser um casal. \u00c9rika, irritada, responde que vai reconquist\u00e1-lo. O doutor Santill\u00e1n diz a S\u00e9rgio que ele \u00e9 est\u00e9ril e, portanto, n\u00e3o pode ser o pai do filho de sua noiva. S\u00e9rgio, furioso, exige que Beatriz diga de quem \u00e9 o filho que ela espera. Ela responde que \u00e9 dele, mas S\u00e9rgio diz que o doutor Santill\u00e1n lhe contou que ele \u00e9 est\u00e9ril. \u00c9rika pergunta a Estrela se ainda sente algo pelo pai de sua filha. Estrela responde que o amou, mas que nunca perdoar\u00e1 o que ele fez: ofereceu dinheiro para que abortasse, e por isso n\u00e3o quer que ele volte \u00e0 sua vida. Beatriz, zombando, diz a S\u00e9rgio que seu pai n\u00e3o precisa saber que o beb\u00ea n\u00e3o \u00e9 dele, e que eles devem seguir com os planos de casamento para que ele receba o imp\u00e9rio que tanto quer. S\u00e9rgio, furioso, a empurra, e Beatriz cai, bate a cabe\u00e7a e morre. S\u00e9rgio ordena a Juan Jos\u00e9 que cuide dos tr\u00e2mites da morte de Beatriz e diga que ele nunca esteve com ela, al\u00e9m de investigar com quem ela o enganava. Juan Jos\u00e9 responde que vai cuidar de tudo. \u00c9rika diz a Estrela que, sem Fabian, prefere tirar a pr\u00f3pria vida. Estrela responde que a vida dela n\u00e3o deve girar em torno de um homem. Estrela fala com Fabian que ele deveria reconsiderar a rela\u00e7\u00e3o com \u00c9rika e n\u00e3o terminar por uma confus\u00e3o. Fabian responde que disse a verdade, que n\u00e3o para de pensar em Estrela e que tem certeza de que ela sente o mesmo, embora negue. Estrela responde que \u00c9rika \u00e9 sua amiga e que jamais se interessaria por ele. Marina diz a Gabriel que acabou de se lembrar que teve um beb\u00ea chamado Nicolas, mas n\u00e3o lembra onde ele pode estar. Ele garante que ir\u00e3o encontr\u00e1-lo.<\/p>\n<p><!--FIM--><br \/>\n<a href=\"https:\/\/tvnovelas.com.br\/novelas\/resumo-de-novelas-a-mar\/\" target=\"_blank\" rel=\"noopener\">Resumos dos cap\u00edtulos da semana de A.Mar<\/a><br \/>\n<div class=\"pt-cv-wrapper\"><h2 class='pt-cv-heading-container heading2' data-blockid='ab488fdp2g'><span class='pt-cv-heading'> \u00daltimas da Novela <\/span><\/h2><div class=\"pt-cv-view pt-cv-grid pt-cv-colsys\" id=\"pt-cv-view-ab488fdp2g\"><div data-id=\"pt-cv-page-1\" class=\"pt-cv-page\" data-cvc=\"1\"><div class=\"col-md-12 col-sm-12 col-xs-12 pt-cv-content-item pt-cv-1-col\" ><div class='pt-cv-ifield'><h4 class=\"pt-cv-title\"><a href=\"https:\/\/www.tvnovelas.com.br\/tvnews\/a-mar-estrela-reune-moradores-para-barrar-maquinario-de-sergio\/\" class=\"_self\" target=\"_self\" >A.Mar: Estrela re\u00fane moradores para barrar m\u00e1quin\u00e1rio de S\u00e9rgio<\/a><\/h4><\/div><\/div>\n<div class=\"col-md-12 col-sm-12 col-xs-12 pt-cv-content-item pt-cv-1-col\" ><div class='pt-cv-ifield'><h4 class=\"pt-cv-title\"><a href=\"https:\/\/www.tvnovelas.com.br\/tvnews\/a-mar-erika-inocenta-fabian-e-ulises\/\" class=\"_self\" target=\"_self\" >A.Mar: \u00c9rika inocenta Fabian e Ulises<\/a><\/h4><\/div><\/div>\n<div class=\"col-md-12 col-sm-12 col-xs-12 pt-cv-content-item pt-cv-1-col\" ><div class='pt-cv-ifield'><h4 class=\"pt-cv-title\"><a href=\"https:\/\/www.tvnovelas.com.br\/tvnews\/a-mar-erika-confessa-a-fabian-que-mentiu-sobre-gravidez\/\" class=\"_self\" target=\"_self\" >A.Mar: \u00c9rika confessa a Fabian que mentiu sobre gravidez<\/a><\/h4><\/div><\/div><\/div><\/div><\/div><\/p>\n<div style=\"font-size: 120%;\"><h3>Confira tamb\u00e9m<\/h3>\r\n<a href=\"https:\/\/tvnovelas.com.br\/novelas\/\" rel=\"noopener\" target=\"_blank\"><strong>Todos os resumos de novelas<\/strong><\/a><\/br>\r\n<a href=\"https:\/\/www.tvnovelas.com.br\/tvnews\/\" rel=\"noopener\" target=\"_blank\"><strong>\u00daltimas not\u00edcias das novelas<\/strong><\/a><\/br>\r\n<a href=\"https:\/\/www.tvnovelas.com.br\/filmes\/\" target=\"_blank\" rel=\"noopener noreferrer\"><strong>Programa\u00e7\u00e3o de filmes na TV aberta<\/strong><\/a><\/br>\r\n<a href=\"https:\/\/caetenews.com.br\/semana\/filmes-da-globo-na-sessao-da-tarde-desta-semana\/\" target=\"_blank\" rel=\"noopener\"><strong>Confira os filmes da semana na Sess\u00e3o da Tarde<\/strong><\/a><\/br>\r\n<a href=\"https:\/\/classindportal.mj.gov.br\/consulta-filmes\" target=\"_blank\" rel=\"noopener\"><strong>Consulte a classifica\u00e7\u00e3o indicativa dos filmes e novelas<\/strong><\/a><\/br><\/div>\n<p><a href=\"https:\/\/tvnovelas.com.br\/page2\/arquivo\/a-mar-conflitos-tragedia-e-drama-na-historia-de-estrela\/\" target=\"_blank\" rel=\"noopener\">A.Mar: Conhe\u00e7a a hist\u00f3ria da novela<\/a><\/p>\n","protected":false},"excerpt":{"rendered":"<p>A.Mar: Fabian rompe de vez com \u00c9rika&#8230; No cap\u00edtulo de A.Mar desta quinta, dia 23, Fabian agradece a \u00c9rika por tudo o que faz por sua filha, mas deixa&#8230;<\/p>\n","protected":false},"author":1,"featured_media":84509,"comment_status":"closed","ping_status":"closed","sticky":false,"template":"","format":"standard","meta":{"_uf_show_specific_survey":0,"_uf_disable_surveys":false,"_jetpack_memberships_contains_paid_content":false,"footnotes":"","_wp_rev_ctl_limit":""},"categories":[1003],"tags":[1004,64,13],"class_list":["post-84508","post","type-post","status-publish","format-standard","has-post-thumbnail","hentry","category-a-mar","tag-a-mar","tag-novelas","tag-sbt","wpcat-1003-id"],"aioseo_notices":[],"jetpack_featured_media_url":"https:\/\/i0.wp.com\/www.tvnovelas.com.br\/tvnews\/wp-content\/uploads\/2025\/10\/12248.jpg?fit=728%2C409&ssl=1","jetpack_shortlink":"https:\/\/wp.me\/pdP2BO-lZ2","jetpack_sharing_enabled":true,"_links":{"self":[{"href":"https:\/\/www.tvnovelas.com.br\/tvnews\/wp-json\/wp\/v2\/posts\/84508","targetHints":{"allow":["GET"]}}],"collection":[{"href":"https:\/\/www.tvnovelas.com.br\/tvnews\/wp-json\/wp\/v2\/posts"}],"about":[{"href":"https:\/\/www.tvnovelas.com.br\/tvnews\/wp-json\/wp\/v2\/types\/post"}],"author":[{"embeddable":true,"href":"https:\/\/www.tvnovelas.com.br\/tvnews\/wp-json\/wp\/v2\/users\/1"}],"replies":[{"embeddable":true,"href":"https:\/\/www.tvnovelas.com.br\/tvnews\/wp-json\/wp\/v2\/comments?post=84508"}],"version-history":[{"count":2,"href":"https:\/\/www.tvnovelas.com.br\/tvnews\/wp-json\/wp\/v2\/posts\/84508\/revisions"}],"predecessor-version":[{"id":84511,"href":"https:\/\/www.tvnovelas.com.br\/tvnews\/wp-json\/wp\/v2\/posts\/84508\/revisions\/84511"}],"wp:featuredmedia":[{"embeddable":true,"href":"https:\/\/www.tvnovelas.com.br\/tvnews\/wp-json\/wp\/v2\/media\/84509"}],"wp:attachment":[{"href":"https:\/\/www.tvnovelas.com.br\/tvnews\/wp-json\/wp\/v2\/media?parent=84508"}],"wp:term":[{"taxonomy":"category","embeddable":true,"href":"https:\/\/www.tvnovelas.com.br\/tvnews\/wp-json\/wp\/v2\/categories?post=84508"},{"taxonomy":"post_tag","embeddable":true,"href":"https:\/\/www.tvnovelas.com.br\/tvnews\/wp-json\/wp\/v2\/tags?post=84508"}],"curies":[{"name":"wp","href":"https:\/\/api.w.org\/{rel}","templated":true}]}}