{"id":84537,"date":"2025-10-24T09:07:13","date_gmt":"2025-10-24T12:07:13","guid":{"rendered":"https:\/\/www.tvnovelas.com.br\/tvnews\/?p=84537"},"modified":"2025-10-24T09:07:13","modified_gmt":"2025-10-24T12:07:13","slug":"a-mar-estrela-corta-nova-investida-de-fabian","status":"publish","type":"post","link":"https:\/\/www.tvnovelas.com.br\/tvnews\/a-mar-estrela-corta-nova-investida-de-fabian\/","title":{"rendered":"A.Mar: Estrela corta nova investida de Fabian"},"content":{"rendered":"<figure id=\"attachment_84538\" aria-describedby=\"caption-attachment-84538\" style=\"width: 728px\" class=\"wp-caption aligncenter\"><img data-recalc-dims=\"1\" decoding=\"async\" class=\"wp-image-84538 size-full\" title=\"(Foto: SBT\/Televisa\/A.Mar)\" src=\"https:\/\/i0.wp.com\/www.tvnovelas.com.br\/tvnews\/wp-content\/uploads\/2025\/10\/12255.jpg?resize=728%2C409&#038;ssl=1\" alt=\"Foto em A.Mar: Estrela corta nova investida de Fabian\" width=\"728\" height=\"409\" srcset=\"https:\/\/i0.wp.com\/www.tvnovelas.com.br\/tvnews\/wp-content\/uploads\/2025\/10\/12255.jpg?w=728&amp;ssl=1 728w, https:\/\/i0.wp.com\/www.tvnovelas.com.br\/tvnews\/wp-content\/uploads\/2025\/10\/12255.jpg?resize=250%2C140&amp;ssl=1 250w\" sizes=\"(max-width: 728px) 100vw, 728px\" \/><figcaption id=\"caption-attachment-84538\" class=\"wp-caption-text\">A.Mar: Estrela corta nova investida de Fabian<\/figcaption><\/figure>\n<p>No cap\u00edtulo de A.Mar desta sexta, dia 24, Fabian esclarece a Estrela que sua rela\u00e7\u00e3o com \u00c9rika terminou antes de ela chegar, que ama Estrela e tem certeza de que ela sente o mesmo, mesmo que negue.<\/p>\n<p>Fabi\u00e1n explica que nunca chegou a se apaixonar verdadeiramente por \u00c9rika, e que o que houve entre eles foi apenas uma tentativa frustrada de relacionamento. Ele refor\u00e7a que, desde que conheceu Estrella, seus sentimentos mudaram completamente e que agora ela \u00e9 a \u00fanica mulher que ele ama e com quem quer estar.<\/p>\n<p>Estrela responde que \u00c9rika \u00e9 sua melhor amiga e que n\u00e3o quer machuc\u00e1-la.<\/p>\n<p>Confira o resumo do cap\u00edtulo de hoje:<\/p>\n<h2 style=\"color: #6b3f69;\">Resumo de sexta-feira, 24 de outubro<\/h2>\n<p>Fabian esclarece a Estrela que sua rela\u00e7\u00e3o com \u00c9rika terminou antes de ela chegar, que nunca se apaixonou por \u00c9rika, que ama Estrela e tem certeza de que ela sente o mesmo, mesmo que negue. Estrela responde que \u00c9rika \u00e9 sua melhor amiga e que n\u00e3o quer machuc\u00e1-la. Brisa se enfurece quando Fabian diz que Gabriel e Marina n\u00e3o poder\u00e3o voltar porque o mar est\u00e1 muito agitado e perigoso. Brisa, furiosa, diz que com certeza Marina planejou tudo para enganar seu noivo. Perla, zombando, comenta que Marina provavelmente provocou a tempestade com seus poderes de sereia. Lorenzo oferece condol\u00eancias a S\u00e9rgio pela morte de Beatriz; S\u00e9rgio, hip\u00f3crita, responde que estava muito animado com os preparativos do casamento. Lorenzo diz que continuar\u00e1 \u00e0 frente de sua empresa indefinidamente. Fabian revela a Yasmin que sua av\u00f3 est\u00e1 gravemente doente; ela, chorosa, culpa-se caso a av\u00f3 morra por t\u00ea-la afastado dela. Estrela conta \u00e0 sua m\u00e3e que Azul gostaria de ter tido o pai por perto e teme querer conhec\u00ea-lo. Mercedes responde que esse momento chegar\u00e1. Estrela acrescenta que S\u00e9rgio n\u00e3o queria que ela nascesse, por isso lhe deu um cheque para abortar, e que n\u00e3o quer que Azul se iluda e se machuque. Eder e Azul procuram informa\u00e7\u00f5es sobre S\u00e9rgio Falcon. \u00c9rika percebe e consegue o n\u00famero de celular, avisando \u00e0s crian\u00e7as que ningu\u00e9m pode saber que ela est\u00e1 ajudando. S\u00e9rgio continua lembrando que \u00e9 est\u00e9ril e que seu pai n\u00e3o deixar\u00e1 a empresa se ele n\u00e3o tiver um filho. Ele se surpreende ao receber a liga\u00e7\u00e3o de Azul dizendo que \u00e9 sua filha. Brisa tenta se aproximar de Eder, mas ele a rejeita e diz que, por culpa dela, Marina n\u00e3o viver\u00e1 mais em sua casa. Chorando, Eder responde que ela jamais ocupar\u00e1 o lugar de sua m\u00e3e e que tamb\u00e9m n\u00e3o esquecer\u00e1 Marina.<\/p>\n<p><!--FIM--><br \/>\n<a href=\"https:\/\/tvnovelas.com.br\/novelas\/resumo-de-novelas-a-mar\/\" target=\"_blank\" rel=\"noopener\">Resumos dos cap\u00edtulos da semana de A.Mar<\/a><br \/>\n<div class=\"pt-cv-wrapper\"><h2 class='pt-cv-heading-container heading2' data-blockid='ab488fdp2g'><span class='pt-cv-heading'> \u00daltimas da Novela <\/span><\/h2><div class=\"pt-cv-view pt-cv-grid pt-cv-colsys\" id=\"pt-cv-view-ab488fdp2g\"><div data-id=\"pt-cv-page-1\" class=\"pt-cv-page\" data-cvc=\"1\"><div class=\"col-md-12 col-sm-12 col-xs-12 pt-cv-content-item pt-cv-1-col\" ><div class='pt-cv-ifield'><h4 class=\"pt-cv-title\"><a href=\"https:\/\/www.tvnovelas.com.br\/tvnews\/a-mar-estrela-reune-moradores-para-barrar-maquinario-de-sergio\/\" class=\"_self\" target=\"_self\" >A.Mar: Estrela re\u00fane moradores para barrar m\u00e1quin\u00e1rio de S\u00e9rgio<\/a><\/h4><\/div><\/div>\n<div class=\"col-md-12 col-sm-12 col-xs-12 pt-cv-content-item pt-cv-1-col\" ><div class='pt-cv-ifield'><h4 class=\"pt-cv-title\"><a href=\"https:\/\/www.tvnovelas.com.br\/tvnews\/a-mar-erika-inocenta-fabian-e-ulises\/\" class=\"_self\" target=\"_self\" >A.Mar: \u00c9rika inocenta Fabian e Ulises<\/a><\/h4><\/div><\/div>\n<div class=\"col-md-12 col-sm-12 col-xs-12 pt-cv-content-item pt-cv-1-col\" ><div class='pt-cv-ifield'><h4 class=\"pt-cv-title\"><a href=\"https:\/\/www.tvnovelas.com.br\/tvnews\/a-mar-erika-confessa-a-fabian-que-mentiu-sobre-gravidez\/\" class=\"_self\" target=\"_self\" >A.Mar: \u00c9rika confessa a Fabian que mentiu sobre gravidez<\/a><\/h4><\/div><\/div><\/div><\/div><\/div><\/p>\n<div style=\"font-size: 120%;\"><h3>Confira tamb\u00e9m<\/h3>\r\n<a href=\"https:\/\/tvnovelas.com.br\/novelas\/\" rel=\"noopener\" target=\"_blank\"><strong>Todos os resumos de novelas<\/strong><\/a><\/br>\r\n<a href=\"https:\/\/www.tvnovelas.com.br\/tvnews\/\" rel=\"noopener\" target=\"_blank\"><strong>\u00daltimas not\u00edcias das novelas<\/strong><\/a><\/br>\r\n<a href=\"https:\/\/www.tvnovelas.com.br\/filmes\/\" target=\"_blank\" rel=\"noopener noreferrer\"><strong>Programa\u00e7\u00e3o de filmes na TV aberta<\/strong><\/a><\/br>\r\n<a href=\"https:\/\/caetenews.com.br\/semana\/filmes-da-globo-na-sessao-da-tarde-desta-semana\/\" target=\"_blank\" rel=\"noopener\"><strong>Confira os filmes da semana na Sess\u00e3o da Tarde<\/strong><\/a><\/br>\r\n<a href=\"https:\/\/classindportal.mj.gov.br\/consulta-filmes\" target=\"_blank\" rel=\"noopener\"><strong>Consulte a classifica\u00e7\u00e3o indicativa dos filmes e novelas<\/strong><\/a><\/br><\/div>\n<p><a href=\"https:\/\/tvnovelas.com.br\/page2\/arquivo\/a-mar-conflitos-tragedia-e-drama-na-historia-de-estrela\/\" target=\"_blank\" rel=\"noopener\">A.Mar: Conhe\u00e7a a hist\u00f3ria da novela<\/a><\/p>\n","protected":false},"excerpt":{"rendered":"<p>A.Mar: Estrela corta nova investida&#8230; No cap\u00edtulo de A.Mar desta sexta, dia 24, Fabian esclarece a Estrela que sua rela\u00e7\u00e3o com \u00c9rika terminou antes&#8230;<\/p>\n","protected":false},"author":1,"featured_media":84538,"comment_status":"closed","ping_status":"closed","sticky":false,"template":"","format":"standard","meta":{"_uf_show_specific_survey":0,"_uf_disable_surveys":false,"_jetpack_memberships_contains_paid_content":false,"footnotes":"","_wp_rev_ctl_limit":""},"categories":[1003],"tags":[1004,64,13],"class_list":["post-84537","post","type-post","status-publish","format-standard","has-post-thumbnail","hentry","category-a-mar","tag-a-mar","tag-novelas","tag-sbt","wpcat-1003-id"],"aioseo_notices":[],"jetpack_featured_media_url":"https:\/\/i0.wp.com\/www.tvnovelas.com.br\/tvnews\/wp-content\/uploads\/2025\/10\/12255.jpg?fit=728%2C409&ssl=1","jetpack_shortlink":"https:\/\/wp.me\/pdP2BO-lZv","jetpack_sharing_enabled":true,"_links":{"self":[{"href":"https:\/\/www.tvnovelas.com.br\/tvnews\/wp-json\/wp\/v2\/posts\/84537","targetHints":{"allow":["GET"]}}],"collection":[{"href":"https:\/\/www.tvnovelas.com.br\/tvnews\/wp-json\/wp\/v2\/posts"}],"about":[{"href":"https:\/\/www.tvnovelas.com.br\/tvnews\/wp-json\/wp\/v2\/types\/post"}],"author":[{"embeddable":true,"href":"https:\/\/www.tvnovelas.com.br\/tvnews\/wp-json\/wp\/v2\/users\/1"}],"replies":[{"embeddable":true,"href":"https:\/\/www.tvnovelas.com.br\/tvnews\/wp-json\/wp\/v2\/comments?post=84537"}],"version-history":[{"count":1,"href":"https:\/\/www.tvnovelas.com.br\/tvnews\/wp-json\/wp\/v2\/posts\/84537\/revisions"}],"predecessor-version":[{"id":84539,"href":"https:\/\/www.tvnovelas.com.br\/tvnews\/wp-json\/wp\/v2\/posts\/84537\/revisions\/84539"}],"wp:featuredmedia":[{"embeddable":true,"href":"https:\/\/www.tvnovelas.com.br\/tvnews\/wp-json\/wp\/v2\/media\/84538"}],"wp:attachment":[{"href":"https:\/\/www.tvnovelas.com.br\/tvnews\/wp-json\/wp\/v2\/media?parent=84537"}],"wp:term":[{"taxonomy":"category","embeddable":true,"href":"https:\/\/www.tvnovelas.com.br\/tvnews\/wp-json\/wp\/v2\/categories?post=84537"},{"taxonomy":"post_tag","embeddable":true,"href":"https:\/\/www.tvnovelas.com.br\/tvnews\/wp-json\/wp\/v2\/tags?post=84537"}],"curies":[{"name":"wp","href":"https:\/\/api.w.org\/{rel}","templated":true}]}}