{"id":84553,"date":"2025-10-24T13:15:16","date_gmt":"2025-10-24T16:15:16","guid":{"rendered":"https:\/\/www.tvnovelas.com.br\/tvnews\/?p=84553"},"modified":"2025-10-24T13:15:16","modified_gmt":"2025-10-24T16:15:16","slug":"mae-cansu-dere-de-miss-turquia-a-protagonista-da-novela-mae","status":"publish","type":"post","link":"https:\/\/www.tvnovelas.com.br\/tvnews\/mae-cansu-dere-de-miss-turquia-a-protagonista-da-novela-mae\/","title":{"rendered":"M\u00e3e: Cansu Dere, de Miss Turquia a protagonista da novela M\u00e3e"},"content":{"rendered":"<figure id=\"attachment_84554\" aria-describedby=\"caption-attachment-84554\" style=\"width: 728px\" class=\"wp-caption aligncenter\"><img data-recalc-dims=\"1\" decoding=\"async\" class=\"wp-image-84554 size-full\" title=\"(Foto: TV Record\/M\u00e3e)\" src=\"https:\/\/i0.wp.com\/www.tvnovelas.com.br\/tvnews\/wp-content\/uploads\/2025\/10\/12260.jpg?resize=728%2C411&#038;ssl=1\" alt=\"Foto de M\u00e3e: Cansu Dere, de Miss Turquia a protagonista da novela M\u00e3e \" width=\"728\" height=\"411\" srcset=\"https:\/\/i0.wp.com\/www.tvnovelas.com.br\/tvnews\/wp-content\/uploads\/2025\/10\/12260.jpg?w=728&amp;ssl=1 728w, https:\/\/i0.wp.com\/www.tvnovelas.com.br\/tvnews\/wp-content\/uploads\/2025\/10\/12260.jpg?resize=250%2C141&amp;ssl=1 250w\" sizes=\"(max-width: 728px) 100vw, 728px\" \/><figcaption id=\"caption-attachment-84554\" class=\"wp-caption-text\">M\u00e3e: Cansu Dere, de Miss Turquia a protagonista da novela M\u00e3e<\/figcaption><\/figure>\n<p>Antes de conquistar o p\u00fablico com seu talento nas telinhas, Cansu Dere (44 anos) se destacou como modelo e foi eleita Miss Turquia no in\u00edcio dos anos 2000, aos 20 anos. No entanto, por quest\u00f5es pol\u00edticas entre a Turquia e o Chipre, n\u00e3o p\u00f4de participar do Miss Universo naquele ano.<\/p>\n<p>O epis\u00f3dio, por\u00e9m, n\u00e3o impediu que ela se tornasse um dos maiores nomes da televis\u00e3o turca. Formada em Arqueologia pela Universidade de Istambul, ela chegou a atuar no departamento da pr\u00f3pria institui\u00e7\u00e3o antes de seguir a carreira art\u00edstica.<\/p>\n<p>Reconhecida internacionalmente por sua eleg\u00e2ncia e talento, Cansu d\u00e1 vida \u00e0 professora Zeynep, uma jovem reservada e distante em seus relacionamentos. Ap\u00f3s se formar em fotografia, dedica-se ao estudo de aves migrat\u00f3rias. Vive afastada da fam\u00edlia, imersa em seu mundo de p\u00e1ssaros e fotografias. Seu maior desejo \u00e9 participar de um projeto de pesquisa universit\u00e1ria e escrever uma s\u00e9rie de artigos sobre aves migrat\u00f3rias, que, como ela, s\u00e3o n\u00f4mades. Sem sentir pertencimento, ela constr\u00f3i barreiras emocionais para se proteger, at\u00e9 que, com a doen\u00e7a repentina da professora Handan, torna-se professora substituta e conhece Melek, uma menina que vive constantes abusos no meio familiar. Essa conex\u00e3o transforma completamente sua vis\u00e3o sobre o amor.<\/p>\n<p>Dona de uma carreira consolidada, Cansu Dere acumula pr\u00eamios e reconhecimentos, entre eles o Golden<br \/>\nButterfly Awards, por levar o nome da Turquia ao cen\u00e1rio internacional. Agora, Cansu vai encantar o p\u00fablico brasileiro em M\u00e3e, produ\u00e7\u00e3o turca que estreia nesta segunda-feira (27\/10), \u00e0s 21h, na RECORD.<br \/>\n<!--FIM--><br \/>\n<div class=\"pt-cv-wrapper\"><h2 class='pt-cv-heading-container heading2' data-blockid='759454f593'><span class='pt-cv-heading'> \u00daltimas da Novela <\/span><\/h2><div class=\"pt-cv-view pt-cv-grid pt-cv-colsys\" id=\"pt-cv-view-759454f593\"><div data-id=\"pt-cv-page-1\" class=\"pt-cv-page\" data-cvc=\"1\"><div class=\"col-md-12 col-sm-12 col-xs-12 pt-cv-content-item pt-cv-1-col\" ><div class='pt-cv-ifield'><h4 class=\"pt-cv-title\"><a href=\"https:\/\/www.tvnovelas.com.br\/tvnews\/mae-o-destino-final-de-melek-e-zeynep\/\" class=\"_self\" target=\"_self\" >M\u00e3e: O destino final de Melek e Zeynep<\/a><\/h4><\/div><\/div>\n<div class=\"col-md-12 col-sm-12 col-xs-12 pt-cv-content-item pt-cv-1-col\" ><div class='pt-cv-ifield'><h4 class=\"pt-cv-title\"><a href=\"https:\/\/www.tvnovelas.com.br\/tvnews\/mae-zeynep-enfrenta-cengiz\/\" class=\"_self\" target=\"_self\" >M\u00e3e: Zeynep enfrenta Cengiz<\/a><\/h4><\/div><\/div>\n<div class=\"col-md-12 col-sm-12 col-xs-12 pt-cv-content-item pt-cv-1-col\" ><div class='pt-cv-ifield'><h4 class=\"pt-cv-title\"><a href=\"https:\/\/www.tvnovelas.com.br\/tvnews\/mae-cengiz-e-preso-sob-a-acusacao-de-assassinato\/\" class=\"_self\" target=\"_self\" >M\u00e3e: Cengiz \u00e9 preso sob a acusa\u00e7\u00e3o de assassinato<\/a><\/h4><\/div><\/div>\n<div class=\"col-md-12 col-sm-12 col-xs-12 pt-cv-content-item pt-cv-1-col\" ><div class='pt-cv-ifield'><h4 class=\"pt-cv-title\"><a href=\"https:\/\/www.tvnovelas.com.br\/tvnews\/mae-cengiz-assina-documento-renunciando-a-guarda-dos-filhos\/\" class=\"_self\" target=\"_self\" >M\u00e3e: Cengiz assina documento renunciando \u00e0 guarda dos filhos<\/a><\/h4><\/div><\/div>\n<div class=\"col-md-12 col-sm-12 col-xs-12 pt-cv-content-item pt-cv-1-col\" ><div class='pt-cv-ifield'><h4 class=\"pt-cv-title\"><a href=\"https:\/\/www.tvnovelas.com.br\/tvnews\/mae-cengiz-pode-estar-com-os-dias-contados\/\" class=\"_self\" target=\"_self\" >M\u00e3e: Cengiz pode estar com os dias contados<\/a><\/h4><\/div><\/div><\/div><\/div><\/div><br \/>\n&lt;h<\/p>\n<div style=\"font-size: 120%;\"><h3>Confira tamb\u00e9m<\/h3>\r\n<a href=\"https:\/\/tvnovelas.com.br\/novelas\/\" rel=\"noopener\" target=\"_blank\"><strong>Todos os resumos de novelas<\/strong><\/a><\/br>\r\n<a href=\"https:\/\/www.tvnovelas.com.br\/tvnews\/\" rel=\"noopener\" target=\"_blank\"><strong>\u00daltimas not\u00edcias das novelas<\/strong><\/a><\/br>\r\n<a href=\"https:\/\/www.tvnovelas.com.br\/filmes\/\" target=\"_blank\" rel=\"noopener noreferrer\"><strong>Programa\u00e7\u00e3o de filmes na TV aberta<\/strong><\/a><\/br>\r\n<a href=\"https:\/\/caetenews.com.br\/semana\/filmes-da-globo-na-sessao-da-tarde-desta-semana\/\" target=\"_blank\" rel=\"noopener\"><strong>Confira os filmes da semana na Sess\u00e3o da Tarde<\/strong><\/a><\/br>\r\n<a href=\"https:\/\/classindportal.mj.gov.br\/consulta-filmes\" target=\"_blank\" rel=\"noopener\"><strong>Consulte a classifica\u00e7\u00e3o indicativa dos filmes e novelas<\/strong><\/a><\/br><\/div>\n","protected":false},"excerpt":{"rendered":"<p>M\u00e3e: Cansu Dere, de Miss Turquia&#8230; Antes de conquistar o p\u00fablico com seu talento nas telinhas, Cansu Dere (44 anos) se destacou como modelo e foi eleita Miss&#8230;<\/p>\n","protected":false},"author":1,"featured_media":84554,"comment_status":"closed","ping_status":"closed","sticky":false,"template":"","format":"standard","meta":{"_uf_show_specific_survey":0,"_uf_disable_surveys":false,"_jetpack_memberships_contains_paid_content":false,"footnotes":"","_wp_rev_ctl_limit":""},"categories":[1012],"tags":[1014,1013,64,14],"class_list":["post-84553","post","type-post","status-publish","format-standard","has-post-thumbnail","hentry","category-mae","tag-cansu-dere","tag-mae","tag-novelas","tag-record","wpcat-1012-id"],"aioseo_notices":[],"jetpack_featured_media_url":"https:\/\/i0.wp.com\/www.tvnovelas.com.br\/tvnews\/wp-content\/uploads\/2025\/10\/12260.jpg?fit=728%2C411&ssl=1","jetpack_shortlink":"https:\/\/wp.me\/pdP2BO-lZL","jetpack_sharing_enabled":true,"_links":{"self":[{"href":"https:\/\/www.tvnovelas.com.br\/tvnews\/wp-json\/wp\/v2\/posts\/84553","targetHints":{"allow":["GET"]}}],"collection":[{"href":"https:\/\/www.tvnovelas.com.br\/tvnews\/wp-json\/wp\/v2\/posts"}],"about":[{"href":"https:\/\/www.tvnovelas.com.br\/tvnews\/wp-json\/wp\/v2\/types\/post"}],"author":[{"embeddable":true,"href":"https:\/\/www.tvnovelas.com.br\/tvnews\/wp-json\/wp\/v2\/users\/1"}],"replies":[{"embeddable":true,"href":"https:\/\/www.tvnovelas.com.br\/tvnews\/wp-json\/wp\/v2\/comments?post=84553"}],"version-history":[{"count":1,"href":"https:\/\/www.tvnovelas.com.br\/tvnews\/wp-json\/wp\/v2\/posts\/84553\/revisions"}],"predecessor-version":[{"id":84555,"href":"https:\/\/www.tvnovelas.com.br\/tvnews\/wp-json\/wp\/v2\/posts\/84553\/revisions\/84555"}],"wp:featuredmedia":[{"embeddable":true,"href":"https:\/\/www.tvnovelas.com.br\/tvnews\/wp-json\/wp\/v2\/media\/84554"}],"wp:attachment":[{"href":"https:\/\/www.tvnovelas.com.br\/tvnews\/wp-json\/wp\/v2\/media?parent=84553"}],"wp:term":[{"taxonomy":"category","embeddable":true,"href":"https:\/\/www.tvnovelas.com.br\/tvnews\/wp-json\/wp\/v2\/categories?post=84553"},{"taxonomy":"post_tag","embeddable":true,"href":"https:\/\/www.tvnovelas.com.br\/tvnews\/wp-json\/wp\/v2\/tags?post=84553"}],"curies":[{"name":"wp","href":"https:\/\/api.w.org\/{rel}","templated":true}]}}