{"id":84583,"date":"2025-10-25T08:53:19","date_gmt":"2025-10-25T11:53:19","guid":{"rendered":"https:\/\/www.tvnovelas.com.br\/tvnews\/?p=84583"},"modified":"2025-10-25T08:53:19","modified_gmt":"2025-10-25T11:53:19","slug":"dona-de-mim-filipa-fica-com-a-guarda-de-sofia","status":"publish","type":"post","link":"https:\/\/www.tvnovelas.com.br\/tvnews\/dona-de-mim-filipa-fica-com-a-guarda-de-sofia\/","title":{"rendered":"Dona de Mim: Filipa fica com a guarda de Sofia"},"content":{"rendered":"<figure id=\"attachment_84585\" aria-describedby=\"caption-attachment-84585\" style=\"width: 728px\" class=\"wp-caption aligncenter\"><img data-recalc-dims=\"1\" decoding=\"async\" class=\"wp-image-84585 size-full\" title=\"(Foto: TV Globo\/Dona de Mim)\" src=\"https:\/\/i0.wp.com\/www.tvnovelas.com.br\/tvnews\/wp-content\/uploads\/2025\/10\/12266.jpg?resize=728%2C410&#038;ssl=1\" alt=\"Foto em Dona de Mim: Filipa fica com a guarda de Sofia\" width=\"728\" height=\"410\" srcset=\"https:\/\/i0.wp.com\/www.tvnovelas.com.br\/tvnews\/wp-content\/uploads\/2025\/10\/12266.jpg?w=728&amp;ssl=1 728w, https:\/\/i0.wp.com\/www.tvnovelas.com.br\/tvnews\/wp-content\/uploads\/2025\/10\/12266.jpg?resize=250%2C141&amp;ssl=1 250w\" sizes=\"(max-width: 728px) 100vw, 728px\" \/><figcaption id=\"caption-attachment-84585\" class=\"wp-caption-text\">Dona de Mim: Filipa fica com a guarda de Sofia<\/figcaption><\/figure>\n<p>Em Dona de Mim, Chega o dia da audi\u00eancia que vai decidir com quem Sofia (Elis Cabral) ir\u00e1 ficar. A menina se mostrar\u00e1 apreensiva, e Samuel (Juan Paiva) e Filipa (Cl\u00e1udia Abreu) trocar\u00e3o farpas ainda na mans\u00e3o. E, nos pr\u00f3ximos cap\u00edtulos de Dona de Mim, a ju\u00edza ir\u00e1 dar a guarda de Sofia para a madrasta, ou seja, Filipa. Jaques (Marcello Novaes), ficar\u00e1 radiante com a \u201cvit\u00f3ria\u201d na Justi\u00e7a.<\/p>\n<p>\u201cVou aproveitar pra dizer pros dois que eu vou defender a guarda da Sofia com unhas e dentes. Eu t\u00f4 fazendo isso por ela, pela Rosa tamb\u00e9m. N\u00e3o \u00e9 pela Boaz, por voc\u00eas, pra compactuar com nada. Entenderam?\u201d, diz Filipa para Samuel e Jaques.<\/p>\n<p>Na audi\u00eancia, a ju\u00edza chamar\u00e1 Leo para depor, e, emocionada, ela falar\u00e1 sobre sua rela\u00e7\u00e3o com Sofia.<\/p>\n<p>\u201cEla me chama de leoa. E \u00e9 isso que eu t\u00f4 disposta a ser. Por isso assumi a guarda tempor\u00e1ria quando ningu\u00e9m mais podia. Eu sei que o certo \u00e9 a guarda da Sofia voltar pra fam\u00edlia. Isso nunca devia nem ter mudado. O Abel sempre foi o pai dela. Mas isso n\u00e3o significa que \u00e9 f\u00e1cil pra mim. Que ver a Sofia sofrendo com mais essa mudan\u00e7a n\u00e3o mexe comigo.\u201d<\/p>\n<p>Depois, a ju\u00edza ouvir\u00e1 os advogados de ambas as partes e, ent\u00e3o, dar\u00e1 o seu veredicto.<\/p>\n<p>\u201cOuvidas todas as partes envolvidas e tamb\u00e9m a promotoria do Minist\u00e9rio P\u00fablico, nomeio como tutora e guardi\u00e3 da menor Sofia a senhora Filipa Guimar\u00e3es Boaz\u201d, decreta.<\/p>\n<p>Jaques, claro, ficar\u00e1 radiante por agora contar com a parte de Sofia na Boaz.<\/p>\n<p>\u201cVou correr pra casa e dar a boa not\u00edcia pra minha m\u00e3e\u201d, diz o vil\u00e3o.<br \/>\n<!--FIM--><br \/>\n<a href=\"https:\/\/tvnovelas.com.br\/novelas\/resumos-de-dona-de-mim-da-proxima-semana\/\" target=\"_blank\" rel=\"noopener\">Resumos dos cap\u00edtulos de Dona de Mim<\/a><br \/>\n<div class=\"pt-cv-wrapper\"><h2 class='pt-cv-heading-container heading2' data-blockid='9b88c0b6t2'><span class='pt-cv-heading'> \u00daltimas da novela <\/span><\/h2><div class=\"pt-cv-view pt-cv-grid pt-cv-colsys\" id=\"pt-cv-view-9b88c0b6t2\"><div data-id=\"pt-cv-page-1\" class=\"pt-cv-page\" data-cvc=\"1\"><div class=\"col-md-12 col-sm-12 col-xs-12 pt-cv-content-item pt-cv-1-col\" ><div class='pt-cv-ifield'><h4 class=\"pt-cv-title\"><a href=\"https:\/\/www.tvnovelas.com.br\/tvnews\/dona-de-mim-abel-aparece-e-salva-sofia-do-incendio\/\" class=\"_blank\" target=\"_blank\" >Dona de Mim: Abel \u2018aparece&#8217; e salva Sofia do inc\u00eandio<\/a><\/h4><\/div><\/div>\n<div class=\"col-md-12 col-sm-12 col-xs-12 pt-cv-content-item pt-cv-1-col\" ><div class='pt-cv-ifield'><h4 class=\"pt-cv-title\"><a href=\"https:\/\/www.tvnovelas.com.br\/tvnews\/dona-de-mim-jaques-coloca-fogo-na-boaz\/\" class=\"_blank\" target=\"_blank\" >Dona de Mim: Jaques coloca fogo na Boaz<\/a><\/h4><\/div><\/div>\n<div class=\"col-md-12 col-sm-12 col-xs-12 pt-cv-content-item pt-cv-1-col\" ><div class='pt-cv-ifield'><h4 class=\"pt-cv-title\"><a href=\"https:\/\/www.tvnovelas.com.br\/tvnews\/dona-de-mim-davi-e-barbara-sofrem-grave-acidente\/\" class=\"_blank\" target=\"_blank\" >Dona de Mim: Davi e B\u00e1rbara sofrem grave acidente<\/a><\/h4><\/div><\/div><\/div><\/div><\/div><\/p>\n<div style=\"font-size: 150%;\"><h3>Confira tamb\u00e9m<\/h3>\r\n<a href=\"https:\/\/tvnovelas.com.br\/novelas\/\" rel=\"noopener\" target=\"_blank\"><strong>Todos os resumos de novelas<\/strong><\/a><\/br>\r\n<a href=\"https:\/\/www.tvnovelas.com.br\/tvnews\/\" rel=\"noopener\" target=\"_blank\"><strong>\u00daltimas not\u00edcias das novelas<\/strong><\/a><\/br>\r\n<a href=\"https:\/\/www.tvnovelas.com.br\/filmes\/\" target=\"_blank\" rel=\"noopener noreferrer\"><strong>Programa\u00e7\u00e3o de filmes na TV aberta<\/strong><\/a><\/br>\r\n<a href=\"https:\/\/caetenews.com.br\/semana\/filmes-da-globo-na-sessao-da-tarde-desta-semana\/\" target=\"_blank\" rel=\"noopener\"><strong>Confira os filmes da semana na Sess\u00e3o da Tarde<\/strong><\/a><\/br>\r\n<a href=\"https:\/\/classindportal.mj.gov.br\/consulta-filmes\" target=\"_blank\" rel=\"noopener\"><strong>Consulte a classifica\u00e7\u00e3o indicativa dos filmes e novelas<\/strong><\/a><\/br><\/div>\n","protected":false},"excerpt":{"rendered":"<p>Dona de Mim: Filipa fica com a guarda de Sofia&#8230; Em Dona de Mim, Chega o dia da audi\u00eancia que vai decidir com quem Sofia (Elis Cabral) ir\u00e1 ficar&#8230;.<\/p>\n","protected":false},"author":1,"featured_media":84585,"comment_status":"closed","ping_status":"closed","sticky":false,"template":"","format":"standard","meta":{"_uf_show_specific_survey":0,"_uf_disable_surveys":false,"_jetpack_memberships_contains_paid_content":false,"footnotes":"","_wp_rev_ctl_limit":""},"categories":[884,353],"tags":[883,5,64],"class_list":["post-84583","post","type-post","status-publish","format-standard","has-post-thumbnail","hentry","category-dona-de-mim","category-resumos-de-novelas","tag-dona-de-mim","tag-globo","tag-novelas","wpcat-884-id","wpcat-353-id"],"aioseo_notices":[],"jetpack_featured_media_url":"https:\/\/i0.wp.com\/www.tvnovelas.com.br\/tvnews\/wp-content\/uploads\/2025\/10\/12266.jpg?fit=728%2C410&ssl=1","jetpack_shortlink":"https:\/\/wp.me\/pdP2BO-m0f","jetpack_sharing_enabled":true,"_links":{"self":[{"href":"https:\/\/www.tvnovelas.com.br\/tvnews\/wp-json\/wp\/v2\/posts\/84583","targetHints":{"allow":["GET"]}}],"collection":[{"href":"https:\/\/www.tvnovelas.com.br\/tvnews\/wp-json\/wp\/v2\/posts"}],"about":[{"href":"https:\/\/www.tvnovelas.com.br\/tvnews\/wp-json\/wp\/v2\/types\/post"}],"author":[{"embeddable":true,"href":"https:\/\/www.tvnovelas.com.br\/tvnews\/wp-json\/wp\/v2\/users\/1"}],"replies":[{"embeddable":true,"href":"https:\/\/www.tvnovelas.com.br\/tvnews\/wp-json\/wp\/v2\/comments?post=84583"}],"version-history":[{"count":2,"href":"https:\/\/www.tvnovelas.com.br\/tvnews\/wp-json\/wp\/v2\/posts\/84583\/revisions"}],"predecessor-version":[{"id":84586,"href":"https:\/\/www.tvnovelas.com.br\/tvnews\/wp-json\/wp\/v2\/posts\/84583\/revisions\/84586"}],"wp:featuredmedia":[{"embeddable":true,"href":"https:\/\/www.tvnovelas.com.br\/tvnews\/wp-json\/wp\/v2\/media\/84585"}],"wp:attachment":[{"href":"https:\/\/www.tvnovelas.com.br\/tvnews\/wp-json\/wp\/v2\/media?parent=84583"}],"wp:term":[{"taxonomy":"category","embeddable":true,"href":"https:\/\/www.tvnovelas.com.br\/tvnews\/wp-json\/wp\/v2\/categories?post=84583"},{"taxonomy":"post_tag","embeddable":true,"href":"https:\/\/www.tvnovelas.com.br\/tvnews\/wp-json\/wp\/v2\/tags?post=84583"}],"curies":[{"name":"wp","href":"https:\/\/api.w.org\/{rel}","templated":true}]}}